{"id":103,"date":"2023-10-19T09:57:00","date_gmt":"2023-10-19T07:57:00","guid":{"rendered":"http:\/\/juzbado.es\/nuevaweb\/2023\/10\/19\/raul-vacas-presenta-poemas-para-entrar-a-vivir\/"},"modified":"2023-10-19T09:57:00","modified_gmt":"2023-10-19T07:57:00","slug":"raul-vacas-presenta-poemas-para-entrar-a-vivir","status":"publish","type":"post","link":"https:\/\/juzbado.es\/nuevaweb\/2023\/10\/19\/raul-vacas-presenta-poemas-para-entrar-a-vivir\/","title":{"rendered":"RA\u00daL VACAS PRESENTA POEMAS PARA ENTRAR A VIVIR"},"content":{"rendered":"<p style=\"text-align: justify;\"><span style=\"font-family: arial;\"><span style=\"font-size: medium;\">El pr\u00f3ximo d\u00eda 24 de octubre es el <a href=\"https:\/\/www.culturaydeporte.gob.es\/cultura\/areas\/bibliotecas\/mc\/dia-bibliotecas-2023\/presentacion.html\" target=\"_blank\">D\u00eda de las Bibliotecas<\/a>.&nbsp; Lo queremos celebrar con <a href=\"http:\/\/raulvacaspolo.blogspot.com\/\" target=\"_blank\">Ra\u00fal Vacas<\/a> y su propuesta titulada \u00abPoemas para entrar a vivir\u00bb, inspirado en su \u00faltimo libro \u00ab27 casas, poemas para entrar a vivir\u00bb (La Guarida). Ser\u00e1 el pr\u00f3ximo s\u00e1bado 28 de octubre en Juzbado. Es una propuesta dirigida fundamentalmente al p\u00fablico infantil acompa\u00f1ado.<\/span><\/span><\/p>\n<p style=\"text-align: justify;\"><span style=\"font-family: arial;\"><span style=\"font-size: medium;\"><\/span><\/span><\/p>\n<div style=\"clear: both; text-align: center;\"><span style=\"font-size: medium;\"><a href=\"https:\/\/blogger.googleusercontent.com\/img\/b\/R29vZ2xl\/AVvXsEhGmN6qGmBU2zo1BTFXNyXJwnEkwkfEErgJumZmF6gCc5594K2DsRyWb3E4qXXiQYul6RY8p0jtLcao8QqAWv-GWj4v78xumiPovwo9kV8bOfqW9F-zwZTbMyrntlicW2y94r34Dq5yY7ZxewENNqSdNzQ03QFcJe8a3CTNOa1JXjOAJ0HJJCq7CHxPAqs\/s2480\/cartel%20ra%C3%BAl%20vacas%20oto%C3%B1o%202023.jpg\" style=\"margin-left: 1em; margin-right: 1em;\"><img loading=\"lazy\" decoding=\"async\" alt=\"Juzbado, Ra\u00fal Vacas, poemas para entrar a vivir\" border=\"0\" data-original-height=\"2480\" data-original-width=\"2480\" height=\"640\" src=\"https:\/\/blogger.googleusercontent.com\/img\/b\/R29vZ2xl\/AVvXsEhGmN6qGmBU2zo1BTFXNyXJwnEkwkfEErgJumZmF6gCc5594K2DsRyWb3E4qXXiQYul6RY8p0jtLcao8QqAWv-GWj4v78xumiPovwo9kV8bOfqW9F-zwZTbMyrntlicW2y94r34Dq5yY7ZxewENNqSdNzQ03QFcJe8a3CTNOa1JXjOAJ0HJJCq7CHxPAqs\/w640-h640\/cartel%20ra%C3%BAl%20vacas%20oto%C3%B1o%202023.jpg\" title=\"Juzbado, Ra\u00fal Vacas, poemas para entrar a vivir\" width=\"640\" \/><\/a><\/span><\/div>\n<p><\/p>\n","protected":false},"excerpt":{"rendered":"<p>El pr\u00f3ximo d\u00eda 24 de octubre es el D\u00eda de las Bibliotecas.&nbsp; Lo queremos celebrar con Ra\u00fal Vacas y su propuesta titulada \u00abPoemas para entrar a vivir\u00bb, inspirado en su \u00faltimo libro \u00ab27 casas, poemas para entrar a vivir\u00bb (La Guarida). Ser\u00e1 el pr\u00f3ximo s\u00e1bado 28 de octubre en Juzbado. Es una propuesta dirigida fundamentalmente [&hellip;]<\/p>\n","protected":false},"author":2,"featured_media":0,"comment_status":"open","ping_status":"open","sticky":false,"template":"","format":"standard","meta":{"saved_in_kubio":false,"footnotes":""},"categories":[24,231,325,324,292,293],"tags":[],"class_list":["post-103","post","type-post","status-publish","format-standard","hentry","category-biblioteca","category-biblioteca-municipal","category-dia-de-las-bibliotecas","category-infancia","category-libro-abierto","category-raul-vacas"],"_links":{"self":[{"href":"https:\/\/juzbado.es\/nuevaweb\/wp-json\/wp\/v2\/posts\/103","targetHints":{"allow":["GET"]}}],"collection":[{"href":"https:\/\/juzbado.es\/nuevaweb\/wp-json\/wp\/v2\/posts"}],"about":[{"href":"https:\/\/juzbado.es\/nuevaweb\/wp-json\/wp\/v2\/types\/post"}],"author":[{"embeddable":true,"href":"https:\/\/juzbado.es\/nuevaweb\/wp-json\/wp\/v2\/users\/2"}],"replies":[{"embeddable":true,"href":"https:\/\/juzbado.es\/nuevaweb\/wp-json\/wp\/v2\/comments?post=103"}],"version-history":[{"count":0,"href":"https:\/\/juzbado.es\/nuevaweb\/wp-json\/wp\/v2\/posts\/103\/revisions"}],"wp:attachment":[{"href":"https:\/\/juzbado.es\/nuevaweb\/wp-json\/wp\/v2\/media?parent=103"}],"wp:term":[{"taxonomy":"category","embeddable":true,"href":"https:\/\/juzbado.es\/nuevaweb\/wp-json\/wp\/v2\/categories?post=103"},{"taxonomy":"post_tag","embeddable":true,"href":"https:\/\/juzbado.es\/nuevaweb\/wp-json\/wp\/v2\/tags?post=103"}],"curies":[{"name":"wp","href":"https:\/\/api.w.org\/{rel}","templated":true}]}}