{"id":105,"date":"2023-10-19T09:34:00","date_gmt":"2023-10-19T07:34:00","guid":{"rendered":"http:\/\/juzbado.es\/nuevaweb\/2023\/10\/19\/pregon-de-las-fiestas-de-san-miguel-2023\/"},"modified":"2023-10-19T09:34:00","modified_gmt":"2023-10-19T07:34:00","slug":"pregon-de-las-fiestas-de-san-miguel-2023","status":"publish","type":"post","link":"https:\/\/juzbado.es\/nuevaweb\/2023\/10\/19\/pregon-de-las-fiestas-de-san-miguel-2023\/","title":{"rendered":"PREG\u00d3N DE LAS FIESTAS DE SAN MIGUEL 2023"},"content":{"rendered":"<p style=\"text-align: justify;\"><span style=\"font-size: medium;\"><span style=\"font-family: arial;\">El pasado d\u00eda 28 de septiembre,<br \/>\nv\u00edspera de San Miguel, nuestros queridos vecinos Pilar Romero y Mariano Dom\u00ednguez,<br \/>\ntuvieron el privilegio de realizar el preg\u00f3n de las Fiestas de San Miguel<br \/>\n2023.<span>&nbsp; <\/span>En un abarrotado sal\u00f3n de actos,<br \/>\ncon pa\u00f1oletas por todas partes, mayores y peque\u00f1os, <span>&nbsp;<\/span>juzbadinos y juzbadinas y muchos amigos del<br \/>\npueblo, acompa\u00f1aron a dos de nuestros vecinos m\u00e1s veteranos.<span>&nbsp; <\/span>Sus palabras de agradecimiento a unos y a<br \/>\notros, los recuerdos que compartieron de su infancia, de su juventud, fueron una delicia para todos.<span>&nbsp;&nbsp;<\/span><\/span><\/span><\/p>\n<p style=\"text-align: justify;\"><span style=\"font-size: medium;\"><span style=\"font-family: arial;\"><span><\/span><\/span><\/span><\/p>\n<div style=\"clear: both; text-align: center;\"><span style=\"font-size: medium;\"><a href=\"https:\/\/blogger.googleusercontent.com\/img\/b\/R29vZ2xl\/AVvXsEjK6YFIuKemirfwAktjhZEo0xPsqhAG2GMip7to4GhDs84YIhnuEoIvVe1llMjoboQAsijDgCcn0Eb1u8qj2gcoWZUW9vlXlytpt84H0BRqNcx6HrrGEfetBlT7gzICd_2K6JnG3zytAakRancBPZRxR1zrszCMVivAanZCmutvJGkeBB3eAHXWE_WddYY\/s4000\/1000081728-02-01.jpeg\" style=\"margin-left: 1em; margin-right: 1em;\"><img loading=\"lazy\" decoding=\"async\" border=\"0\" data-original-height=\"1848\" data-original-width=\"4000\" height=\"296\" src=\"https:\/\/blogger.googleusercontent.com\/img\/b\/R29vZ2xl\/AVvXsEjK6YFIuKemirfwAktjhZEo0xPsqhAG2GMip7to4GhDs84YIhnuEoIvVe1llMjoboQAsijDgCcn0Eb1u8qj2gcoWZUW9vlXlytpt84H0BRqNcx6HrrGEfetBlT7gzICd_2K6JnG3zytAakRancBPZRxR1zrszCMVivAanZCmutvJGkeBB3eAHXWE_WddYY\/w640-h296\/1000081728-02-01.jpeg\" width=\"640\" \/><\/a><\/span><\/div>\n<\/p>\n<p style=\"text-align: justify;\"><span style=\"font-size: medium;\"><span style=\"font-family: arial;\">En presencia de sus dos<br \/>\nhijos, Manuel y David, Mariano y Pilar contaron an\u00e9cdotas, recordaron a sus<br \/>\npersonas queridas, rememoraron efem\u00e9rides de Juzbado y agradecieron \u201cadentrarse<br \/>\nen el siglo XXI con ilusi\u00f3n\u201d.<span>&nbsp; <\/span>Pilar se<br \/>\nmostr\u00f3 \u201corgullosa de ver c\u00f3mo ha prosperado y se ha desarrollado mi pueblo;<br \/>\npues ha sido una transformaci\u00f3n total desde aquel pueblo que me vio nacer\u201d.<span>&nbsp; <\/span><span>&nbsp;<\/span>Mariano,<br \/>\nSoriano pero Juzbadino de adopci\u00f3n y concejal durante los \u00faltimos 14 a\u00f1os, destac\u00f3 \u201cla aportaci\u00f3n de aquellos<br \/>\nvecinos que con su entrega altruista contribuyen a mejorar la convivencia\u201d.&nbsp; A\u00f1adi\u00f3 que, por fortuna, \u201ctenemos muchas personas que con su aportaci\u00f3n y saber hacer<br \/>\ncontribuyen d\u00eda a d\u00eda a que todos disfrutemos de los peque\u00f1os acontecimientos<br \/>\nque discurren en Juzbado\u201d.<span>&nbsp;&nbsp;<\/span><\/span><\/span><\/p>\n<p style=\"text-align: justify;\"><span style=\"font-size: medium;\"><span style=\"font-family: arial;\"><span><\/span><\/span><\/span><\/p>\n<div style=\"clear: both; text-align: center;\"><span style=\"font-size: medium;\"><a href=\"https:\/\/blogger.googleusercontent.com\/img\/b\/R29vZ2xl\/AVvXsEjLXdrmGym58rdpOEjoD0Ffuj_U5wkJZ1v78Qs5uLZEtkWxgANpYfqXA6UqUhW_MTNZNss-eBruDfItM92ATzvKtsjYODsNbxiVOuQMLjyHUKYCKMVNoQCSaefk-rzaI2EBWXjrhtll4KY1LoE0AAysxEJqPzYEKecKgVCqpj8OiRcqC1eCSDNRMF-SlH4\/s4000\/1000081808-01-01.jpeg\" style=\"margin-left: 1em; margin-right: 1em;\"><img loading=\"lazy\" decoding=\"async\" border=\"0\" data-original-height=\"1848\" data-original-width=\"4000\" height=\"296\" src=\"https:\/\/blogger.googleusercontent.com\/img\/b\/R29vZ2xl\/AVvXsEjLXdrmGym58rdpOEjoD0Ffuj_U5wkJZ1v78Qs5uLZEtkWxgANpYfqXA6UqUhW_MTNZNss-eBruDfItM92ATzvKtsjYODsNbxiVOuQMLjyHUKYCKMVNoQCSaefk-rzaI2EBWXjrhtll4KY1LoE0AAysxEJqPzYEKecKgVCqpj8OiRcqC1eCSDNRMF-SlH4\/w640-h296\/1000081808-01-01.jpeg\" width=\"640\" \/><\/a><\/span><\/div>\n<p><span style=\"font-size: medium;\"><br \/><\/span><\/p>\n<p style=\"text-align: justify;\"><span style=\"font-size: medium;\"><span style=\"font-family: arial;\">Tras los sentidos y calurosos aplausos, los<br \/>\npregoneros entregaron el ramo y las bandas al mozo y la moza de las fiestas, V\u00edctor<br \/>\ny Luc\u00eda. Enhorabuena a todos ellos.<\/span><\/span><\/p>\n","protected":false},"excerpt":{"rendered":"<p>El pasado d\u00eda 28 de septiembre, v\u00edspera de San Miguel, nuestros queridos vecinos Pilar Romero y Mariano Dom\u00ednguez, tuvieron el privilegio de realizar el preg\u00f3n de las Fiestas de San Miguel 2023.&nbsp; En un abarrotado sal\u00f3n de actos, con pa\u00f1oletas por todas partes, mayores y peque\u00f1os, &nbsp;juzbadinos y juzbadinas y muchos amigos del pueblo, acompa\u00f1aron [&hellip;]<\/p>\n","protected":false},"author":2,"featured_media":0,"comment_status":"open","ping_status":"open","sticky":false,"template":"","format":"standard","meta":{"saved_in_kubio":false,"footnotes":""},"categories":[285,158,109,111,147,327,329,330,328],"tags":[],"class_list":["post-105","post","type-post","status-publish","format-standard","hentry","category-285","category-fiestas","category-fiestas-de-san-miguel","category-fiestas-patronales","category-mariano-dominguez","category-moza","category-mozo","category-pilar-romero","category-pregon"],"_links":{"self":[{"href":"https:\/\/juzbado.es\/nuevaweb\/wp-json\/wp\/v2\/posts\/105","targetHints":{"allow":["GET"]}}],"collection":[{"href":"https:\/\/juzbado.es\/nuevaweb\/wp-json\/wp\/v2\/posts"}],"about":[{"href":"https:\/\/juzbado.es\/nuevaweb\/wp-json\/wp\/v2\/types\/post"}],"author":[{"embeddable":true,"href":"https:\/\/juzbado.es\/nuevaweb\/wp-json\/wp\/v2\/users\/2"}],"replies":[{"embeddable":true,"href":"https:\/\/juzbado.es\/nuevaweb\/wp-json\/wp\/v2\/comments?post=105"}],"version-history":[{"count":0,"href":"https:\/\/juzbado.es\/nuevaweb\/wp-json\/wp\/v2\/posts\/105\/revisions"}],"wp:attachment":[{"href":"https:\/\/juzbado.es\/nuevaweb\/wp-json\/wp\/v2\/media?parent=105"}],"wp:term":[{"taxonomy":"category","embeddable":true,"href":"https:\/\/juzbado.es\/nuevaweb\/wp-json\/wp\/v2\/categories?post=105"},{"taxonomy":"post_tag","embeddable":true,"href":"https:\/\/juzbado.es\/nuevaweb\/wp-json\/wp\/v2\/tags?post=105"}],"curies":[{"name":"wp","href":"https:\/\/api.w.org\/{rel}","templated":true}]}}