{"id":107,"date":"2023-09-25T12:03:00","date_gmt":"2023-09-25T10:03:00","guid":{"rendered":"http:\/\/juzbado.es\/nuevaweb\/2023\/09\/25\/homenajes-para-el-recuerdo-en-juzbado\/"},"modified":"2023-09-25T12:03:00","modified_gmt":"2023-09-25T10:03:00","slug":"homenajes-para-el-recuerdo-en-juzbado","status":"publish","type":"post","link":"https:\/\/juzbado.es\/nuevaweb\/2023\/09\/25\/homenajes-para-el-recuerdo-en-juzbado\/","title":{"rendered":"HOMENAJES PARA EL RECUERDO EN JUZBADO"},"content":{"rendered":"<p style=\"text-align: justify;\"><span style=\"font-family: arial;\"><span style=\"font-size: medium;\">Las fiestas de los mayores que cada a\u00f1o organiza la Asociaci\u00f3n de mayores de Juzbado incluyen en su programaci\u00f3n el reconocimiento a aquellos vecinos que celebran sus bodas de oro. Este a\u00f1o hemos tenido la suerte de conmemorar con ellos los 50 a\u00f1os de casados de Vicente y Adelaida y escuchar juntos las cari\u00f1osas palabras de sus hermanas durante el vino de honor.&nbsp; Son momentos emocionantes con hijos y nietos que retendremos en nuestras retinas para siempre.&nbsp;&nbsp;<\/span><\/span><\/p>\n<p style=\"text-align: justify;\"><span style=\"font-family: arial;\"><span style=\"font-size: medium;\">&nbsp;<\/span><\/span><\/p>\n<table align=\"center\" cellpadding=\"0\" cellspacing=\"0\" style=\"margin-left: auto; margin-right: auto;\">\n<tbody>\n<tr>\n<td style=\"text-align: center;\"><a href=\"https:\/\/blogger.googleusercontent.com\/img\/b\/R29vZ2xl\/AVvXsEif7vu7EebNDce1nl_nq_A_o-Od8SMmlilnBGXwxF0CQdoepHT2jtQBsifkp0zAk8c0BW9cDLblUPZqAGsw8U3oHFdgOIa2rxVvtSN0BADNIpt4Hcsg8Y4ocmnJyeBpEqVKwm921dV2lED-JMm3Nz8AhcRCv3vDzv4Fhp-Erp3aqQXCiLR8Q4R5yjGH4VM\/s1600\/WhatsApp%20Image%202023-10-20%20at%2013.11.41.jpeg\" style=\"margin-left: auto; margin-right: auto;\"><img loading=\"lazy\" decoding=\"async\" alt=\"Juzbado, vicente y Adelaida, fiestas de los mayores 2023\" border=\"0\" data-original-height=\"1066\" data-original-width=\"1600\" height=\"426\" src=\"https:\/\/blogger.googleusercontent.com\/img\/b\/R29vZ2xl\/AVvXsEif7vu7EebNDce1nl_nq_A_o-Od8SMmlilnBGXwxF0CQdoepHT2jtQBsifkp0zAk8c0BW9cDLblUPZqAGsw8U3oHFdgOIa2rxVvtSN0BADNIpt4Hcsg8Y4ocmnJyeBpEqVKwm921dV2lED-JMm3Nz8AhcRCv3vDzv4Fhp-Erp3aqQXCiLR8Q4R5yjGH4VM\/w640-h426\/WhatsApp%20Image%202023-10-20%20at%2013.11.41.jpeg\" title=\"Juzbado, vicente y Adelaida, fiestas de los mayores 2023\" width=\"640\" \/><\/a><\/td>\n<\/tr>\n<tr>\n<td style=\"text-align: center;\"><span style=\"font-family: arial;\">Las hermanas de la homenajeada dedican unas palabras a la pareja. Foto: Miguel A. Miguel<\/span><\/td>\n<\/tr>\n<\/tbody>\n<\/table>\n<div style=\"clear: both; text-align: center;\"><span style=\"font-size: medium;\"><\/span><\/div>\n<p><span style=\"font-size: medium;\"><\/p>\n<table align=\"center\" cellpadding=\"0\" cellspacing=\"0\" style=\"margin-left: auto; margin-right: auto;\">\n<tbody>\n<tr>\n<td style=\"text-align: center;\"><a href=\"https:\/\/blogger.googleusercontent.com\/img\/b\/R29vZ2xl\/AVvXsEiXz_eacXg_hVXhYgSRrRwupUhHbs9oaARL28SNU6SI0u0yLWLavQcgTCQM1sq0RZFQvLRU23ofemYEowZyDeMoLJ5-y0XnH3OG3h1SDcmJRisU8bQQFzogtU08QXhmgeY6CzT5ZmMETPww3hRiV-G15DsJBw07NyK_U39B03BO5tqpfk5GXUzz30XXPCE\/s1600\/WhatsApp%20Image%202023-10-20%20at%2013.11.32.jpeg\" style=\"margin-left: auto; margin-right: auto;\"><img loading=\"lazy\" decoding=\"async\" alt=\"Juzbado, vicente y Adelaida, fiestas de los mayores 2023\" border=\"0\" data-original-height=\"1066\" data-original-width=\"1600\" height=\"426\" src=\"https:\/\/blogger.googleusercontent.com\/img\/b\/R29vZ2xl\/AVvXsEiXz_eacXg_hVXhYgSRrRwupUhHbs9oaARL28SNU6SI0u0yLWLavQcgTCQM1sq0RZFQvLRU23ofemYEowZyDeMoLJ5-y0XnH3OG3h1SDcmJRisU8bQQFzogtU08QXhmgeY6CzT5ZmMETPww3hRiV-G15DsJBw07NyK_U39B03BO5tqpfk5GXUzz30XXPCE\/w640-h426\/WhatsApp%20Image%202023-10-20%20at%2013.11.32.jpeg\" title=\"Juzbado, vicente y Adelaida, fiestas de los mayores 2023\" width=\"640\" \/><\/a><\/td>\n<\/tr>\n<tr>\n<td style=\"text-align: center;\"><span style=\"font-family: arial;\"><span style=\"font-size: small;\">Faustino entrega un obsequio de Vicente y Adelaida. Foto: Miguel A. Miguel<\/span><\/span><\/td>\n<\/tr>\n<\/tbody>\n<\/table>\n<p><\/span><\/p>\n<p style=\"text-align: justify;\"><span style=\"font-family: arial;\"><span style=\"font-size: medium;\">Otro de los pasajes m\u00e1s emotivos de las fiesta es recordar a los que ya no est\u00e1n con nosotros. Este a\u00f1o tambi\u00e9n nos hemos detenido en recordar a nuestros vecinos queridos que por su avanzada edad y estado de salud, viven en residencias.&nbsp; Es el caso de Rufino y Esther, Pilar y Marcial o de Bili o Aurora, que nos han acompa\u00f1ado en el pueblo toda la vida hasta fechas muy recientes. Sus hijos y allegados tuvieron unas amables palabras de agradecimiento ante el gesto de la Asociaci\u00f3n. Desde aqu\u00ed agradecemos a todos los vecinos estas fiestas, encuentros y recuerdos.<\/span><\/span><\/p>\n","protected":false},"excerpt":{"rendered":"<p>Las fiestas de los mayores que cada a\u00f1o organiza la Asociaci\u00f3n de mayores de Juzbado incluyen en su programaci\u00f3n el reconocimiento a aquellos vecinos que celebran sus bodas de oro. Este a\u00f1o hemos tenido la suerte de conmemorar con ellos los 50 a\u00f1os de casados de Vicente y Adelaida y escuchar juntos las cari\u00f1osas palabras [&hellip;]<\/p>\n","protected":false},"author":2,"featured_media":0,"comment_status":"open","ping_status":"open","sticky":false,"template":"","format":"standard","meta":{"saved_in_kubio":false,"footnotes":""},"categories":[335,6,336,46,337,73,108],"tags":[],"class_list":["post-107","post","type-post","status-publish","format-standard","hentry","category-adelaida-y-vicente","category-asociacion-de-mayores","category-bili","category-faustino-iglesias","category-pilar-y-marcial","category-rufino-y-esther","category-septiembre"],"_links":{"self":[{"href":"https:\/\/juzbado.es\/nuevaweb\/wp-json\/wp\/v2\/posts\/107","targetHints":{"allow":["GET"]}}],"collection":[{"href":"https:\/\/juzbado.es\/nuevaweb\/wp-json\/wp\/v2\/posts"}],"about":[{"href":"https:\/\/juzbado.es\/nuevaweb\/wp-json\/wp\/v2\/types\/post"}],"author":[{"embeddable":true,"href":"https:\/\/juzbado.es\/nuevaweb\/wp-json\/wp\/v2\/users\/2"}],"replies":[{"embeddable":true,"href":"https:\/\/juzbado.es\/nuevaweb\/wp-json\/wp\/v2\/comments?post=107"}],"version-history":[{"count":0,"href":"https:\/\/juzbado.es\/nuevaweb\/wp-json\/wp\/v2\/posts\/107\/revisions"}],"wp:attachment":[{"href":"https:\/\/juzbado.es\/nuevaweb\/wp-json\/wp\/v2\/media?parent=107"}],"wp:term":[{"taxonomy":"category","embeddable":true,"href":"https:\/\/juzbado.es\/nuevaweb\/wp-json\/wp\/v2\/categories?post=107"},{"taxonomy":"post_tag","embeddable":true,"href":"https:\/\/juzbado.es\/nuevaweb\/wp-json\/wp\/v2\/tags?post=107"}],"curies":[{"name":"wp","href":"https:\/\/api.w.org\/{rel}","templated":true}]}}