{"id":109,"date":"2023-09-14T12:27:00","date_gmt":"2023-09-14T10:27:00","guid":{"rendered":"http:\/\/juzbado.es\/nuevaweb\/2023\/09\/14\/fiestas-de-los-mayores-2023\/"},"modified":"2023-09-14T12:27:00","modified_gmt":"2023-09-14T10:27:00","slug":"fiestas-de-los-mayores-2023","status":"publish","type":"post","link":"https:\/\/juzbado.es\/nuevaweb\/2023\/09\/14\/fiestas-de-los-mayores-2023\/","title":{"rendered":"FIESTAS DE LOS MAYORES 2023"},"content":{"rendered":"<p style=\"text-align: justify;\"><span style=\"font-family: arial;\"><span style=\"font-size: medium;\">Os presentamos la programaci\u00f3n de las Fiestas de los Mayores 2023 que, como sab\u00e9is se viene celebrando desde hace a\u00f1os y son el anticipo de las Fiestas Mayores de San Miguel.&nbsp;<\/span><\/span><\/p>\n<p><xml><\/p>\n<p><\/xml><\/p>\n<p><span style=\"font-family: arial; font-size: medium;\"><b>S\u00c1BADO 16:<\/b><\/span><\/p>\n<p><span style=\"font-family: arial; font-size: medium;\">18:00 h. Misa por todos los difuntos de la Asoc. de Mayores.<\/span><\/p>\n<p><span style=\"font-family: arial; font-size: medium;\"><b>S\u00c1BADO 23<\/b>: <\/span><\/p>\n<p><span style=\"font-family: arial; font-size: medium;\">18:00 h. GRAN CHOCOLATADA con bizcochos (por cortes\u00eda de<br \/>\nCHOCOLATER\u00cdA VALOR)<\/span><\/p>\n<p><span style=\"font-family: arial; font-size: medium;\">19:30 h. BINGO para todos los p\u00fablicos con regalos en el<br \/>\nsal\u00f3n de actos del ayuntamiento.<\/span><\/p>\n<p><span style=\"font-family: arial; font-size: medium;\"><b>DOMINGO 24:<\/b><\/span><\/p>\n<p><span style=\"font-family: arial; font-size: medium;\">11:00 h. Misa solemne de los mayores en compa\u00f1\u00eda de hijos y<br \/>\nnietos.<span>&nbsp; <\/span>El grupo de BAILES CHARROS DE<br \/>\nJUZBADO acompa\u00f1ar\u00e1 a la iglesia al matrimonio por sus bodas de oro.<\/span><\/p>\n<p><span style=\"font-family: arial; font-size: medium;\">Al finalizar la misa, bailes charros en la plaza. A<br \/>\ncontinuaci\u00f3n, VINO DE HONOR en el sal\u00f3n de actos del Ayuntamiento y homenaje al<br \/>\nmatrimonio juzbadino por sus bodas de oro y distinciones a cuatro juzbadinos<br \/>\nmayores de nuestra asociaci\u00f3n.<\/span><\/p>\n<p><span style=\"font-family: arial; font-size: medium;\">18:30 h. Actuaci\u00f3n del grupo Sones Trianeros (Sevillanas) en<br \/>\nel sal\u00f3n de actos.<span>&nbsp; <\/span>\u00a1Contamos con vuestra<br \/>\ncompa\u00f1\u00eda!<\/span><\/p>\n<div style=\"clear: both; text-align: center;\"><a href=\"https:\/\/blogger.googleusercontent.com\/img\/b\/R29vZ2xl\/AVvXsEiat7KbjA1djxwVqIuYFvD_ngYAdAFiPAZ-2HMmLHEbHXdU3qwLV6tOYO6Mr3gLJ8mSaIGOjFAzP_DjAdQH3tOQ6xaZ61S2feltYGiZJHz9JO9wz9FgJqqHwzVPWwXbEO2hk8GcosP86_SEcLDEwbrVTEwSIIyWqcVPX4hYxP6HrdeNixZi-T5_SnghcPo\/s1754\/cartel%20fiestas%20mayores%202023.jpg\" style=\"margin-left: 1em; margin-right: 1em;\"><img loading=\"lazy\" decoding=\"async\" alt=\"Juzbado, Fiestas de los Mayores 2023\" border=\"0\" data-original-height=\"1754\" data-original-width=\"1240\" height=\"640\" src=\"https:\/\/blogger.googleusercontent.com\/img\/b\/R29vZ2xl\/AVvXsEiat7KbjA1djxwVqIuYFvD_ngYAdAFiPAZ-2HMmLHEbHXdU3qwLV6tOYO6Mr3gLJ8mSaIGOjFAzP_DjAdQH3tOQ6xaZ61S2feltYGiZJHz9JO9wz9FgJqqHwzVPWwXbEO2hk8GcosP86_SEcLDEwbrVTEwSIIyWqcVPX4hYxP6HrdeNixZi-T5_SnghcPo\/w452-h640\/cartel%20fiestas%20mayores%202023.jpg\" title=\"Juzbado, Fiestas de los Mayores 2023\" width=\"452\" \/><\/a><\/div>\n<p><\/p>\n","protected":false},"excerpt":{"rendered":"<p>Os presentamos la programaci\u00f3n de las Fiestas de los Mayores 2023 que, como sab\u00e9is se viene celebrando desde hace a\u00f1os y son el anticipo de las Fiestas Mayores de San Miguel.&nbsp; S\u00c1BADO 16: 18:00 h. Misa por todos los difuntos de la Asoc. de Mayores. S\u00c1BADO 23: 18:00 h. GRAN CHOCOLATADA con bizcochos (por cortes\u00eda [&hellip;]<\/p>\n","protected":false},"author":2,"featured_media":0,"comment_status":"open","ping_status":"open","sticky":false,"template":"","format":"standard","meta":{"saved_in_kubio":false,"footnotes":""},"categories":[285,6,158,114,338,108],"tags":[],"class_list":["post-109","post","type-post","status-publish","format-standard","hentry","category-285","category-asociacion-de-mayores","category-fiestas","category-fiestas-de-mayores","category-grupo-de-bailes-charros","category-septiembre"],"_links":{"self":[{"href":"https:\/\/juzbado.es\/nuevaweb\/wp-json\/wp\/v2\/posts\/109","targetHints":{"allow":["GET"]}}],"collection":[{"href":"https:\/\/juzbado.es\/nuevaweb\/wp-json\/wp\/v2\/posts"}],"about":[{"href":"https:\/\/juzbado.es\/nuevaweb\/wp-json\/wp\/v2\/types\/post"}],"author":[{"embeddable":true,"href":"https:\/\/juzbado.es\/nuevaweb\/wp-json\/wp\/v2\/users\/2"}],"replies":[{"embeddable":true,"href":"https:\/\/juzbado.es\/nuevaweb\/wp-json\/wp\/v2\/comments?post=109"}],"version-history":[{"count":0,"href":"https:\/\/juzbado.es\/nuevaweb\/wp-json\/wp\/v2\/posts\/109\/revisions"}],"wp:attachment":[{"href":"https:\/\/juzbado.es\/nuevaweb\/wp-json\/wp\/v2\/media?parent=109"}],"wp:term":[{"taxonomy":"category","embeddable":true,"href":"https:\/\/juzbado.es\/nuevaweb\/wp-json\/wp\/v2\/categories?post=109"},{"taxonomy":"post_tag","embeddable":true,"href":"https:\/\/juzbado.es\/nuevaweb\/wp-json\/wp\/v2\/tags?post=109"}],"curies":[{"name":"wp","href":"https:\/\/api.w.org\/{rel}","templated":true}]}}