{"id":110,"date":"2023-09-06T15:59:00","date_gmt":"2023-09-06T13:59:00","guid":{"rendered":"http:\/\/juzbado.es\/nuevaweb\/2023\/09\/06\/la-biblioteca-municipal-de-juzbado-premio-maria-moliner-2023\/"},"modified":"2023-09-06T15:59:00","modified_gmt":"2023-09-06T13:59:00","slug":"la-biblioteca-municipal-de-juzbado-premio-maria-moliner-2023","status":"publish","type":"post","link":"https:\/\/juzbado.es\/nuevaweb\/2023\/09\/06\/la-biblioteca-municipal-de-juzbado-premio-maria-moliner-2023\/","title":{"rendered":"LA BIBLIOTECA MUNICIPAL DE JUZBADO PREMIO MAR\u00cdA MOLINER 2023"},"content":{"rendered":"<div>\n<p style=\"text-align: justify;\"><span style=\"font-size: medium;\"><b style=\"font-family: arial;\">La biblioteca municipal de Juzbado<br \/>\nha sido reconocida por la Direcci\u00f3n General del Libro del <a href=\"https:\/\/www.culturaydeporte.gob.es\/portada.html\" target=\"_blank\">Ministerio de Cultura y Deporte<\/a> como beneficiaria de uno de los diez premios del Concurso de<br \/>\nanimaci\u00f3n a la lectura Mar\u00eda Moliner en municipios menores de 50.000 habitantes<br \/>\ncorrespondiente al a\u00f1o 2023.<span>&nbsp; <\/span>Se trata de<br \/>\nun reconocimiento a los 15 a\u00f1os de trayectoria de esta activa biblioteca rural<br \/>\ny a su programa pionero titulado Juzbado Libro Abierto.<\/b><\/span><\/p>\n<p style=\"text-align: justify;\"><span style=\"font-size: medium;\"><b style=\"font-family: arial;\">&nbsp;<\/b><\/span><\/p>\n<table align=\"center\" cellpadding=\"0\" cellspacing=\"0\" style=\"margin-left: auto; margin-right: auto;\">\n<tbody>\n<tr>\n<td style=\"text-align: center;\"><a href=\"https:\/\/blogger.googleusercontent.com\/img\/b\/R29vZ2xl\/AVvXsEjahZEU72WHYiiFzvdpdSONTsKP6FJwVjQuUWHa9CM2PRvT_q6Ok_PL3i7YdEI-jnvX3wur9beqjG4RkS5Rm720yGvzDYprEjunGHYY5hvKrEsHnx42dkewFZWft7rq6k77xS_21C6_w2UOUIWl5NS_CxMHviJV2qaXbakwdT_KKgwqnk8jyoGGxeukvq8\/s4000\/6_Propuesta%20participativa%20entre%20los%20m%C3%A1s%20peque%C3%B1os%20durante%20una%20de%20las%20biblioma%C3%B1anas%20de%20la%20%C3%A9poca%20estival.jpg\" style=\"margin-left: auto; margin-right: auto;\"><img loading=\"lazy\" decoding=\"async\" border=\"0\" data-original-height=\"1848\" data-original-width=\"4000\" height=\"296\" src=\"https:\/\/blogger.googleusercontent.com\/img\/b\/R29vZ2xl\/AVvXsEjahZEU72WHYiiFzvdpdSONTsKP6FJwVjQuUWHa9CM2PRvT_q6Ok_PL3i7YdEI-jnvX3wur9beqjG4RkS5Rm720yGvzDYprEjunGHYY5hvKrEsHnx42dkewFZWft7rq6k77xS_21C6_w2UOUIWl5NS_CxMHviJV2qaXbakwdT_KKgwqnk8jyoGGxeukvq8\/w640-h296\/6_Propuesta%20participativa%20entre%20los%20m%C3%A1s%20peque%C3%B1os%20durante%20una%20de%20las%20biblioma%C3%B1anas%20de%20la%20%C3%A9poca%20estival.jpg\" width=\"640\" \/><\/a><\/td>\n<\/tr>\n<tr>\n<td style=\"text-align: center;\">Propuesta participativa entre los m\u00e1s peque\u00f1os durante una de las biblioma\u00f1anas de la \u00e9poca estival.<\/td>\n<\/tr>\n<\/tbody>\n<\/table>\n<p><span style=\"font-size: medium;\"><span><a name='more'><\/a><\/span><b style=\"font-family: arial;\"><br \/><\/b><\/span><\/p>\n<p style=\"text-align: justify;\"><span style=\"font-size: medium;\"><span style=\"font-family: arial;\">La biblioteca municipal de<br \/>\nJuzbado abri\u00f3 sus puertas en el a\u00f1o 2008. Desde entonces esta peque\u00f1a y discreta<br \/>\npero activa biblioteca rural ha promovido y acompa\u00f1ado a sus vecinos y<br \/>\nvisitantes en la necesidad de leer y en todo aquello que promueva la<br \/>\nsensibilizaci\u00f3n por la lectura.<span>&nbsp; <\/span>Entre<br \/>\nlas m\u00faltiples facetas de esta biblioteca rural con una vocaci\u00f3n reivindicativa,<br \/>\ncreativa y vanguardista, figuran encuentros vecinales de muy diversa<br \/>\nnaturaleza, presentaciones de libros o propuestas experimentales de<br \/>\nparticipaci\u00f3n y di\u00e1logo con las artes pl\u00e1sticas, humanistas o art\u00edsticas.<span>&nbsp; <\/span>Adem\u00e1s, la biblioteca tiene entre sus<br \/>\nhaberes, la creaci\u00f3n del programa po\u00e9tico <a href=\"https:\/\/juzbado.blogspot.com\/p\/libro-abierto.html\" target=\"_blank\">Juzbado Libro Abierto<\/a>, una propuesta cultural<br \/>\nin\u00e9dita en nuestra comunidad a trav\u00e9s de la cu\u00e1l han visitado Juzbado y a sus no<br \/>\nm\u00e1s de 200 habitantes, m\u00e1s de una veintena de poetas de la literatura hispanoamericana.<span>&nbsp;<\/span><\/span><\/span><\/p>\n<p style=\"text-align: justify;\"><span style=\"font-size: medium;\"><span style=\"font-family: arial;\"><span><br \/><\/span><\/span><\/span><\/p>\n<table align=\"center\" cellpadding=\"0\" cellspacing=\"0\" style=\"margin-left: auto; margin-right: auto;\">\n<tbody>\n<tr>\n<td style=\"text-align: center;\"><a href=\"https:\/\/blogger.googleusercontent.com\/img\/b\/R29vZ2xl\/AVvXsEiHs0rcdJD0WJUqy4JlHGIPbnmKW-jAo39PTbQ615udeyk-HjA3fyAFNP-9CouTT4Lka-BDgq6LtBUP1sdnc9INtdZzdf2Xq1FPWKPypHuwW9Oyc97IXJPNV6eUYlwOknjY1_J2nN47vy0a0vlCSHHEh3cAF5aISNGd9gYEtRYLZs3GTpaSu0IA1qemkFM\/s4032\/5_%20La%20editora%20portuguesa%20Elsa%20Ligeiro%20invita%20a%20un%20vecino%20a%20leer%20en%20portugu%C3%A9s%20durante%20uno%20de%20los%20encuentros%20literarios..jpeg\" style=\"margin-left: auto; margin-right: auto;\"><img loading=\"lazy\" decoding=\"async\" border=\"0\" data-original-height=\"1816\" data-original-width=\"4032\" height=\"288\" src=\"https:\/\/blogger.googleusercontent.com\/img\/b\/R29vZ2xl\/AVvXsEiHs0rcdJD0WJUqy4JlHGIPbnmKW-jAo39PTbQ615udeyk-HjA3fyAFNP-9CouTT4Lka-BDgq6LtBUP1sdnc9INtdZzdf2Xq1FPWKPypHuwW9Oyc97IXJPNV6eUYlwOknjY1_J2nN47vy0a0vlCSHHEh3cAF5aISNGd9gYEtRYLZs3GTpaSu0IA1qemkFM\/w640-h288\/5_%20La%20editora%20portuguesa%20Elsa%20Ligeiro%20invita%20a%20un%20vecino%20a%20leer%20en%20portugu%C3%A9s%20durante%20uno%20de%20los%20encuentros%20literarios..jpeg\" width=\"640\" \/><\/a><\/td>\n<\/tr>\n<tr>\n<td style=\"text-align: center;\">La editora portuguesa Elsa Ligeiro invita a un Juan Antonio a leer en portugu\u00e9s durante uno de los encuentros literarios.<\/td>\n<\/tr>\n<\/tbody>\n<\/table>\n<p><span style=\"font-size: medium;\"><span style=\"font-family: arial;\"><span><br \/><\/span><\/span><\/span><\/div>\n<div style=\"text-align: justify;\"><span style=\"font-size: medium;\"><span style=\"font-family: arial;\">Tras 15 a\u00f1os de trayectoria<br \/>\nininterrumpida con las puertas abiertas en los fr\u00edos y largos inviernos o en<br \/>\nlos calurosos veranos, la biblioteca de Juzbado ha brindado un servicio a su<br \/>\ncomunidad a trav\u00e9s de originales propuestas participativas y culturales.<span>&nbsp; <\/span>Encontramos buenos ejemplos en las <a href=\"https:\/\/juzbado.blogspot.com\/2022\/06\/juzbado-es-una-de-las-sedes-del-dia-de.html\" target=\"_blank\">lecturas vecinales de autores portugueses<\/a>, talleres de radio infantil y decoraci\u00f3n de libros o,<br \/>\nsin ir m\u00e1s lejos, en la reciente creaci\u00f3n de una <i>juegoteca<\/i>.<span>&nbsp; <\/span>A todo ello hay que sumar la visita anual de<br \/>\npoetas renombrados como <a href=\"https:\/\/juzbado.blogspot.com\/2023\/04\/ida-vitale-visita-juzbado-por-tercera.html\" target=\"_blank\">la reciente de Ida Vitale<\/a> que, a sus 99 a\u00f1os y tras una<br \/>\ngira europea, recal\u00f3 en Juzbado para inaugurar m\u00e1s placas de bronce troqueladas<br \/>\ncon sus poemas.<span>&nbsp; <\/span>Ya son m\u00e1s de una<br \/>\ncincuentena de poemas y 15 a\u00f1os de encuentros po\u00e9ticos. <span>&nbsp;<\/span>Nos acordamos ahora de Antonio Gamoneda, Juan<br \/>\nCarlos Mestre, Chantal Maillard, Francisco Brines, Antonio Colinas, por poner<br \/>\nsolo algunos ejemplos de Premios Cervantes y Premios Reina Sof\u00eda de Poes\u00eda Iberoamericana.<\/span><\/span><\/div>\n<\/p>\n<p style=\"text-align: justify;\"><span style=\"font-size: medium;\"><span style=\"font-family: arial;\"><\/span><\/span><\/p>\n<table align=\"center\" cellpadding=\"0\" cellspacing=\"0\" style=\"margin-left: auto; margin-right: auto;\">\n<tbody>\n<tr>\n<td style=\"text-align: center;\"><a href=\"https:\/\/blogger.googleusercontent.com\/img\/b\/R29vZ2xl\/AVvXsEg3cUsJvpdsRtcHMi2B8T2SwzhrnJQJE4wbGVb1FLNBQgJRGCyP8jKqO90yE0OpsryE8kr8NeUh13vjjxe1fqM-ywfDuRG_9qltMRGSDz6no2mrdIEJvPgTneS1RQdvxWLfMZwGMHEcILnt3DGe2S-45WNFlKQNC9b3mSbf-m3B754Qdg86qJwyKphtat0\/s2790\/4_Acciones%20intergeneracionales%20vinculadas%20a%20la%20Biblioteca%20durante%20el%20programa%20de%20intervenci%C3%B3n%20art%C3%ADstica%20en%20el%20mobiliario%20p%C3%BAblica%20durante%20%20el%20verano..jpeg\" style=\"margin-left: auto; margin-right: auto;\"><img loading=\"lazy\" decoding=\"async\" border=\"0\" data-original-height=\"1848\" data-original-width=\"2790\" height=\"424\" src=\"https:\/\/blogger.googleusercontent.com\/img\/b\/R29vZ2xl\/AVvXsEg3cUsJvpdsRtcHMi2B8T2SwzhrnJQJE4wbGVb1FLNBQgJRGCyP8jKqO90yE0OpsryE8kr8NeUh13vjjxe1fqM-ywfDuRG_9qltMRGSDz6no2mrdIEJvPgTneS1RQdvxWLfMZwGMHEcILnt3DGe2S-45WNFlKQNC9b3mSbf-m3B754Qdg86qJwyKphtat0\/w640-h424\/4_Acciones%20intergeneracionales%20vinculadas%20a%20la%20Biblioteca%20durante%20el%20programa%20de%20intervenci%C3%B3n%20art%C3%ADstica%20en%20el%20mobiliario%20p%C3%BAblica%20durante%20%20el%20verano..jpeg\" width=\"640\" \/><\/a><\/td>\n<\/tr>\n<tr>\n<td style=\"text-align: center;\">Los participantes posan durante una de las acciones intergeneracionales vinculadas a la Biblioteca durante el programa de intervenci\u00f3n art\u00edstica en el mobiliario p\u00fablica durante&nbsp; el verano.<\/td>\n<\/tr>\n<\/tbody>\n<\/table>\n<p><span style=\"font-size: medium;\"><span style=\"font-family: arial;\">&nbsp;<\/span><\/span><\/p>\n<p style=\"text-align: justify;\"><span style=\"font-size: medium;\"><span style=\"font-family: arial;\">Junto a la <a href=\"https:\/\/bibliotecafromista.wordpress.com\/\" target=\"_blank\">Biblioteca municipal de Fr\u00f3mista<\/a>, a la que desde aqu\u00ed damos p\u00fablicamente la enhorabuena, han sido las \u00fanicas<br \/>\nagraciadas con este prestigioso reconocimiento en Castilla y Le\u00f3n.<span>&nbsp; <\/span>Desde aqu\u00ed agradecemos este premio el <a href=\"https:\/\/www.culturaydeporte.gob.es\/portada.html\" target=\"_blank\">Ministerio de Cultura y Deporte<\/a> y, muy especialmente, a todos los vecinos y amigos de Juzbado que,<br \/>\ncon su ayuda y contribuci\u00f3n a la mejora y funcionamiento de nuestra biblioteca<br \/>\nvecinal, merecen igualmente este premio.&nbsp;<\/span><\/span><\/p>\n<p style=\"text-align: justify;\"><span style=\"font-size: medium;\"><span style=\"font-family: arial;\">Prensa:<\/span><\/span><\/p>\n<p style=\"text-align: justify;\"><span style=\"font-size: medium;\"><span style=\"font-family: arial;\"><a href=\"https:\/\/salamancartvaldia.es\/noticia\/2020-11-19-premio-maria-moliner-a-la-biblioteca-de-juzbado-17333\" target=\"_blank\">Premio Mar\u00eda Moliner a la Biblioteca de Juzbado&nbsp;<\/a><\/span><\/span><\/p>\n<p style=\"text-align: justify;\"><a href=\"https:\/\/www.lagacetadesalamanca.es\/provincia\/biblioteca-juzbado-mejores-pais-animacion-lectura-20230811200736-nt.html\" target=\"_blank\"><span style=\"font-size: medium;\"><span style=\"font-family: arial;\">La biblioteca de Jubzado, entre las 10 mejores del pa\u00eds en animaci\u00f3n a la lectura <br \/><\/span><\/span><\/a><\/p>\n<p style=\"text-align: justify;\"><span style=\"font-size: medium;\"><span style=\"font-family: arial;\"><a href=\"https:\/\/www.salamanca24horas.com\/provincia\/ledesma-campo-charro\/ministerio-cultura-deporte-premia-29-bibliotecas-municipales-comunidad-entre-ellas-juzbado_15086483_102.html\" target=\"_blank\">El Ministerio de Cultura y Deporte premia a 29 bibliotecas municipales de la comunidad, entre ellas a la de Juzbado.<\/a>&nbsp;<\/span><\/span><\/p>\n<p style=\"text-align: justify;\"><span style=\"font-size: medium;\"><span style=\"font-family: arial;\"><a href=\"https:\/\/www.lavanguardia.com\/vida\/20230811\/9163296\/cultura-premia-dos-proyectos-bibliotecas-juzbado-salamanca-fromista-palencia.html\" target=\"_blank\">Cultura premia a dos proyectos de bibliotecas de Juzbado (Salmanca) y Fr\u00f3mista (Palencia)<\/a> <br \/><\/span><\/span><\/p>\n","protected":false},"excerpt":{"rendered":"<p>La biblioteca municipal de Juzbado ha sido reconocida por la Direcci\u00f3n General del Libro del Ministerio de Cultura y Deporte como beneficiaria de uno de los diez premios del Concurso de animaci\u00f3n a la lectura Mar\u00eda Moliner en municipios menores de 50.000 habitantes correspondiente al a\u00f1o 2023.&nbsp; Se trata de un reconocimiento a los 15 [&hellip;]<\/p>\n","protected":false},"author":2,"featured_media":0,"comment_status":"open","ping_status":"open","sticky":false,"template":"","format":"standard","meta":{"saved_in_kubio":false,"footnotes":""},"categories":[167,177,231,341,340,292,220,267,339],"tags":[],"class_list":["post-110","post","type-post","status-publish","format-standard","hentry","category-bibliomananas","category-bibliopiscina","category-biblioteca-municipal","category-biblioteca-torrente-ballester","category-juzbado-libro-abierto","category-libro-abierto","category-maria-moliner","category-premio-maria-moliner","category-verano-2023"],"_links":{"self":[{"href":"https:\/\/juzbado.es\/nuevaweb\/wp-json\/wp\/v2\/posts\/110","targetHints":{"allow":["GET"]}}],"collection":[{"href":"https:\/\/juzbado.es\/nuevaweb\/wp-json\/wp\/v2\/posts"}],"about":[{"href":"https:\/\/juzbado.es\/nuevaweb\/wp-json\/wp\/v2\/types\/post"}],"author":[{"embeddable":true,"href":"https:\/\/juzbado.es\/nuevaweb\/wp-json\/wp\/v2\/users\/2"}],"replies":[{"embeddable":true,"href":"https:\/\/juzbado.es\/nuevaweb\/wp-json\/wp\/v2\/comments?post=110"}],"version-history":[{"count":0,"href":"https:\/\/juzbado.es\/nuevaweb\/wp-json\/wp\/v2\/posts\/110\/revisions"}],"wp:attachment":[{"href":"https:\/\/juzbado.es\/nuevaweb\/wp-json\/wp\/v2\/media?parent=110"}],"wp:term":[{"taxonomy":"category","embeddable":true,"href":"https:\/\/juzbado.es\/nuevaweb\/wp-json\/wp\/v2\/categories?post=110"},{"taxonomy":"post_tag","embeddable":true,"href":"https:\/\/juzbado.es\/nuevaweb\/wp-json\/wp\/v2\/tags?post=110"}],"curies":[{"name":"wp","href":"https:\/\/api.w.org\/{rel}","templated":true}]}}