{"id":111,"date":"2023-08-29T19:11:00","date_gmt":"2023-08-29T17:11:00","guid":{"rendered":"http:\/\/juzbado.es\/nuevaweb\/2023\/08\/29\/visita-al-balneario-de-ledesma\/"},"modified":"2023-08-29T19:11:00","modified_gmt":"2023-08-29T17:11:00","slug":"visita-al-balneario-de-ledesma","status":"publish","type":"post","link":"https:\/\/juzbado.es\/nuevaweb\/2023\/08\/29\/visita-al-balneario-de-ledesma\/","title":{"rendered":"VISITA AL BALNEARIO DE LEDESMA"},"content":{"rendered":"<p style=\"text-align: justify;\"><span dir=\"auto\" style=\"font-family: arial;\"><span style=\"font-size: medium;\">El<br \/>\n pasado 22 de agosto una exquisita representaci\u00f3n de vecinos de Juzbado,<br \/>\n visit\u00f3 el <a href=\"https:\/\/balnearioledesma.com\/\" target=\"_blank\">Balneario de Los Ba\u00f1os de Ledesma<\/a> -en la cercana poblaci\u00f3n de<br \/>\n Vega de Tirados-, para disfrutar de su circuito termal y de una<br \/>\nmerecida cena. Contamos con unas fotograf\u00edas que comparte nuestro amigo y<br \/>\n allegado Curro.<\/span><\/span><\/p>\n<p style=\"text-align: justify;\"><span dir=\"auto\" style=\"font-family: arial;\"><span style=\"font-size: medium;\"><\/p>\n<table align=\"center\" cellpadding=\"0\" cellspacing=\"0\" style=\"margin-left: auto; margin-right: auto;\">\n<tbody>\n<tr>\n<td style=\"text-align: center;\"><a href=\"https:\/\/blogger.googleusercontent.com\/img\/b\/R29vZ2xl\/AVvXsEiTbu130jIz2WNBbT2nevYNGEliL9B_3l5PI6OVNvv1lD_rLKnb5VU9wtfCHhYVn6ZMduamrwdbEoa6X-cshVVbU5UktcCPu0GJgKfyMWfEZY181709kaN9ge_ETYM5bQbKJK5ejiJitZG_S1V3Bm9BqjoiAuZN5ZsH1eiP7kp9535NeQDTnu8zBTL8mZU\/s2048\/WhatsApp%20Image%202023-08-23%20at%2013.26.01.jpeg\" style=\"margin-left: auto; margin-right: auto;\"><img loading=\"lazy\" decoding=\"async\" alt=\"Juzbado, Balneario de Ledesma, agosto 2023\" border=\"0\" data-original-height=\"1537\" data-original-width=\"2048\" height=\"480\" src=\"https:\/\/blogger.googleusercontent.com\/img\/b\/R29vZ2xl\/AVvXsEiTbu130jIz2WNBbT2nevYNGEliL9B_3l5PI6OVNvv1lD_rLKnb5VU9wtfCHhYVn6ZMduamrwdbEoa6X-cshVVbU5UktcCPu0GJgKfyMWfEZY181709kaN9ge_ETYM5bQbKJK5ejiJitZG_S1V3Bm9BqjoiAuZN5ZsH1eiP7kp9535NeQDTnu8zBTL8mZU\/w640-h480\/WhatsApp%20Image%202023-08-23%20at%2013.26.01.jpeg\" title=\"Juzbado, Balneario de Ledesma, agosto 2023\" width=\"640\" \/><\/a><\/td>\n<\/tr>\n<tr>\n<td style=\"text-align: center;\">Grupo de vecinos delante de la puerta principal del Balneario de Ledesma. (Foto: Curro)<\/td>\n<\/tr>\n<\/tbody>\n<\/table>\n<p>&nbsp;<\/span><\/span><\/p>\n","protected":false},"excerpt":{"rendered":"<p>El pasado 22 de agosto una exquisita representaci\u00f3n de vecinos de Juzbado, visit\u00f3 el Balneario de Los Ba\u00f1os de Ledesma -en la cercana poblaci\u00f3n de Vega de Tirados-, para disfrutar de su circuito termal y de una merecida cena. Contamos con unas fotograf\u00edas que comparte nuestro amigo y allegado Curro. Grupo de vecinos delante de [&hellip;]<\/p>\n","protected":false},"author":2,"featured_media":0,"comment_status":"open","ping_status":"open","sticky":false,"template":"","format":"standard","meta":{"saved_in_kubio":false,"footnotes":""},"categories":[342,131,128,339],"tags":[],"class_list":["post-111","post","type-post","status-publish","format-standard","hentry","category-agosto","category-balneario-banos-de-ledesma","category-balneario-de-ledesma","category-verano-2023"],"_links":{"self":[{"href":"https:\/\/juzbado.es\/nuevaweb\/wp-json\/wp\/v2\/posts\/111","targetHints":{"allow":["GET"]}}],"collection":[{"href":"https:\/\/juzbado.es\/nuevaweb\/wp-json\/wp\/v2\/posts"}],"about":[{"href":"https:\/\/juzbado.es\/nuevaweb\/wp-json\/wp\/v2\/types\/post"}],"author":[{"embeddable":true,"href":"https:\/\/juzbado.es\/nuevaweb\/wp-json\/wp\/v2\/users\/2"}],"replies":[{"embeddable":true,"href":"https:\/\/juzbado.es\/nuevaweb\/wp-json\/wp\/v2\/comments?post=111"}],"version-history":[{"count":0,"href":"https:\/\/juzbado.es\/nuevaweb\/wp-json\/wp\/v2\/posts\/111\/revisions"}],"wp:attachment":[{"href":"https:\/\/juzbado.es\/nuevaweb\/wp-json\/wp\/v2\/media?parent=111"}],"wp:term":[{"taxonomy":"category","embeddable":true,"href":"https:\/\/juzbado.es\/nuevaweb\/wp-json\/wp\/v2\/categories?post=111"},{"taxonomy":"post_tag","embeddable":true,"href":"https:\/\/juzbado.es\/nuevaweb\/wp-json\/wp\/v2\/tags?post=111"}],"curies":[{"name":"wp","href":"https:\/\/api.w.org\/{rel}","templated":true}]}}