{"id":114,"date":"2023-08-02T20:29:00","date_gmt":"2023-08-02T18:29:00","guid":{"rendered":"http:\/\/juzbado.es\/nuevaweb\/2023\/08\/02\/juzbado-pone-en-marcha-un-punto-limpio\/"},"modified":"2023-08-02T20:29:00","modified_gmt":"2023-08-02T18:29:00","slug":"juzbado-pone-en-marcha-un-punto-limpio","status":"publish","type":"post","link":"https:\/\/juzbado.es\/nuevaweb\/2023\/08\/02\/juzbado-pone-en-marcha-un-punto-limpio\/","title":{"rendered":"JUZBADO PONE EN MARCHA UN PUNTO LIMPIO"},"content":{"rendered":"<p style=\"text-align: justify;\"><b><span style=\"font-family: arial;\"><span style=\"font-size: medium;\">El pueblo de Juzbado cuenta<br \/>\ncon un nuevo punto limpio para una correcta gesti\u00f3n de los residuos.<span>&nbsp; <\/span>Se trata de una iniciativa municipal para mejorar<br \/>\nla gesti\u00f3n de los residuos s\u00f3lidos urbanos generados en el n\u00facleo urbano del<br \/>\npueblo de Juzbado. <span>&nbsp;<\/span>Con esta nueva<br \/>\ninversi\u00f3n se completan las infraestructuras juzbadinas para adaptarse a las<br \/>\nnormativas y a los objetivos previstos en la reducci\u00f3n de la fracci\u00f3n de basura<br \/>\nsin separar.<span>&nbsp;&nbsp;&nbsp;<\/span><\/span><\/span><\/b><\/p>\n<p style=\"text-align: center;\">\n<p style=\"text-align: justify;\"><span style=\"font-size: medium;\"><b style=\"font-family: arial;\"><span>&nbsp;<\/span><\/b><\/span><span style=\"font-size: medium;\"><b style=\"font-family: arial;\"><a href=\"https:\/\/blogger.googleusercontent.com\/img\/b\/R29vZ2xl\/AVvXsEgeNIumHrcb2h_t9Ea6rGDDOA6HLUKPU2e4wQKgDjgHzC4uGeZ-RpwACwoOWFGq0SJgYdd8KBBlPrL8uik0m9NEnRja8zj_-tp3pOVZiqxf3Ixi09saxNfJ4OabzKP8PnQRE-UrupkT_sTkwOpySBVyHf93CZf0v7_cILl87_40n3LL90oekm1Na9JOIVg\/s844\/Imagen7.png\" style=\"margin-left: 1em; margin-right: 1em;\"><img loading=\"lazy\" decoding=\"async\" border=\"0\" data-original-height=\"340\" data-original-width=\"844\" height=\"258\" src=\"https:\/\/blogger.googleusercontent.com\/img\/b\/R29vZ2xl\/AVvXsEgeNIumHrcb2h_t9Ea6rGDDOA6HLUKPU2e4wQKgDjgHzC4uGeZ-RpwACwoOWFGq0SJgYdd8KBBlPrL8uik0m9NEnRja8zj_-tp3pOVZiqxf3Ixi09saxNfJ4OabzKP8PnQRE-UrupkT_sTkwOpySBVyHf93CZf0v7_cILl87_40n3LL90oekm1Na9JOIVg\/w640-h258\/Imagen7.png\" width=\"640\" \/><\/a><\/b><\/span><\/p>\n<p><span><a name='more'><\/a><\/span><\/p>\n<div style=\"text-align: justify;\"><xml><\/p>\n<p style=\"text-align: justify;\"><span style=\"font-family: arial; font-size: medium;\">El nuevo punto limpio, tambi\u00e9n<br \/>\nconocido como punto de acopio, est\u00e1 ubicado en el antiguo corral de concejo.<span>&nbsp; <\/span>Tras la rehabilitaci\u00f3n integral del corral y<br \/>\nla reconfiguraci\u00f3n y adecuaci\u00f3n de espacios, el punto de acopio cuenta con<br \/>\ncontenedores para cada tipo de residuos, algunos bajo techo y, otros, que no lo<br \/>\nrequieren, al aire libre.<span>&nbsp; <\/span>A partir de<br \/>\nahora, los vecinos de Juzbado podr\u00e1n depositar residuos voluminosos, residuos de<br \/>\nconstrucci\u00f3n y demolici\u00f3n o aparatos el\u00e9ctricos y electr\u00f3nicos inservibles.<span>&nbsp; <\/span>A ello se suman un contenedor de residuos<br \/>\nvegetales para su trituraci\u00f3n y compostaje. <span>&nbsp;<\/span><\/span><\/p>\n<p><\/xml><\/div>\n<p style=\"text-align: justify;\"><span style=\"font-size: medium;\"><span style=\"font-family: arial;\">La nueva infraestructura se suma a las dos islas ecol\u00f3gicas, los dos <a href=\"https:\/\/juzbado.blogspot.com\/p\/compostaje-comunitario.html\" target=\"_blank\">centros de compostaje comunitario<\/a> y una red<br \/>\ngeneral de contenedores verdes.<span>&nbsp; <\/span><i>Juzbado<br \/>\nquiere implicarse en la gesti\u00f3n, no solo de nuestros paisajes y monumentos<br \/>\nnaturales, sino tambi\u00e9n en las consecuencias locales y globales que la generaci\u00f3n<br \/>\nde basuras tiene en el medio ambiente<\/i>. <span>&nbsp;<\/span>As\u00ed lo afirma el alcalde de Juzbado, Fernando<br \/>\nRubio, que destaca la <i>necesidad de avanzar en la mejora de la gesti\u00f3n de<br \/>\nresiduos no solo en Juzbado, sino tambi\u00e9n en toda la comarca de Ledesma<\/i>.<span>&nbsp; <\/span>Apunta a las asignaturas pendientes que<br \/>\ntenemos como comarca, <i>conocer mejor los datos de la fracci\u00f3n gruesa que se<br \/>\ngeneran anualmente, incentivando el compostaje comunitario, la reducci\u00f3n de<br \/>\nresiduos o una mejor separaci\u00f3n de los mismos<\/i>. <span>&nbsp;<\/span>Se pregunta \u00bf<i>por qu\u00e9 llevamos carozos de manzanas<br \/>\nmezclados con residuos inertes de los pueblos al CTR de Gomecello?<\/i><span>&nbsp;&nbsp;<\/span><\/span><\/span><\/p>\n<p style=\"text-align: justify;\"><span style=\"font-size: medium;\"><span style=\"font-family: arial;\"><span><\/span><\/span><\/span><\/p>\n<div style=\"clear: both; text-align: center;\"><span style=\"font-size: medium;\"><a href=\"https:\/\/blogger.googleusercontent.com\/img\/b\/R29vZ2xl\/AVvXsEhwwbsPht7XdVXLRGnMuj3o-ybOVEnxyPin6_apU1kzIHUtdlSM8AnPN3Yw2ipa1bgTsbUIOo-gGCgcLfI9xCMnMzqMD6opYB4JpkkdtRdzPpNk2C9RcBYpsUHPxir6Bnk81B8Wv6SIkkZshX6YOlQgpXPpCJFmuoO7imVD_pFdL5VZU47l4ffL9pGN4m0\/s826\/Imagen3.png\" style=\"margin-left: 1em; margin-right: 1em;\"><img loading=\"lazy\" decoding=\"async\" border=\"0\" data-original-height=\"390\" data-original-width=\"826\" height=\"302\" src=\"https:\/\/blogger.googleusercontent.com\/img\/b\/R29vZ2xl\/AVvXsEhwwbsPht7XdVXLRGnMuj3o-ybOVEnxyPin6_apU1kzIHUtdlSM8AnPN3Yw2ipa1bgTsbUIOo-gGCgcLfI9xCMnMzqMD6opYB4JpkkdtRdzPpNk2C9RcBYpsUHPxir6Bnk81B8Wv6SIkkZshX6YOlQgpXPpCJFmuoO7imVD_pFdL5VZU47l4ffL9pGN4m0\/w640-h302\/Imagen3.png\" width=\"640\" \/><\/a><\/span><\/div>\n<div style=\"text-align: justify;\"><span style=\"font-size: medium;\"><span style=\"font-family: arial;\">Cada vecino de Juzbado<br \/>\nproduce anualmente una media de 284 kg. de basura (periodo 2016-2022), de los<br \/>\ncuales se separan, seg\u00fan datos de la Mancomunidad de Municipios de la Comarca de<br \/>\nLedesma y la Diputaci\u00f3n de Salamanca, una media de 28 kg.\/a\u00f1o, es decir, un 9,7<br \/>\n% de los residuos totales que generamos.<span>&nbsp;<br \/>\n<\/span>La directiva de la UE establece que en 2030 el reciclaje tiene que<br \/>\nllegar al 60% del total. El objetivo general es reducir la fracci\u00f3n de<br \/>\nresiduos que no se separan y que terminan en los contenedores gen\u00e9ricos.<span>&nbsp; <\/span>Para ello, se aprobar\u00e1 en las pr\u00f3ximas<br \/>\nsemanas una ordenanza reguladora del uso y gesti\u00f3n del nuevo punto limpio.<\/span><\/span><\/div>\n<p style=\"text-align: justify;\"><span style=\"font-size: medium;\"><span style=\"font-family: arial;\"><\/span><\/span><\/p>\n<div style=\"clear: both; text-align: center;\"><span style=\"font-size: medium;\"><a href=\"https:\/\/blogger.googleusercontent.com\/img\/b\/R29vZ2xl\/AVvXsEgI7xmgi_IIjVUEA5eaDyFHw0hxsrUmI22L0-Btzl1hDowxFmfwYxGnrCGoU3pch24fH8uzVSfyquC3jspLKUTPpXJnPZHXrjyL2a8HJlXDYhbJaPUBq-Dg6NK3xyvxBUOgtexvaUulUnMDdXhPuL9kwo4z_9r-UA24fMNGKAopEuUIu2HsFKHZfE_wqJo\/s975\/QU%C3%89%20RESIUDOS%20VAN%20AL%20PUNTO%20DE%20ACOPIO.png\" style=\"margin-left: 1em; margin-right: 1em;\"><img loading=\"lazy\" decoding=\"async\" border=\"0\" data-original-height=\"975\" data-original-width=\"834\" height=\"640\" src=\"https:\/\/blogger.googleusercontent.com\/img\/b\/R29vZ2xl\/AVvXsEgI7xmgi_IIjVUEA5eaDyFHw0hxsrUmI22L0-Btzl1hDowxFmfwYxGnrCGoU3pch24fH8uzVSfyquC3jspLKUTPpXJnPZHXrjyL2a8HJlXDYhbJaPUBq-Dg6NK3xyvxBUOgtexvaUulUnMDdXhPuL9kwo4z_9r-UA24fMNGKAopEuUIu2HsFKHZfE_wqJo\/w548-h640\/QU%C3%89%20RESIUDOS%20VAN%20AL%20PUNTO%20DE%20ACOPIO.png\" width=\"548\" \/><\/a><\/span><\/div>\n<div style=\"text-align: justify;\"><span style=\"font-family: arial; font-size: medium;\">As\u00ed mismo, desde instancias<br \/>\nmunicipales se insta a los vecinos a respetar los horarios de apertura regulares<br \/>\nsemanales para evitar la acumulaci\u00f3n indebida de residuos fuera del recinto.<span>&nbsp; Un recinto que cuenta con videovigilancia.<\/span><span> <\/span>Para<br \/>\nrecogidas y acopios puntuales se puede llamar al 923 32 13 36 (lunes y viernes<br \/>\nde 9 a 14 h.)<span>&nbsp; <\/span>o ponerse en contacto con<br \/>\nla <a href=\"https:\/\/juzbado.blogspot.com\/p\/contacto_28.html\" target=\"_blank\">Oficina de Desarrollo Local de Juzbado<\/a>.<span>&nbsp;<br \/>\n<\/span>A trav\u00e9s de esta oficina se ha elaborado un peque\u00f1o <a href=\"https:\/\/drive.google.com\/file\/d\/1h9GiIQ4OyZqpUVWxbUbvg_hEdolz9wQg\/view?usp=sharing\" target=\"_blank\">manual de uso<\/a> para<br \/>\nresolver las dudas de los vecinos.<span>&nbsp; <\/span>En<br \/>\ncualquier caso, tal y como nos recuerda el propio municipio, <i>el mejor residuo<br \/>\nes aquel que no se produce.<\/i><span>&nbsp;<\/span><\/span><\/div>\n<div style=\"text-align: justify;\">\n<p style=\"text-align: center;\"><span style=\"color: red;\"><span style=\"font-size: large;\"><a href=\"https:\/\/drive.google.com\/file\/d\/1ERdMmIUV3y6lwcKbpmKvrVoJ_qNd-miS\/view\" target=\"_blank\"><b><span style=\"font-family: arial;\"><span><span>DESCARGAR D\u00cdPTICO INFORMATIVO <\/span><\/span><\/span><\/b><\/a><a href=\"https:\/\/drive.google.com\/file\/d\/1ERdMmIUV3y6lwcKbpmKvrVoJ_qNd-miS\/view\" target=\"_blank\"><b><span style=\"font-family: arial;\"><span><span><br \/><\/span><\/span><\/span><\/b><\/a><\/span><\/span><\/p>\n<p><span style=\"font-family: arial; font-size: medium;\"><span>&nbsp;<\/span><\/span><\/div>\n<p style=\"text-align: justify;\">\n<p style=\"text-align: justify;\"><span style=\"font-family: arial; font-size: medium;\"><span><span>M\u00e1s informaci\u00f3n en la<a href=\"https:\/\/juzbado.blogspot.com\/p\/medio-ambiente.html\" target=\"_blank\"> secci\u00f3n de gesti\u00f3n de residuos<\/a>. <br \/><\/span><\/span><\/span><\/p>\n","protected":false},"excerpt":{"rendered":"<p>El pueblo de Juzbado cuenta con un nuevo punto limpio para una correcta gesti\u00f3n de los residuos.&nbsp; Se trata de una iniciativa municipal para mejorar la gesti\u00f3n de los residuos s\u00f3lidos urbanos generados en el n\u00facleo urbano del pueblo de Juzbado. &nbsp;Con esta nueva inversi\u00f3n se completan las infraestructuras juzbadinas para adaptarse a las normativas [&hellip;]<\/p>\n","protected":false},"author":2,"featured_media":0,"comment_status":"open","ping_status":"open","sticky":false,"template":"","format":"standard","meta":{"saved_in_kubio":false,"footnotes":""},"categories":[353,354,351,352,348,349,350],"tags":[],"class_list":["post-114","post","type-post","status-publish","format-standard","hentry","category-compost","category-composta-en-red","category-compostaje-comunitario","category-gestion-residuos","category-juzbado-organico","category-punto-de-acopio","category-punto-limpio"],"_links":{"self":[{"href":"https:\/\/juzbado.es\/nuevaweb\/wp-json\/wp\/v2\/posts\/114","targetHints":{"allow":["GET"]}}],"collection":[{"href":"https:\/\/juzbado.es\/nuevaweb\/wp-json\/wp\/v2\/posts"}],"about":[{"href":"https:\/\/juzbado.es\/nuevaweb\/wp-json\/wp\/v2\/types\/post"}],"author":[{"embeddable":true,"href":"https:\/\/juzbado.es\/nuevaweb\/wp-json\/wp\/v2\/users\/2"}],"replies":[{"embeddable":true,"href":"https:\/\/juzbado.es\/nuevaweb\/wp-json\/wp\/v2\/comments?post=114"}],"version-history":[{"count":0,"href":"https:\/\/juzbado.es\/nuevaweb\/wp-json\/wp\/v2\/posts\/114\/revisions"}],"wp:attachment":[{"href":"https:\/\/juzbado.es\/nuevaweb\/wp-json\/wp\/v2\/media?parent=114"}],"wp:term":[{"taxonomy":"category","embeddable":true,"href":"https:\/\/juzbado.es\/nuevaweb\/wp-json\/wp\/v2\/categories?post=114"},{"taxonomy":"post_tag","embeddable":true,"href":"https:\/\/juzbado.es\/nuevaweb\/wp-json\/wp\/v2\/tags?post=114"}],"curies":[{"name":"wp","href":"https:\/\/api.w.org\/{rel}","templated":true}]}}