{"id":118,"date":"2023-07-30T19:13:00","date_gmt":"2023-07-30T17:13:00","guid":{"rendered":"http:\/\/juzbado.es\/nuevaweb\/2023\/07\/30\/un-nuevo-huerto-urbano-movil-e-infantil-en-juzbado\/"},"modified":"2023-07-30T19:13:00","modified_gmt":"2023-07-30T17:13:00","slug":"un-nuevo-huerto-urbano-movil-e-infantil-en-juzbado","status":"publish","type":"post","link":"https:\/\/juzbado.es\/nuevaweb\/2023\/07\/30\/un-nuevo-huerto-urbano-movil-e-infantil-en-juzbado\/","title":{"rendered":"UN NUEVO HUERTO URBANO M\u00d3VIL E INFANTIL EN JUZBADO"},"content":{"rendered":"<p style=\"text-align: justify;\"><span style=\"font-family: arial; font-size: medium;\">El programa de <a href=\"https:\/\/juzbado.blogspot.com\/2023\/07\/arte-en-verano-2023.html\" target=\"_blank\">Arte en verano 2023<\/a> propone a los m\u00e1s j\u00f3venes de<br \/>\nJuzbado intervenir un contenedor de basura y transformarlo en un huerto m\u00f3vil.<span>&nbsp; <\/span>La acci\u00f3n infantil se ha realizado con el<br \/>\nobjetivo de implicar a los m\u00e1s j\u00f3venes en la intervenci\u00f3n art\u00edstica, as\u00ed como<br \/>\nen el acercamiento a la huerta.<span>&nbsp; <\/span>Todo<br \/>\nello ha sido posible gracias a la colaboraci\u00f3n de muchos vecinos y personal del<br \/>\nayuntamiento.<span>&nbsp;&nbsp;<\/span><\/span><\/p>\n<p style=\"text-align: justify;\"><span style=\"font-family: arial; font-size: medium;\">El contenedor utilizado fue<br \/>\nrepuesto por uno nuevo en la finca de Carrascal.<span>&nbsp; <\/span>Los empleados municipales Guido, Josu y \u00c1ngel<br \/>\nhan sido los encargados de cortarlo a la mitad y proteger el canto con una<br \/>\nfunda.<span>&nbsp; <\/span>M\u00e1s tarde los m\u00e1s peque\u00f1os con la<br \/>\nayuda de Montserrat Gonz\u00e1lez han decorado el metal -incluidas las ruedas- para<br \/>\nconvertirlo en un bonito ejemplo de arte urbano.<span>&nbsp; <\/span>Con la ayuda de Jes\u00fas Gonz\u00e1lez Bautista se<br \/>\nemprendi\u00f3 el relleno con tierra y la plantaci\u00f3n de lechugas y berzas. Dadas las<br \/>\navanzadas fechas del verano, no hemos podido plantar otras especies ya que su<br \/>\ncrecimiento es m\u00e1s lento.<span>&nbsp; <\/span>Se trata de<br \/>\nuna concatenaci\u00f3n de acciones de unos y de otros que ha dado como resultado el<br \/>\nprimer huerto urbano m\u00f3vil infantil de Juzbado.<span>&nbsp;<br \/>\n<\/span>Desde aqu\u00ed solo nos queda dar la enhorabuena los m\u00e1s peque\u00f1os y desearles<br \/>\nuna buena cosecha.<span>&nbsp;&nbsp;<\/span><\/span><\/p>\n<p style=\"text-align: justify;\"><span style=\"font-family: arial; font-size: medium;\">El programa Arte en<br \/>\nverano es uno de las propuestas m\u00e1s longevas de nuestro pueblo ya que viene<br \/>\nrealiz\u00e1ndose desde hace m\u00e1s de una d\u00e9cada.<span>&nbsp;<br \/>\n<\/span>Os mostramos algunas fotograf\u00edas (Montserrat G.) y una infograf\u00eda de todo el proceso.<\/span><\/p>\n<p style=\"text-align: justify;\"><span style=\"font-family: arial; font-size: medium;\"><\/span><\/p>\n<div style=\"clear: both; text-align: center;\"><span style=\"font-family: arial; font-size: medium;\"><a href=\"https:\/\/blogger.googleusercontent.com\/img\/b\/R29vZ2xl\/AVvXsEjC5sXXQ2NT_q2qJRTLWZR9C3z-kyZc_He5nsFSc48t067l-2vTyFwtvN0PI20gZk1ORYZqIJF-faPc8vdTA6M7d6PwlthC-7lWBIJhT_GdQ23W4gb7_rPl0M6X7BheM95QhWhC9N7D0NhAU-bpx0QEefXY2IcY4WS3sx5An0LXIbV09ycNts11z007viM\/s2480\/huerto%20urbano%20m%C3%B3vil%20infantil%20INSTAGRAM.jpg\" style=\"margin-left: 1em; margin-right: 1em;\"><img loading=\"lazy\" decoding=\"async\" border=\"0\" data-original-height=\"2480\" data-original-width=\"2480\" height=\"640\" src=\"https:\/\/blogger.googleusercontent.com\/img\/b\/R29vZ2xl\/AVvXsEjC5sXXQ2NT_q2qJRTLWZR9C3z-kyZc_He5nsFSc48t067l-2vTyFwtvN0PI20gZk1ORYZqIJF-faPc8vdTA6M7d6PwlthC-7lWBIJhT_GdQ23W4gb7_rPl0M6X7BheM95QhWhC9N7D0NhAU-bpx0QEefXY2IcY4WS3sx5An0LXIbV09ycNts11z007viM\/w640-h640\/huerto%20urbano%20m%C3%B3vil%20infantil%20INSTAGRAM.jpg\" width=\"640\" \/><\/a><\/span><\/div>\n<p><span style=\"font-family: arial; font-size: medium;\"><\/span><\/p>\n<p><span><\/span><\/p>\n<p><a name='more'><\/a><span style=\"font-family: arial; font-size: medium;\"><br \/>&nbsp;<\/p>\n<table align=\"center\" cellpadding=\"0\" cellspacing=\"0\" style=\"margin-left: auto; margin-right: auto;\">\n<tbody>\n<tr>\n<td style=\"text-align: center;\"><a href=\"https:\/\/blogger.googleusercontent.com\/img\/b\/R29vZ2xl\/AVvXsEhC8xXdgjR9arftfHb9MyVk03pYh7PI49l9OI_pcVkBWw-M0rgQ6a3t2lhQJT5mFP59BRrdx8eC0QF8q-LPOkMy-2AahGS9BiWoq3oO9L3Cks57FIhARlyyvN0IgjNBvrknAH1qe0Vlx6m3VeXAcremUJVRZrK6FtbtGJyJtT2Lq9atWnlx6mTKUdeGG30\/s2000\/WhatsApp%20Image%202023-08-02%20at%2020.18.18.jpeg\" style=\"margin-left: auto; margin-right: auto;\"><img loading=\"lazy\" decoding=\"async\" alt=\"Juzbado, Arte en verano, huerto urbano infantil,\" border=\"0\" data-original-height=\"924\" data-original-width=\"2000\" height=\"296\" src=\"https:\/\/blogger.googleusercontent.com\/img\/b\/R29vZ2xl\/AVvXsEhC8xXdgjR9arftfHb9MyVk03pYh7PI49l9OI_pcVkBWw-M0rgQ6a3t2lhQJT5mFP59BRrdx8eC0QF8q-LPOkMy-2AahGS9BiWoq3oO9L3Cks57FIhARlyyvN0IgjNBvrknAH1qe0Vlx6m3VeXAcremUJVRZrK6FtbtGJyJtT2Lq9atWnlx6mTKUdeGG30\/w640-h296\/WhatsApp%20Image%202023-08-02%20at%2020.18.18.jpeg\" title=\"Juzbado, Arte en verano, huerto urbano infantil,\" width=\"640\" \/><\/a><\/td>\n<\/tr>\n<tr>\n<td style=\"text-align: center;\"><\/td>\n<\/tr>\n<\/tbody>\n<\/table>\n<p><\/p>\n<div style=\"clear: both; text-align: center;\"><a href=\"https:\/\/blogger.googleusercontent.com\/img\/b\/R29vZ2xl\/AVvXsEhTZczHBW3u89Cc-o_IrBA4YVAl74F-33wLxnXfMGMAWqnQ7LBDphX4yIgzGZHB9mZKSJITu986sUoarmfvMoGOdocICyzrigEsJ_Ftw39GuVoxnqRGGv_e08Ei7uI7Xw4a0kiB9HI5SWO-J0mPNdh4YwFmi_1xYi0oZLzYkw2evI49CZGWbV8ZekISZ58\/s2000\/WhatsApp%20Image%202023-08-02%20at%2020.18.17.jpeg\" style=\"margin-left: 1em; margin-right: 1em;\"><img loading=\"lazy\" decoding=\"async\" alt=\"Juzbado, Arte en verano, huerto urbano infantil,\" border=\"0\" data-original-height=\"924\" data-original-width=\"2000\" height=\"296\" src=\"https:\/\/blogger.googleusercontent.com\/img\/b\/R29vZ2xl\/AVvXsEhTZczHBW3u89Cc-o_IrBA4YVAl74F-33wLxnXfMGMAWqnQ7LBDphX4yIgzGZHB9mZKSJITu986sUoarmfvMoGOdocICyzrigEsJ_Ftw39GuVoxnqRGGv_e08Ei7uI7Xw4a0kiB9HI5SWO-J0mPNdh4YwFmi_1xYi0oZLzYkw2evI49CZGWbV8ZekISZ58\/w640-h296\/WhatsApp%20Image%202023-08-02%20at%2020.18.17.jpeg\" title=\"Juzbado, Arte en verano, huerto urbano infantil,\" width=\"640\" \/><\/a><\/div>\n<p><\/p>\n<div style=\"clear: both; text-align: center;\"><a href=\"https:\/\/blogger.googleusercontent.com\/img\/b\/R29vZ2xl\/AVvXsEjDMfuWoxaV9Zu5GfUifWshZyBqY-41sEYQSDwhum7x0_Zz4m-LBTPmKM8AWvd0Wj-VdujHEw_BC4Cvc81YgePjgJVNbKwO5un-dAsiWPhkr0pDBpIs-SAy4hvTPBnCCb5IXzHwAP7ndfH74LyDG3IOMH8seOe01378KnMufFZW2YykVMReJiZ4DOJlk_o\/s2048\/WhatsApp%20Image%202023-08-02%20at%2020.18.17(2).jpeg\" style=\"margin-left: 1em; margin-right: 1em;\"><img loading=\"lazy\" decoding=\"async\" alt=\"Juzbado, Arte en verano, huerto urbano infantil,\" border=\"0\" data-original-height=\"1152\" data-original-width=\"2048\" height=\"360\" src=\"https:\/\/blogger.googleusercontent.com\/img\/b\/R29vZ2xl\/AVvXsEjDMfuWoxaV9Zu5GfUifWshZyBqY-41sEYQSDwhum7x0_Zz4m-LBTPmKM8AWvd0Wj-VdujHEw_BC4Cvc81YgePjgJVNbKwO5un-dAsiWPhkr0pDBpIs-SAy4hvTPBnCCb5IXzHwAP7ndfH74LyDG3IOMH8seOe01378KnMufFZW2YykVMReJiZ4DOJlk_o\/w640-h360\/WhatsApp%20Image%202023-08-02%20at%2020.18.17(2).jpeg\" title=\"Juzbado, Arte en verano, huerto urbano infantil,\" width=\"640\" \/><\/a><\/div>\n<p><\/p>\n<div style=\"clear: both; text-align: center;\"><a href=\"https:\/\/blogger.googleusercontent.com\/img\/b\/R29vZ2xl\/AVvXsEjuOlLr3j22VE6NcHI30Y1JZypTuzRe5dDSdY82qF8xM3Ok5l31awH5t9A8Bp_EIandDyN-HJoSmU_maCDroNFGA4ZrMwhkQ6xI1MXwfQ5EgXChXCDuHe3pz8GztCvEPZQRZVUizs_7IVOjiRfFw-T8jutoERTcaWzSZH89bRq6LCeAlh3OM-K09MVvi-Y\/s2000\/WhatsApp%20Image%202023-08-02%20at%2020.18.17(1).jpeg\" style=\"margin-left: 1em; margin-right: 1em;\"><img loading=\"lazy\" decoding=\"async\" alt=\"Juzbado, Arte en verano, huerto urbano infantil,\" border=\"0\" data-original-height=\"924\" data-original-width=\"2000\" height=\"296\" src=\"https:\/\/blogger.googleusercontent.com\/img\/b\/R29vZ2xl\/AVvXsEjuOlLr3j22VE6NcHI30Y1JZypTuzRe5dDSdY82qF8xM3Ok5l31awH5t9A8Bp_EIandDyN-HJoSmU_maCDroNFGA4ZrMwhkQ6xI1MXwfQ5EgXChXCDuHe3pz8GztCvEPZQRZVUizs_7IVOjiRfFw-T8jutoERTcaWzSZH89bRq6LCeAlh3OM-K09MVvi-Y\/w640-h296\/WhatsApp%20Image%202023-08-02%20at%2020.18.17(1).jpeg\" title=\"Juzbado, Arte en verano, huerto urbano infantil,\" width=\"640\" \/><\/a><\/div>\n<p><\/span><span><!--more--><\/span><span><!--more--><\/span><\/p>\n<div style=\"clear: both; text-align: center;\"><a href=\"https:\/\/blogger.googleusercontent.com\/img\/b\/R29vZ2xl\/AVvXsEiP_GHppOPp69qWVV_m3_Iw_KoAO6JT5JSDnVyYcm5Dk4EkNg3XIr8FbummIaq4ckyN42Be3D_wT9Raj6iWPPkf330yp6FPeQbSpMOlGqJur2uU28OABHbd3l0q37cYNkDRox0kmFtdu4SdN4Mr9BCmJ7S6QoFMfXNkLOs51IN9Ue6zaTukXqRRzkwQZGs\/s1643\/WhatsApp%20Image%202023-08-02%20at%2020.18.15.jpeg\" style=\"margin-left: 1em; margin-right: 1em;\"><img loading=\"lazy\" decoding=\"async\" border=\"0\" data-original-height=\"924\" data-original-width=\"1643\" height=\"360\" src=\"https:\/\/blogger.googleusercontent.com\/img\/b\/R29vZ2xl\/AVvXsEiP_GHppOPp69qWVV_m3_Iw_KoAO6JT5JSDnVyYcm5Dk4EkNg3XIr8FbummIaq4ckyN42Be3D_wT9Raj6iWPPkf330yp6FPeQbSpMOlGqJur2uU28OABHbd3l0q37cYNkDRox0kmFtdu4SdN4Mr9BCmJ7S6QoFMfXNkLOs51IN9Ue6zaTukXqRRzkwQZGs\/w640-h360\/WhatsApp%20Image%202023-08-02%20at%2020.18.15.jpeg\" width=\"640\" \/><\/a><\/div>\n<p style=\"text-align: justify;\"><span style=\"font-family: arial; font-size: medium;\">&nbsp;<\/span><\/p>\n","protected":false},"excerpt":{"rendered":"<p>El programa de Arte en verano 2023 propone a los m\u00e1s j\u00f3venes de Juzbado intervenir un contenedor de basura y transformarlo en un huerto m\u00f3vil.&nbsp; La acci\u00f3n infantil se ha realizado con el objetivo de implicar a los m\u00e1s j\u00f3venes en la intervenci\u00f3n art\u00edstica, as\u00ed como en el acercamiento a la huerta.&nbsp; Todo ello ha [&hellip;]<\/p>\n","protected":false},"author":2,"featured_media":0,"comment_status":"open","ping_status":"open","sticky":false,"template":"","format":"standard","meta":{"saved_in_kubio":false,"footnotes":""},"categories":[365,160,356,129,366,364,16,367],"tags":[],"class_list":["post-118","post","type-post","status-publish","format-standard","hentry","category-angel-garcia","category-arte-en-verano","category-arte-en-verano-2023","category-cultura-en-verano","category-guido","category-huertos","category-jesus-gonzalez-bautista","category-josu-portal"],"_links":{"self":[{"href":"https:\/\/juzbado.es\/nuevaweb\/wp-json\/wp\/v2\/posts\/118","targetHints":{"allow":["GET"]}}],"collection":[{"href":"https:\/\/juzbado.es\/nuevaweb\/wp-json\/wp\/v2\/posts"}],"about":[{"href":"https:\/\/juzbado.es\/nuevaweb\/wp-json\/wp\/v2\/types\/post"}],"author":[{"embeddable":true,"href":"https:\/\/juzbado.es\/nuevaweb\/wp-json\/wp\/v2\/users\/2"}],"replies":[{"embeddable":true,"href":"https:\/\/juzbado.es\/nuevaweb\/wp-json\/wp\/v2\/comments?post=118"}],"version-history":[{"count":0,"href":"https:\/\/juzbado.es\/nuevaweb\/wp-json\/wp\/v2\/posts\/118\/revisions"}],"wp:attachment":[{"href":"https:\/\/juzbado.es\/nuevaweb\/wp-json\/wp\/v2\/media?parent=118"}],"wp:term":[{"taxonomy":"category","embeddable":true,"href":"https:\/\/juzbado.es\/nuevaweb\/wp-json\/wp\/v2\/categories?post=118"},{"taxonomy":"post_tag","embeddable":true,"href":"https:\/\/juzbado.es\/nuevaweb\/wp-json\/wp\/v2\/tags?post=118"}],"curies":[{"name":"wp","href":"https:\/\/api.w.org\/{rel}","templated":true}]}}