{"id":12,"date":"2024-12-26T15:00:00","date_gmt":"2024-12-26T14:00:00","guid":{"rendered":""},"modified":"2025-01-17T13:30:38","modified_gmt":"2025-01-17T12:30:38","slug":"un-recuerdo-de-la-estancia-de-federico-mayor-zaragoza-en-juzbado","status":"publish","type":"post","link":"https:\/\/juzbado.es\/nuevaweb\/2024\/12\/26\/un-recuerdo-de-la-estancia-de-federico-mayor-zaragoza-en-juzbado\/","title":{"rendered":"UN RECUERDO DE LA ESTANCIA DE FEDERICO MAYOR ZARAGOZA EN JUZBADO"},"content":{"rendered":"<p style=\"text-align: justify;\"><span style=\"font-size: medium;\"><span style=\"font-family: arial;\"><span dir=\"auto\">El<br \/>\n pasado 19 de diciembre nos dejaba Federico Mayor Zaragoza. Federico<br \/>\nvisit\u00f3 Juzbado un 28 de mayo de 2016. Le acompa\u00f1aron el Padre \u00c1ngel,<br \/>\nPedro Miguel Lamet y Valent\u00edn Cabero y los vecinos y amigos de Juzbado.<br \/>\nHablamos entonces de nuestro pa\u00eds, de la figura de Jos\u00e9 Mar\u00eda Mart\u00edn<br \/>\nPatino, de la solidaridad entre los pueblos, de la concordia, del<br \/>\nfuturo.&nbsp;<\/span><\/span><\/span><\/p>\n<p style=\"text-align: justify;\"><span style=\"font-size: medium;\"><span style=\"font-family: arial;\"><span dir=\"auto\">&nbsp;Conservamos desde entonces para todo el pueblo de Juzbado un<br \/>\npoema que Federico escribi\u00f3 al cumplir los 80 a\u00f1os y que regal\u00f3 a Jos\u00e9 <span><\/span>Mar\u00eda,<br \/>\n amigo del pueblo y defensor de nuestro mundo rural desde su fundaci\u00f3n,<br \/>\nla Fundaci\u00f3n Encuentro. Nos acordamos del legado de Mayor Zaragoza y<br \/>\ndesde aqu\u00ed enviamos p\u00fablicamente un abrazo cari\u00f1oso y nuestro p\u00e9same a<br \/>\nsus familiares y amigos. Os mostramos aquella visita y el encuentro en<br \/>\nlas fotos de m\u00e1s abajo.<\/span><\/span><\/span><\/p>\n<p><span style=\"font-size: medium;\"><span style=\"font-family: arial;\"><span dir=\"auto\">&nbsp;<\/span><\/span><\/span><\/p>\n<table align=\"center\" cellpadding=\"0\" cellspacing=\"0\" style=\"margin-left: auto; margin-right: auto;\">\n<tbody>\n<tr>\n<td style=\"text-align: center;\"><img loading=\"lazy\" decoding=\"async\" alt=\"Juzbado, Valent\u00edn Cabero, Jos\u00e9 Mar\u00eda Mart\u00edn Patino, Federico Mayor Zaragoza, Pedro Miguel Lamet, Fernando Rubio, 2016\" border=\"0\" data-original-height=\"1536\" data-original-width=\"2048\" height=\"480\" src=\"http:\/\/juzbado.es\/nuevaweb\/wp-content\/uploads\/2024\/12\/471410346_981663727333406_3935424407773304902_n-1-300x225.jpg\" style=\"margin-left: auto; margin-right: auto;\" title=\"Juzbado, Valent\u00edn Cabero, Jos\u00e9 Mar\u00eda Mart\u00edn Patino, Federico Mayor Zaragoza, Pedro Miguel Lamet, Fernando Rubio, 2016\" width=\"640\" \/><\/td>\n<\/tr>\n<tr>\n<td style=\"text-align: center;\">Federico Mayor Zaragoza conversa junto a Valent\u00edn Cabero (izq.) y Pedro Miguel Lamet. <\/td>\n<\/tr>\n<\/tbody>\n<\/table>\n<div style=\"clear: both; text-align: center;\"><span style=\"font-size: medium;\"><a href=\"https:\/\/blogger.googleusercontent.com\/img\/b\/R29vZ2xl\/AVvXsEhPZZfIxB5MDJS-Z__wS-nzahw1d_-q9t-O907CarQfCC4ZwOFB3kQiHbQ7DSnO4HuD5oyVAno5tlqEJU-kVHWGAyEww3KqoxHSv0O6sLgimYK7BbXX-uWwQJxfpWpKJX8p9DW2qVlhkgES8nFqZMY4N1rinoI_jzUc00GQMjbahGfph4cTN0Ks152iNRM\/s2048\/471410346_981663727333406_3935424407773304902_n.jpg\" style=\"margin-left: 1em; margin-right: 1em;\">&nbsp;<\/a><\/span><\/div>\n<div style=\"clear: both; text-align: center;\"><span style=\"font-size: medium;\">&nbsp;<span><a name='more'><\/a><\/span><\/span><\/div>\n<div style=\"clear: both; text-align: center;\"><span style=\"font-size: medium;\">&nbsp;<\/p>\n<table align=\"center\" cellpadding=\"0\" cellspacing=\"0\" style=\"margin-left: auto; margin-right: auto;\">\n<tbody>\n<tr>\n<td style=\"text-align: center;\"><a href=\"http:\/\/juzbado.es\/nuevaweb\/wp-content\/uploads\/2024\/12\/471299933_981663770666735_3695237986478685614_n-1.jpg\" style=\"margin-left: auto; margin-right: auto;\"><img loading=\"lazy\" decoding=\"async\" alt=\"Juzbado, Valent\u00edn Cabero, Jos\u00e9 Mar\u00eda Mart\u00edn Patino, Federico Mayor Zaragoza, Pedro Miguel Lamet, Fernando Rubio, 2016\" border=\"0\" data-original-height=\"1536\" data-original-width=\"2048\" height=\"480\" src=\"http:\/\/juzbado.es\/nuevaweb\/wp-content\/uploads\/2024\/12\/471299933_981663770666735_3695237986478685614_n-1-300x225.jpg\" title=\"Juzbado, Valent\u00edn Cabero, Jos\u00e9 Mar\u00eda Mart\u00edn Patino, Federico Mayor Zaragoza, Pedro Miguel Lamet, Fernando Rubio, 2016\" width=\"640\" \/><\/a><\/td>\n<\/tr>\n<tr>\n<td style=\"text-align: center;\"><span style=\"font-size: small;\"><span style=\"font-family: arial;\"><span dir=\"auto\">Federico Mayor Zaragoza conversa junto a Valent\u00edn Cabero (izq.) y Pedro Miguel Lame (dcha.) <\/span><\/span><\/span><\/td>\n<\/tr>\n<\/tbody>\n<\/table>\n<p><\/p>\n<table align=\"center\" cellpadding=\"0\" cellspacing=\"0\" style=\"margin-left: auto; margin-right: auto;\">\n<tbody>\n<tr>\n<td style=\"text-align: center;\"><a href=\"http:\/\/juzbado.es\/nuevaweb\/wp-content\/uploads\/2024\/12\/471537923_981664270666685_2590054921924223633_n-1.jpg\" style=\"margin-left: auto; margin-right: auto;\"><img loading=\"lazy\" decoding=\"async\" alt=\"Juzbado, Valent\u00edn Cabero, Jos\u00e9 Mar\u00eda Mart\u00edn Patino, Federico Mayor Zaragoza, Pedro Miguel Lamet, Fernando Rubio, 2016\" border=\"0\" data-original-height=\"2048\" data-original-width=\"1448\" height=\"640\" src=\"http:\/\/juzbado.es\/nuevaweb\/wp-content\/uploads\/2024\/12\/471537923_981664270666685_2590054921924223633_n-1-212x300.jpg\" title=\"Juzbado, Valent\u00edn Cabero, Jos\u00e9 Mar\u00eda Mart\u00edn Patino, Federico Mayor Zaragoza, Pedro Miguel Lamet, Fernando Rubio, 2016\" width=\"452\" \/><\/a><\/td>\n<\/tr>\n<tr>\n<td style=\"text-align: center;\">Poema de Federico Mayor Zaragoza a Jos\u00e9 Mar\u00eda Mart\u00edn Patino.<\/td>\n<\/tr>\n<\/tbody>\n<\/table>\n<p><\/p>\n<table align=\"center\" cellpadding=\"0\" cellspacing=\"0\" style=\"margin-left: auto; margin-right: auto;\">\n<tbody>\n<tr>\n<td style=\"text-align: center;\"><a href=\"http:\/\/juzbado.es\/nuevaweb\/wp-content\/uploads\/2024\/12\/471415766_981664623999983_6231904639661963405_n-2.jpg\" style=\"margin-left: auto; margin-right: auto;\"><img loading=\"lazy\" decoding=\"async\" alt=\"Juzbado, Valent\u00edn Cabero, Jos\u00e9 Mar\u00eda Mart\u00edn Patino, Federico Mayor Zaragoza, Pedro Miguel Lamet, Fernando Rubio, 2016\" border=\"0\" data-original-height=\"1536\" data-original-width=\"2048\" height=\"480\" src=\"http:\/\/juzbado.es\/nuevaweb\/wp-content\/uploads\/2024\/12\/471415766_981664623999983_6231904639661963405_n-2-300x225.jpg\" title=\"Juzbado, Valent\u00edn Cabero, Jos\u00e9 Mar\u00eda Mart\u00edn Patino, Federico Mayor Zaragoza, Pedro Miguel Lamet, Fernando Rubio, 2016\" width=\"640\" \/><\/a><\/td>\n<\/tr>\n<tr>\n<td style=\"text-align: center;\"><span style=\"font-size: small;\"><span style=\"font-family: arial;\"><span dir=\"auto\">Federico Mayor Zaragoza recibe un ramo de flores junto a Agust\u00edn Blanco tras el encuentro celebrado en Juzbado.<\/span><\/span><\/span><\/td>\n<\/tr>\n<\/tbody>\n<\/table>\n<p><\/span><\/div>\n<div style=\"clear: both; text-align: center;\"><span style=\"font-size: medium;\"><br \/><\/span><\/div><\/p>\n","protected":false},"excerpt":{"rendered":"<p>El pasado 19 de diciembre nos dejaba Federico Mayor Zaragoza. Federico visit\u00f3 Juzbado un 28 de mayo de 2016. Le acompa\u00f1aron el Padre \u00c1ngel, Pedro Miguel Lamet y Valent\u00edn Cabero y los vecinos y amigos de Juzbado. Hablamos entonces de nuestro pa\u00eds, de la figura de Jos\u00e9 Mar\u00eda Mart\u00edn Patino, de la solidaridad entre los [&hellip;]<\/p>\n","protected":false},"author":2,"featured_media":794,"comment_status":"open","ping_status":"open","sticky":false,"template":"","format":"standard","meta":{"saved_in_kubio":false,"footnotes":""},"categories":[29,28,27,26],"tags":[],"class_list":["post-12","post","type-post","status-publish","format-standard","has-post-thumbnail","hentry","category-federico-mayor-zaragoza","category-jose-maria-martin-patino","category-pedro-lamet","category-valentin-cabero"],"_links":{"self":[{"href":"https:\/\/juzbado.es\/nuevaweb\/wp-json\/wp\/v2\/posts\/12","targetHints":{"allow":["GET"]}}],"collection":[{"href":"https:\/\/juzbado.es\/nuevaweb\/wp-json\/wp\/v2\/posts"}],"about":[{"href":"https:\/\/juzbado.es\/nuevaweb\/wp-json\/wp\/v2\/types\/post"}],"author":[{"embeddable":true,"href":"https:\/\/juzbado.es\/nuevaweb\/wp-json\/wp\/v2\/users\/2"}],"replies":[{"embeddable":true,"href":"https:\/\/juzbado.es\/nuevaweb\/wp-json\/wp\/v2\/comments?post=12"}],"version-history":[{"count":2,"href":"https:\/\/juzbado.es\/nuevaweb\/wp-json\/wp\/v2\/posts\/12\/revisions"}],"predecessor-version":[{"id":928,"href":"https:\/\/juzbado.es\/nuevaweb\/wp-json\/wp\/v2\/posts\/12\/revisions\/928"}],"wp:featuredmedia":[{"embeddable":true,"href":"https:\/\/juzbado.es\/nuevaweb\/wp-json\/wp\/v2\/media\/794"}],"wp:attachment":[{"href":"https:\/\/juzbado.es\/nuevaweb\/wp-json\/wp\/v2\/media?parent=12"}],"wp:term":[{"taxonomy":"category","embeddable":true,"href":"https:\/\/juzbado.es\/nuevaweb\/wp-json\/wp\/v2\/categories?post=12"},{"taxonomy":"post_tag","embeddable":true,"href":"https:\/\/juzbado.es\/nuevaweb\/wp-json\/wp\/v2\/tags?post=12"}],"curies":[{"name":"wp","href":"https:\/\/api.w.org\/{rel}","templated":true}]}}