{"id":121,"date":"2023-07-17T13:54:00","date_gmt":"2023-07-17T11:54:00","guid":{"rendered":"http:\/\/juzbado.es\/nuevaweb\/2023\/07\/17\/cine-al-aire-libre\/"},"modified":"2023-07-17T13:54:00","modified_gmt":"2023-07-17T11:54:00","slug":"cine-al-aire-libre","status":"publish","type":"post","link":"https:\/\/juzbado.es\/nuevaweb\/2023\/07\/17\/cine-al-aire-libre\/","title":{"rendered":"CINE AL AIRE LIBRE"},"content":{"rendered":"<p><span style=\"font-family: arial; font-size: medium;\">Este verano, dentro de la programaci\u00f3n cultural de verano, os proponemos tres pel\u00edculas al aire libre.&nbsp; Ser\u00e1n las siguientes:<\/span><\/p>\n<p><span style=\"font-family: arial; font-size: medium;\"><b>Lightyear,<\/b> el domingo 23 de julio de 2023<\/span><\/p>\n<p><span style=\"font-family: arial; font-size: medium;\"><b>Padre no hay m\u00e1s que uno 3<\/b>, el domingo 20 de agosto<\/span><\/p>\n<p><span style=\"font-family: arial; font-size: medium;\"><b>Canta 2<\/b>, el viernes 25 de agosto<\/span><\/p>\n<p><span style=\"font-family: arial; font-size: medium;\">Para las sesiones de cine no olvid\u00e9is llevar vuestra silla.&nbsp; Las pel\u00edculas se proyectar\u00e1n a partir de las 22:00 h.<\/span><\/p>\n<p><span style=\"font-family: arial; font-size: medium;\"><\/span><\/p>\n<div style=\"clear: both; text-align: center;\"><span style=\"font-family: arial; font-size: medium;\"><a href=\"https:\/\/blogger.googleusercontent.com\/img\/b\/R29vZ2xl\/AVvXsEiMtL5u0VGTqPiRAIxM4Tmo3kGATEHu1QHkrEYkrhPphbr8WV0V0lrI-MFzk7gZ2H-UaaiJ9yhCXi9q8qZOgK3cLFPrCoz2tQVoKs3omZgSLOI47W6ey9Ql_mYZ5CAroT02jaJwxQx0LVeMn3jwmeSGOrOsDF-Qxzpl--fR6_vCU5AeTm-uaj3iV0Un958\/s1600\/WhatsApp%20Image%202023-08-20%20at%2018.27.42.jpeg\" style=\"margin-left: 1em; margin-right: 1em;\"><img loading=\"lazy\" decoding=\"async\" border=\"0\" data-original-height=\"1600\" data-original-width=\"1600\" height=\"640\" src=\"https:\/\/blogger.googleusercontent.com\/img\/b\/R29vZ2xl\/AVvXsEiMtL5u0VGTqPiRAIxM4Tmo3kGATEHu1QHkrEYkrhPphbr8WV0V0lrI-MFzk7gZ2H-UaaiJ9yhCXi9q8qZOgK3cLFPrCoz2tQVoKs3omZgSLOI47W6ey9Ql_mYZ5CAroT02jaJwxQx0LVeMn3jwmeSGOrOsDF-Qxzpl--fR6_vCU5AeTm-uaj3iV0Un958\/w640-h640\/WhatsApp%20Image%202023-08-20%20at%2018.27.42.jpeg\" width=\"640\" \/><\/a><\/span><\/div>\n<p><\/p>\n<p><\/p>\n","protected":false},"excerpt":{"rendered":"<p>Este verano, dentro de la programaci\u00f3n cultural de verano, os proponemos tres pel\u00edculas al aire libre.&nbsp; Ser\u00e1n las siguientes: Lightyear, el domingo 23 de julio de 2023 Padre no hay m\u00e1s que uno 3, el domingo 20 de agosto Canta 2, el viernes 25 de agosto Para las sesiones de cine no olvid\u00e9is llevar vuestra [&hellip;]<\/p>\n","protected":false},"author":2,"featured_media":0,"comment_status":"open","ping_status":"open","sticky":false,"template":"","format":"standard","meta":{"saved_in_kubio":false,"footnotes":""},"categories":[356,371],"tags":[],"class_list":["post-121","post","type-post","status-publish","format-standard","hentry","category-arte-en-verano-2023","category-cine"],"_links":{"self":[{"href":"https:\/\/juzbado.es\/nuevaweb\/wp-json\/wp\/v2\/posts\/121","targetHints":{"allow":["GET"]}}],"collection":[{"href":"https:\/\/juzbado.es\/nuevaweb\/wp-json\/wp\/v2\/posts"}],"about":[{"href":"https:\/\/juzbado.es\/nuevaweb\/wp-json\/wp\/v2\/types\/post"}],"author":[{"embeddable":true,"href":"https:\/\/juzbado.es\/nuevaweb\/wp-json\/wp\/v2\/users\/2"}],"replies":[{"embeddable":true,"href":"https:\/\/juzbado.es\/nuevaweb\/wp-json\/wp\/v2\/comments?post=121"}],"version-history":[{"count":0,"href":"https:\/\/juzbado.es\/nuevaweb\/wp-json\/wp\/v2\/posts\/121\/revisions"}],"wp:attachment":[{"href":"https:\/\/juzbado.es\/nuevaweb\/wp-json\/wp\/v2\/media?parent=121"}],"wp:term":[{"taxonomy":"category","embeddable":true,"href":"https:\/\/juzbado.es\/nuevaweb\/wp-json\/wp\/v2\/categories?post=121"},{"taxonomy":"post_tag","embeddable":true,"href":"https:\/\/juzbado.es\/nuevaweb\/wp-json\/wp\/v2\/tags?post=121"}],"curies":[{"name":"wp","href":"https:\/\/api.w.org\/{rel}","templated":true}]}}