{"id":123,"date":"2023-07-12T11:30:00","date_gmt":"2023-07-12T09:30:00","guid":{"rendered":"http:\/\/juzbado.es\/nuevaweb\/2023\/07\/12\/taller-al-otro-lado-del-marco\/"},"modified":"2023-07-12T11:30:00","modified_gmt":"2023-07-12T09:30:00","slug":"taller-al-otro-lado-del-marco","status":"publish","type":"post","link":"https:\/\/juzbado.es\/nuevaweb\/2023\/07\/12\/taller-al-otro-lado-del-marco\/","title":{"rendered":"TALLER AL OTRO LADO DEL MARCO"},"content":{"rendered":"<div style=\"text-align: justify;\"><span style=\"font-size: medium;\"><span style=\"font-family: arial;\">El <b>pr\u00f3ximo s\u00e1bado 22 de julio a las 22:00 h.<\/b> en el sal\u00f3n de actos os invitamos a participar en el taller titulado \u00abAl otro lado del marco\u00bb.&nbsp; Se trata de una propuesta participativa e interactiva&nbsp; a trav\u00e9s de la cu\u00e1l buscaremos hablar de la<br \/>\ninmigraci\u00f3n, sus causas, la realidad social por la que se genera y sobre<br \/>\n todo, lo que implica para muchas familias cambiar de pa\u00eds y comenzar con un nuevo proyecto<br \/>\nvital.<\/span><\/span><\/div>\n<div style=\"text-align: justify;\"><span style=\"font-size: medium;\"><span style=\"font-family: arial;\"><br \/><\/span><\/span><\/div>\n<div style=\"text-align: justify;\"><span style=\"font-size: medium;\"><span style=\"font-family: arial;\">Durante el<br \/>\ndesarrollo del taller se compartir\u00e1n experiencias personales del<br \/>\nejecutante (Jorge Rastrel), las cuales son fruto de su trabajo en el \u00e1mbito de la<br \/>\ninmigraci\u00f3n durante varios a\u00f1os.&nbsp; La sesi\u00f3n gratuita y con aforo limitado de 40 personas se realizar\u00e1 en torno al arte del ilusionismo, generando una atm\u00f3sfera que<br \/>\nutiliza la magia como narraci\u00f3n y v\u00eda para contar y empatizar con las<br \/>\nsituaciones expuestas.&nbsp;&nbsp;<\/span><\/span><\/div>\n<div style=\"text-align: justify;\"><span style=\"font-size: medium;\"><span style=\"font-family: arial;\">&nbsp;<\/span><\/span><\/div>\n<div style=\"text-align: justify;\"><span style=\"font-size: medium;\"><span style=\"font-family: arial;\">Esta propuesta est\u00e1 ligada al encuentro intercultural que se celebrar\u00e1 el d\u00eda 29 de julio, durante el cu\u00e1l los vecinos de Juzbado recibir\u00e1n a medio centenar de familias en acogida gracias al trabajo y colaboraci\u00f3n de la ONG <a href=\"https:\/\/www.accem.es\/\" target=\"_blank\">ACCEM Salamanca<\/a>. Hemos celebrado jornadas previas que pod\u00e9is conocer mejor <a href=\"https:\/\/juzbado.blogspot.com\/search?q=multicultural&amp;max-results=20&amp;by-date=true\" target=\"_blank\">aqu\u00ed<\/a> y en las que participa activamente la <a href=\"https:\/\/juzbado.blogspot.com\/p\/asociaciones.html\" target=\"_blank\">Asociaci\u00f3n de Mayores de Juzbado<\/a>.<br \/><\/span><\/span><\/div>\n<div style=\"text-align: justify;\"><span style=\"font-size: medium;\"><span style=\"font-family: arial;\">&nbsp;<\/span><\/span><\/div>\n<div style=\"text-align: justify;\"><span style=\"font-size: medium;\"><span style=\"font-family: arial;\">La propuesta est\u00e1&nbsp; financiada por la <a href=\"https:\/\/www.google.com\/url?sa=t&amp;rct=j&amp;q=&amp;esrc=s&amp;source=web&amp;cd=&amp;cad=rja&amp;uact=8&amp;ved=2ahUKEwjvtcq9-oiAAxXK0QIHHQr2DLYQFnoECBQQAQ&amp;url=http%3A%2F%2Fwww.lasalina.es%2F&amp;usg=AOvVaw1ypSU1fLvX7BRQDCkxLjge&amp;opi=89978449\" target=\"_blank\">Diputaci\u00f3n de Salamanca<\/a> a trav\u00e9s del <a href=\"https:\/\/www.google.com\/url?sa=t&amp;rct=j&amp;q=&amp;esrc=s&amp;source=web&amp;cd=&amp;cad=rja&amp;uact=8&amp;ved=2ahUKEwiflrTF-oiAAxUY1QIHHYbMBN8QFnoECBUQAQ&amp;url=http%3A%2F%2Fwww.lasalina.es%2FAplicaciones%2FGestorInter.jsp%3Fprestacion%3DCipublico%26funcion%3DMuestraInformacionCeas0%26codCeas%3D6&amp;usg=AOvVaw18CkzAMMH-STmeFJJRyDzM&amp;opi=89978449\" target=\"_blank\">CEAS de Ledesma<\/a> con la colaboraci\u00f3n de las <a href=\"https:\/\/juzbado.blogspot.com\/p\/asociaciones.html\" target=\"_blank\">asociaciones del municipio de Juzbado<\/a> y el Ayuntamiento de Juzbado.<\/span><\/span><\/div>\n<div style=\"text-align: justify;\"><span style=\"font-size: medium;\"><\/p>\n<div style=\"clear: both; text-align: center;\"><a href=\"https:\/\/blogger.googleusercontent.com\/img\/b\/R29vZ2xl\/AVvXsEi1kN7qv3MXvfcUk4GeibrO6Hpa6KHU0IHnMPhA7hbsIP5JCv2NxzzdOxwVxOK87WriuUg_AoG8G07P8at4gSOsz5s41WO5NqdJ6UeUZo6KrpshiydzumCI-x7FxgHCCMMERe_inrE4OOIAYTqPwtrWVOB7ueisJuh1Wj_Fc2NgjXGIYlejsQZNXvFt4Ms\/s687\/JUZBADO%20Jorge%20rastrel.jpg\" style=\"margin-left: 1em; margin-right: 1em;\"><img loading=\"lazy\" decoding=\"async\" alt=\"Juzbado, Jorge Rastrel, Magia, ACCEM,Diputaci\u00f3n de Salamanca,ceas,\" border=\"0\" data-original-height=\"687\" data-original-width=\"483\" height=\"640\" src=\"https:\/\/blogger.googleusercontent.com\/img\/b\/R29vZ2xl\/AVvXsEi1kN7qv3MXvfcUk4GeibrO6Hpa6KHU0IHnMPhA7hbsIP5JCv2NxzzdOxwVxOK87WriuUg_AoG8G07P8at4gSOsz5s41WO5NqdJ6UeUZo6KrpshiydzumCI-x7FxgHCCMMERe_inrE4OOIAYTqPwtrWVOB7ueisJuh1Wj_Fc2NgjXGIYlejsQZNXvFt4Ms\/w450-h640\/JUZBADO%20Jorge%20rastrel.jpg\" title=\"Juzbado, Jorge Rastrel, Magia, ACCEM,Diputaci\u00f3n de Salamanca,ceas,\" width=\"450\" \/><\/a><\/div>\n<p><\/span><\/div>\n","protected":false},"excerpt":{"rendered":"<p>El pr\u00f3ximo s\u00e1bado 22 de julio a las 22:00 h. en el sal\u00f3n de actos os invitamos a participar en el taller titulado \u00abAl otro lado del marco\u00bb.&nbsp; Se trata de una propuesta participativa e interactiva&nbsp; a trav\u00e9s de la cu\u00e1l buscaremos hablar de la inmigraci\u00f3n, sus causas, la realidad social por la que se [&hellip;]<\/p>\n","protected":false},"author":2,"featured_media":0,"comment_status":"open","ping_status":"open","sticky":false,"template":"","format":"standard","meta":{"saved_in_kubio":false,"footnotes":""},"categories":[7,83,55,379,378],"tags":[],"class_list":["post-123","post","type-post","status-publish","format-standard","hentry","category-accem","category-ceas","category-diputacion-de-salamanca","category-jorge-rastrel","category-magia"],"_links":{"self":[{"href":"https:\/\/juzbado.es\/nuevaweb\/wp-json\/wp\/v2\/posts\/123","targetHints":{"allow":["GET"]}}],"collection":[{"href":"https:\/\/juzbado.es\/nuevaweb\/wp-json\/wp\/v2\/posts"}],"about":[{"href":"https:\/\/juzbado.es\/nuevaweb\/wp-json\/wp\/v2\/types\/post"}],"author":[{"embeddable":true,"href":"https:\/\/juzbado.es\/nuevaweb\/wp-json\/wp\/v2\/users\/2"}],"replies":[{"embeddable":true,"href":"https:\/\/juzbado.es\/nuevaweb\/wp-json\/wp\/v2\/comments?post=123"}],"version-history":[{"count":0,"href":"https:\/\/juzbado.es\/nuevaweb\/wp-json\/wp\/v2\/posts\/123\/revisions"}],"wp:attachment":[{"href":"https:\/\/juzbado.es\/nuevaweb\/wp-json\/wp\/v2\/media?parent=123"}],"wp:term":[{"taxonomy":"category","embeddable":true,"href":"https:\/\/juzbado.es\/nuevaweb\/wp-json\/wp\/v2\/categories?post=123"},{"taxonomy":"post_tag","embeddable":true,"href":"https:\/\/juzbado.es\/nuevaweb\/wp-json\/wp\/v2\/tags?post=123"}],"curies":[{"name":"wp","href":"https:\/\/api.w.org\/{rel}","templated":true}]}}