{"id":124,"date":"2023-07-06T15:47:00","date_gmt":"2023-07-06T13:47:00","guid":{"rendered":"http:\/\/juzbado.es\/nuevaweb\/2023\/07\/06\/artes-plasticas-en-verano\/"},"modified":"2023-07-06T15:47:00","modified_gmt":"2023-07-06T13:47:00","slug":"artes-plasticas-en-verano","status":"publish","type":"post","link":"https:\/\/juzbado.es\/nuevaweb\/2023\/07\/06\/artes-plasticas-en-verano\/","title":{"rendered":"ARTES PL\u00c1STICAS EN VERANO"},"content":{"rendered":"<p style=\"text-align: justify;\"><span style=\"font-family: arial;\"><span style=\"font-size: medium;\">Os anunciamos el inicio de las clases de pintura que hemos denominado \u00abartes pl\u00e1sticas\u00bb. Son sesiones dirigidas principalmente a adultos, gratuitas y que imparte Montserrat Gonz\u00e1lez. Se celebrar\u00e1n todos los lunes y mi\u00e9rcoles de julio y agosto en el sal\u00f3n del hogar.&nbsp;<\/span><\/span><\/p>\n<p style=\"text-align: justify;\"><span style=\"font-family: arial;\"><span style=\"font-size: medium;\"><\/span><\/span><\/p>\n<div style=\"clear: both; text-align: center;\"><span style=\"font-size: medium;\"><a href=\"https:\/\/blogger.googleusercontent.com\/img\/b\/R29vZ2xl\/AVvXsEjwGQ3gZrsv0WKrP0WpkISGLOYCcY3mBuwud258kSqHrn7hEPc-a63GuNuc1sDPSb0I5EQtLxceEYDpdV8-u5F6BsdpXX0NKhdgXwg315OVgDyppR7azLbSXUzJXA6Yx10dwmNcQXk5eCaeXxXMAi1mOLV4Xo5YPk_zGUKZKR5JvdFYHCayVWouNXLIkSM\/s2480\/ARTES%20PL%C3%81STICAS%20EN%20VERANO%202023%20INSTAGRAM.jpg\" style=\"margin-left: 1em; margin-right: 1em;\"><img loading=\"lazy\" decoding=\"async\" alt=\"Juzbado, clases de pintura, verano 2023\" border=\"0\" data-original-height=\"2480\" data-original-width=\"2480\" height=\"640\" src=\"https:\/\/blogger.googleusercontent.com\/img\/b\/R29vZ2xl\/AVvXsEjwGQ3gZrsv0WKrP0WpkISGLOYCcY3mBuwud258kSqHrn7hEPc-a63GuNuc1sDPSb0I5EQtLxceEYDpdV8-u5F6BsdpXX0NKhdgXwg315OVgDyppR7azLbSXUzJXA6Yx10dwmNcQXk5eCaeXxXMAi1mOLV4Xo5YPk_zGUKZKR5JvdFYHCayVWouNXLIkSM\/w640-h640\/ARTES%20PL%C3%81STICAS%20EN%20VERANO%202023%20INSTAGRAM.jpg\" title=\"Juzbado, clases de pintura, verano 2023\" width=\"640\" \/><\/a><\/span><\/div><\/p>\n","protected":false},"excerpt":{"rendered":"<p>Os anunciamos el inicio de las clases de pintura que hemos denominado \u00abartes pl\u00e1sticas\u00bb. Son sesiones dirigidas principalmente a adultos, gratuitas y que imparte Montserrat Gonz\u00e1lez. Se celebrar\u00e1n todos los lunes y mi\u00e9rcoles de julio y agosto en el sal\u00f3n del hogar.&nbsp;<\/p>\n","protected":false},"author":2,"featured_media":0,"comment_status":"open","ping_status":"open","sticky":false,"template":"","format":"standard","meta":{"saved_in_kubio":false,"footnotes":""},"categories":[160,356,358,162],"tags":[],"class_list":["post-124","post","type-post","status-publish","format-standard","hentry","category-arte-en-verano","category-arte-en-verano-2023","category-artes-plasticas","category-montserrat-gonzalez"],"_links":{"self":[{"href":"https:\/\/juzbado.es\/nuevaweb\/wp-json\/wp\/v2\/posts\/124","targetHints":{"allow":["GET"]}}],"collection":[{"href":"https:\/\/juzbado.es\/nuevaweb\/wp-json\/wp\/v2\/posts"}],"about":[{"href":"https:\/\/juzbado.es\/nuevaweb\/wp-json\/wp\/v2\/types\/post"}],"author":[{"embeddable":true,"href":"https:\/\/juzbado.es\/nuevaweb\/wp-json\/wp\/v2\/users\/2"}],"replies":[{"embeddable":true,"href":"https:\/\/juzbado.es\/nuevaweb\/wp-json\/wp\/v2\/comments?post=124"}],"version-history":[{"count":0,"href":"https:\/\/juzbado.es\/nuevaweb\/wp-json\/wp\/v2\/posts\/124\/revisions"}],"wp:attachment":[{"href":"https:\/\/juzbado.es\/nuevaweb\/wp-json\/wp\/v2\/media?parent=124"}],"wp:term":[{"taxonomy":"category","embeddable":true,"href":"https:\/\/juzbado.es\/nuevaweb\/wp-json\/wp\/v2\/categories?post=124"},{"taxonomy":"post_tag","embeddable":true,"href":"https:\/\/juzbado.es\/nuevaweb\/wp-json\/wp\/v2\/tags?post=124"}],"curies":[{"name":"wp","href":"https:\/\/api.w.org\/{rel}","templated":true}]}}