{"id":125,"date":"2023-07-05T14:02:00","date_gmt":"2023-07-05T12:02:00","guid":{"rendered":"http:\/\/juzbado.es\/nuevaweb\/2023\/07\/05\/arte-en-verano-2023\/"},"modified":"2023-07-05T14:02:00","modified_gmt":"2023-07-05T12:02:00","slug":"arte-en-verano-2023","status":"publish","type":"post","link":"https:\/\/juzbado.es\/nuevaweb\/2023\/07\/05\/arte-en-verano-2023\/","title":{"rendered":"ARTE EN VERANO 2023"},"content":{"rendered":"<p style=\"text-align: justify;\"><span style=\"font-family: arial;\"><span style=\"font-size: medium;\">Un verano m\u00e1s arrancamos con el programa Arte en verano.&nbsp; En esta ocasi\u00f3n volvemos a contar con la presencia imprescindible de Montserrat Gonz\u00e1lez para la coordinaci\u00f3n de las propuestas art\u00edsticas y pl\u00e1sticas que se desarrollar\u00e1n durante los meses de julio y agosto en nuestro pueblo.&nbsp; Se trata de un programa de participaci\u00f3n infantil gratuito dirigido a todos nuestros peque\u00f1os y j\u00f3venes que ha intervenido en espacio p\u00fablicos de Juzbado desde hace m\u00e1s de una d\u00e9cada.&nbsp; Este a\u00f1o se prev\u00e9 intervenir en las \u00e1reas pr\u00f3ximas del parque infantil, los espacios del recinto deportivo de las piscinas o en un huerto m\u00f3vil infantil.&nbsp; Os mantendremos informaci\u00f3n de las propuestas y resultados obtenidos.<\/span><\/span><\/p>\n<p style=\"text-align: justify;\"><span style=\"font-family: arial;\"><span style=\"font-size: medium;\"><\/span><\/span><\/p>\n<div style=\"clear: both; text-align: center;\"><span style=\"font-size: medium;\"><a href=\"https:\/\/blogger.googleusercontent.com\/img\/b\/R29vZ2xl\/AVvXsEhHtVGLBBqckRdDF94MiBnoGLlTGo8GF3EDQ4gWkjqxwz6PkBUrMIsJH2ix9ai2AAr7oJJ9usOPy2xiSqZtJcOTNqASZsocFXVAz6fg4_RwfFD3yBJJcKburtjE0TFsZrySb74YjfQ3uvaFYDgQ-ER2g4dtdd7p1LMlCXqWszLkJNEINnfaYOt5HPwIyDs\/s3508\/ARTE%20EN%20VERANO%202023.jpg\" style=\"margin-left: 1em; margin-right: 1em;\"><img loading=\"lazy\" decoding=\"async\" alt=\"Juzbado, arte en verano, verano 2023\" border=\"0\" data-original-height=\"3508\" data-original-width=\"2480\" height=\"640\" src=\"https:\/\/blogger.googleusercontent.com\/img\/b\/R29vZ2xl\/AVvXsEhHtVGLBBqckRdDF94MiBnoGLlTGo8GF3EDQ4gWkjqxwz6PkBUrMIsJH2ix9ai2AAr7oJJ9usOPy2xiSqZtJcOTNqASZsocFXVAz6fg4_RwfFD3yBJJcKburtjE0TFsZrySb74YjfQ3uvaFYDgQ-ER2g4dtdd7p1LMlCXqWszLkJNEINnfaYOt5HPwIyDs\/w452-h640\/ARTE%20EN%20VERANO%202023.jpg\" title=\"Juzbado, arte en verano, verano 2023\" width=\"452\" \/><\/a><\/span><\/div>\n<p><span style=\"font-size: medium;\"><br \/>&nbsp;<\/span><\/p>\n","protected":false},"excerpt":{"rendered":"<p>Un verano m\u00e1s arrancamos con el programa Arte en verano.&nbsp; En esta ocasi\u00f3n volvemos a contar con la presencia imprescindible de Montserrat Gonz\u00e1lez para la coordinaci\u00f3n de las propuestas art\u00edsticas y pl\u00e1sticas que se desarrollar\u00e1n durante los meses de julio y agosto en nuestro pueblo.&nbsp; Se trata de un programa de participaci\u00f3n infantil gratuito dirigido [&hellip;]<\/p>\n","protected":false},"author":2,"featured_media":0,"comment_status":"open","ping_status":"open","sticky":false,"template":"","format":"standard","meta":{"saved_in_kubio":false,"footnotes":""},"categories":[355,160,356,357,324],"tags":[],"class_list":["post-125","post","type-post","status-publish","format-standard","hentry","category-arte","category-arte-en-verano","category-arte-en-verano-2023","category-arte-rural","category-infancia"],"_links":{"self":[{"href":"https:\/\/juzbado.es\/nuevaweb\/wp-json\/wp\/v2\/posts\/125","targetHints":{"allow":["GET"]}}],"collection":[{"href":"https:\/\/juzbado.es\/nuevaweb\/wp-json\/wp\/v2\/posts"}],"about":[{"href":"https:\/\/juzbado.es\/nuevaweb\/wp-json\/wp\/v2\/types\/post"}],"author":[{"embeddable":true,"href":"https:\/\/juzbado.es\/nuevaweb\/wp-json\/wp\/v2\/users\/2"}],"replies":[{"embeddable":true,"href":"https:\/\/juzbado.es\/nuevaweb\/wp-json\/wp\/v2\/comments?post=125"}],"version-history":[{"count":0,"href":"https:\/\/juzbado.es\/nuevaweb\/wp-json\/wp\/v2\/posts\/125\/revisions"}],"wp:attachment":[{"href":"https:\/\/juzbado.es\/nuevaweb\/wp-json\/wp\/v2\/media?parent=125"}],"wp:term":[{"taxonomy":"category","embeddable":true,"href":"https:\/\/juzbado.es\/nuevaweb\/wp-json\/wp\/v2\/categories?post=125"},{"taxonomy":"post_tag","embeddable":true,"href":"https:\/\/juzbado.es\/nuevaweb\/wp-json\/wp\/v2\/tags?post=125"}],"curies":[{"name":"wp","href":"https:\/\/api.w.org\/{rel}","templated":true}]}}