{"id":130,"date":"2023-06-13T12:17:00","date_gmt":"2023-06-13T10:17:00","guid":{"rendered":"http:\/\/juzbado.es\/nuevaweb\/2023\/06\/13\/apertura-de-las-piscinas-municipales-de-juzbado\/"},"modified":"2023-06-13T12:17:00","modified_gmt":"2023-06-13T10:17:00","slug":"apertura-de-las-piscinas-municipales-de-juzbado","status":"publish","type":"post","link":"https:\/\/juzbado.es\/nuevaweb\/2023\/06\/13\/apertura-de-las-piscinas-municipales-de-juzbado\/","title":{"rendered":"APERTURA DE LAS PISCINAS MUNICIPALES DE JUZBADO"},"content":{"rendered":"<p style=\"text-align: justify;\"><span style=\"font-family: arial; font-size: medium;\"><span>El pr\u00f3ximo s\u00e1bado 17 de junio se abren al p\u00fablico las<br \/>\npiscinas municipales de Juzbado.<span>&nbsp; <\/span>Se<br \/>\ntrata <span>&nbsp;<\/span>de la d\u00e9cima temporada (aunque en<br \/>\n2020 no se abrieron) y este a\u00f1o <b>os anunciamos algunas novedades.<span>&nbsp;&nbsp;<\/span><\/b><\/span><\/span><\/p>\n<p style=\"text-align: justify;\"><span style=\"font-family: arial;\"><span style=\"font-size: small;\"><span><\/span><\/span><\/span><\/p>\n<div style=\"clear: both; text-align: center;\"><span style=\"font-size: small;\"><a href=\"https:\/\/blogger.googleusercontent.com\/img\/b\/R29vZ2xl\/AVvXsEgnoWxPsp4vQeZK8o69aEZZnsFYVURasCsoNl0pnhzQfA9LpVtMW77IreEcIen2wma1utIHrr2rG7frFMnJGoMsq8gs-aWFIkT8KL2ixYuZfeqI_JOHRHcMIa96W6a-oktf2WwU3lWP63-F_4xgvawg1QwSUCIkToMB1XJEAiJ0L9aRV_oziR2Xc4UG\/s2480\/Apertura%20piscinas%20municipales%202023.jpg\" style=\"margin-left: 1em; margin-right: 1em;\"><img loading=\"lazy\" decoding=\"async\" border=\"0\" data-original-height=\"2480\" data-original-width=\"2480\" height=\"640\" src=\"https:\/\/blogger.googleusercontent.com\/img\/b\/R29vZ2xl\/AVvXsEgnoWxPsp4vQeZK8o69aEZZnsFYVURasCsoNl0pnhzQfA9LpVtMW77IreEcIen2wma1utIHrr2rG7frFMnJGoMsq8gs-aWFIkT8KL2ixYuZfeqI_JOHRHcMIa96W6a-oktf2WwU3lWP63-F_4xgvawg1QwSUCIkToMB1XJEAiJ0L9aRV_oziR2Xc4UG\/w640-h640\/Apertura%20piscinas%20municipales%202023.jpg\" width=\"640\" \/><\/a><\/span><\/div>\n<p><span style=\"font-size: small;\"><br \/><\/span><\/p>\n<p style=\"text-align: justify;\"><span style=\"font-family: arial; font-size: medium;\"><span>La primera es que se adelanta la apertura a<br \/>\nmedidas de junio. Si lo comparamos con a\u00f1os anteriores, son 15 d\u00edas los que<br \/>\naumenta la temporada de ba\u00f1os.<span>&nbsp; <\/span>Y, la<br \/>\nsegunda, es que la <b>cloraci\u00f3n de la piscina grande ser\u00e1 con sal<\/b>, es decir, mediante<br \/>\nun clorador salino instalado esta primavera.<span>&nbsp;<br \/>\n<\/span>Ser\u00e1 una gran novedad por cuanto reducir\u00e1 la presencia de cloro qu\u00edmico,<br \/>\n\u00e1cido isocian\u00farico o gases en el agua, mejorando la calidad, sostenibilidad y<br \/>\nconfort de todos los usuarios y del recinto.<span>&nbsp;<br \/>\n<\/span><b>Los abonos se podr\u00e1n adquirir a partir del viernes 16 en la secretar\u00eda del<br \/>\nayuntamiento (lunes y viernes de 9:00 h. a 14.,00 h.).<span>&nbsp; <\/span>Las<a href=\"http:\/\/juzbado.blogspot.com\/p\/piscinas.html\" target=\"_blank\"> tarifas vigentes<\/a> de este a\u00f1o son las<br \/>\nmismas que el a\u00f1o pasado y el horario de la piscinas -la tercera novedad- se<br \/>\naumenta hasta las 20:30 h. <span>&nbsp;<\/span><\/b><\/span><\/span><\/p>\n<p style=\"text-align: justify;\"><span style=\"font-family: arial; font-size: medium;\"><span><b>Los socorristas<br \/>\nson Adri\u00e1n y Enrique<\/b> que ser\u00e1n las personas encargadas de velar por la<br \/>\nseguridad de todos los usuarios y atender cualquier necesidad.<span>&nbsp; <\/span>Os recordamos que a partir del 17 de junio el<br \/>\n<a href=\"https:\/\/www.instagram.com\/piscinasdejuzbado\/\" target=\"_blank\">Bar Restaurante Las Piscinas<\/a>, regentado por David y Karem, estar\u00e1 abierto ininterrumpidamente desde<br \/>\nlas 11 h. hasta cierre.<\/span><\/span><\/p>\n","protected":false},"excerpt":{"rendered":"<p>El pr\u00f3ximo s\u00e1bado 17 de junio se abren al p\u00fablico las piscinas municipales de Juzbado.&nbsp; Se trata &nbsp;de la d\u00e9cima temporada (aunque en 2020 no se abrieron) y este a\u00f1o os anunciamos algunas novedades.&nbsp;&nbsp; La primera es que se adelanta la apertura a medidas de junio. Si lo comparamos con a\u00f1os anteriores, son 15 d\u00edas [&hellip;]<\/p>\n","protected":false},"author":2,"featured_media":0,"comment_status":"open","ping_status":"open","sticky":false,"template":"","format":"standard","meta":{"saved_in_kubio":false,"footnotes":""},"categories":[285,391,120,381,119,178,339,369],"tags":[],"class_list":["post-130","post","type-post","status-publish","format-standard","hentry","category-285","category-bar","category-bar-restaurante-piscinas-municipales","category-junio","category-piscinas-de-juzbado","category-piscinas-municipales","category-verano-2023","category-verano-en-juzbado"],"_links":{"self":[{"href":"https:\/\/juzbado.es\/nuevaweb\/wp-json\/wp\/v2\/posts\/130","targetHints":{"allow":["GET"]}}],"collection":[{"href":"https:\/\/juzbado.es\/nuevaweb\/wp-json\/wp\/v2\/posts"}],"about":[{"href":"https:\/\/juzbado.es\/nuevaweb\/wp-json\/wp\/v2\/types\/post"}],"author":[{"embeddable":true,"href":"https:\/\/juzbado.es\/nuevaweb\/wp-json\/wp\/v2\/users\/2"}],"replies":[{"embeddable":true,"href":"https:\/\/juzbado.es\/nuevaweb\/wp-json\/wp\/v2\/comments?post=130"}],"version-history":[{"count":0,"href":"https:\/\/juzbado.es\/nuevaweb\/wp-json\/wp\/v2\/posts\/130\/revisions"}],"wp:attachment":[{"href":"https:\/\/juzbado.es\/nuevaweb\/wp-json\/wp\/v2\/media?parent=130"}],"wp:term":[{"taxonomy":"category","embeddable":true,"href":"https:\/\/juzbado.es\/nuevaweb\/wp-json\/wp\/v2\/categories?post=130"},{"taxonomy":"post_tag","embeddable":true,"href":"https:\/\/juzbado.es\/nuevaweb\/wp-json\/wp\/v2\/tags?post=130"}],"curies":[{"name":"wp","href":"https:\/\/api.w.org\/{rel}","templated":true}]}}