{"id":132,"date":"2023-05-15T16:07:00","date_gmt":"2023-05-15T14:07:00","guid":{"rendered":"http:\/\/juzbado.es\/nuevaweb\/2023\/05\/15\/concierto-de-clarinetes\/"},"modified":"2023-05-15T16:07:00","modified_gmt":"2023-05-15T14:07:00","slug":"concierto-de-clarinetes","status":"publish","type":"post","link":"https:\/\/juzbado.es\/nuevaweb\/2023\/05\/15\/concierto-de-clarinetes\/","title":{"rendered":"CONCIERTO DE CLARINETES"},"content":{"rendered":"<p style=\"text-align: justify;\"><span style=\"font-family: arial;\"><span style=\"font-size: medium;\">La joven y prometedora formaci\u00f3n de clarinetes de la Escuela de M\u00fasica Sirinx nos reuni\u00f3 el pasado s\u00e1bado 13 de mayo para escuchar 12 canciones latinoamericanas y pasodobles.&nbsp; Desde aqu\u00ed queremos compartir nuestros deseos&nbsp; de muchos m\u00e1s conciertos y \u00e9xitos as\u00ed como dar la enhorabuena a todos los int\u00e9rpretes y a su director Juli\u00e1n Ballesteros. Compartimos algunas fotograf\u00edas del acto.<\/span><\/span><\/p>\n<p style=\"text-align: justify;\"><span style=\"font-family: arial;\"><span style=\"font-size: medium;\"><\/span><\/span><\/p>\n<div style=\"clear: both; text-align: center;\"><span style=\"font-size: medium;\"><a href=\"https:\/\/blogger.googleusercontent.com\/img\/b\/R29vZ2xl\/AVvXsEjqR2KkOh2_JdFUUfmYTuxlFiuTSpLd5TNsrCdzULcWnjRfO23h4LzqbfMM2BtGM19FyIhur9zf52MOZvQsL2zeZYU_MUdcUT4xqUoizBWU-wbEnm3m1VaJMRsVGdvvCCHvReYrc8OkXVNFRSoeNmhq-StSJoKZ1Bka2ESBQtfrFGEwXD7v2K7-Nm8o\/s1600\/WhatsApp%20Image%202023-05-14%20at%2010.22.14.jpeg\" style=\"margin-left: 1em; margin-right: 1em;\"><img loading=\"lazy\" decoding=\"async\" alt=\"Juzbado, Clarinetes, Escuela M\u00fasica Sirinx\" border=\"0\" data-original-height=\"739\" data-original-width=\"1600\" height=\"296\" src=\"https:\/\/blogger.googleusercontent.com\/img\/b\/R29vZ2xl\/AVvXsEjqR2KkOh2_JdFUUfmYTuxlFiuTSpLd5TNsrCdzULcWnjRfO23h4LzqbfMM2BtGM19FyIhur9zf52MOZvQsL2zeZYU_MUdcUT4xqUoizBWU-wbEnm3m1VaJMRsVGdvvCCHvReYrc8OkXVNFRSoeNmhq-StSJoKZ1Bka2ESBQtfrFGEwXD7v2K7-Nm8o\/w640-h296\/WhatsApp%20Image%202023-05-14%20at%2010.22.14.jpeg\" title=\"Juzbado, Clarinetes, Escuela M\u00fasica Sirinx\" width=\"640\" \/><\/a><\/span><\/div>\n<\/p>\n<p style=\"text-align: justify;\"><span style=\"font-family: arial;\"><span><\/span><\/span><\/p>\n<p><a name='more'><\/a><span style=\"font-size: medium;\"><\/p>\n<div style=\"clear: both; text-align: center;\"><a href=\"https:\/\/blogger.googleusercontent.com\/img\/b\/R29vZ2xl\/AVvXsEjYi7TC0vYDwlWG4-Ha6eUMCFKPGFmrjhMQwhs_5WFizb1LxsPBGjWM8BGkUL3zL1Gne5t1bKPL46BlTE3JCWflgClgm7m_UUYdPq_tFXTDw4Y71K_324w7wykE79439IfQeTE21h_7NxLq3TH4vyZCN6gB43Q2fEXR_iz8Q2KlrJW09N9WH5gm54iT\/s1600\/WhatsApp%20Image%202023-05-14%20at%2010.22.15(1).jpeg\" style=\"margin-left: 1em; margin-right: 1em;\"><img loading=\"lazy\" decoding=\"async\" alt=\"Juzbado, Clarinetes, Escuela M\u00fasica Sirinx\" border=\"0\" data-original-height=\"1599\" data-original-width=\"1600\" height=\"640\" src=\"https:\/\/blogger.googleusercontent.com\/img\/b\/R29vZ2xl\/AVvXsEjYi7TC0vYDwlWG4-Ha6eUMCFKPGFmrjhMQwhs_5WFizb1LxsPBGjWM8BGkUL3zL1Gne5t1bKPL46BlTE3JCWflgClgm7m_UUYdPq_tFXTDw4Y71K_324w7wykE79439IfQeTE21h_7NxLq3TH4vyZCN6gB43Q2fEXR_iz8Q2KlrJW09N9WH5gm54iT\/w640-h640\/WhatsApp%20Image%202023-05-14%20at%2010.22.15(1).jpeg\" title=\"Juzbado, Clarinetes, Escuela M\u00fasica Sirinx\" width=\"640\" \/><\/a><\/div>\n<p><\/p>\n<div style=\"clear: both; text-align: center;\"><a href=\"https:\/\/blogger.googleusercontent.com\/img\/b\/R29vZ2xl\/AVvXsEjt8Ea--vQX-EC357ZLoCzo7QNCsYz2kLc47gXNRIbCpcB-l-mMDJV1yO707JUGRhW1r_tDDJQYvF-9-PelzqKhzmlBkOxyEIRsTkN1-D6yXJPZ3mC0gHkXBdkwUmGX_cnsGEz-j0_nT5WX0qx2BGywCKl2NafBuSjxnBJOh6Y59D27-14WgIDj3zvb\/s1401\/WhatsApp%20Image%202023-05-14%20at%2010.22.15(2).jpeg\" style=\"margin-left: 1em; margin-right: 1em;\"><img loading=\"lazy\" decoding=\"async\" border=\"0\" data-original-height=\"788\" data-original-width=\"1401\" height=\"360\" src=\"https:\/\/blogger.googleusercontent.com\/img\/b\/R29vZ2xl\/AVvXsEjt8Ea--vQX-EC357ZLoCzo7QNCsYz2kLc47gXNRIbCpcB-l-mMDJV1yO707JUGRhW1r_tDDJQYvF-9-PelzqKhzmlBkOxyEIRsTkN1-D6yXJPZ3mC0gHkXBdkwUmGX_cnsGEz-j0_nT5WX0qx2BGywCKl2NafBuSjxnBJOh6Y59D27-14WgIDj3zvb\/w640-h360\/WhatsApp%20Image%202023-05-14%20at%2010.22.15(2).jpeg\" width=\"640\" \/><\/a><\/div>\n<p><\/p>\n<div style=\"clear: both; text-align: center;\"><a href=\"https:\/\/blogger.googleusercontent.com\/img\/b\/R29vZ2xl\/AVvXsEgj4LqkH4oTZ3jsnPCAvpqvimneWWFlfLXzjOOXsXlXmRLyLTdR3Q2UpCJCpOQKGYhgkq4gVVpAHi_D6opFN1DlBiHhYZ-RPap7GIneuPPdkJb4_d6UXY17d1MjO9d6C7ai_sV6oh6IHN5N0PHgJXzg692RIHPbbn6XftPQ8SQbzP_pdf2RenOn0H_i\/s1600\/WhatsApp%20Image%202023-05-14%20at%2010.22.15.jpeg\" style=\"margin-left: 1em; margin-right: 1em;\"><img loading=\"lazy\" decoding=\"async\" border=\"0\" data-original-height=\"739\" data-original-width=\"1600\" height=\"296\" src=\"https:\/\/blogger.googleusercontent.com\/img\/b\/R29vZ2xl\/AVvXsEgj4LqkH4oTZ3jsnPCAvpqvimneWWFlfLXzjOOXsXlXmRLyLTdR3Q2UpCJCpOQKGYhgkq4gVVpAHi_D6opFN1DlBiHhYZ-RPap7GIneuPPdkJb4_d6UXY17d1MjO9d6C7ai_sV6oh6IHN5N0PHgJXzg692RIHPbbn6XftPQ8SQbzP_pdf2RenOn0H_i\/w640-h296\/WhatsApp%20Image%202023-05-14%20at%2010.22.15.jpeg\" width=\"640\" \/><\/a><\/div>\n<p><\/span><\/p>\n<p><\/p>\n","protected":false},"excerpt":{"rendered":"<p>La joven y prometedora formaci\u00f3n de clarinetes de la Escuela de M\u00fasica Sirinx nos reuni\u00f3 el pasado s\u00e1bado 13 de mayo para escuchar 12 canciones latinoamericanas y pasodobles.&nbsp; Desde aqu\u00ed queremos compartir nuestros deseos&nbsp; de muchos m\u00e1s conciertos y \u00e9xitos as\u00ed como dar la enhorabuena a todos los int\u00e9rpretes y a su director Juli\u00e1n Ballesteros. [&hellip;]<\/p>\n","protected":false},"author":2,"featured_media":0,"comment_status":"open","ping_status":"open","sticky":false,"template":"","format":"standard","meta":{"saved_in_kubio":false,"footnotes":""},"categories":[394,397,398,395,396],"tags":[],"class_list":["post-132","post","type-post","status-publish","format-standard","hentry","category-clarinetes","category-escuela-de-musica-sirinx","category-julian-ballesteros","category-lucas-rubio","category-mayo-2023"],"_links":{"self":[{"href":"https:\/\/juzbado.es\/nuevaweb\/wp-json\/wp\/v2\/posts\/132","targetHints":{"allow":["GET"]}}],"collection":[{"href":"https:\/\/juzbado.es\/nuevaweb\/wp-json\/wp\/v2\/posts"}],"about":[{"href":"https:\/\/juzbado.es\/nuevaweb\/wp-json\/wp\/v2\/types\/post"}],"author":[{"embeddable":true,"href":"https:\/\/juzbado.es\/nuevaweb\/wp-json\/wp\/v2\/users\/2"}],"replies":[{"embeddable":true,"href":"https:\/\/juzbado.es\/nuevaweb\/wp-json\/wp\/v2\/comments?post=132"}],"version-history":[{"count":0,"href":"https:\/\/juzbado.es\/nuevaweb\/wp-json\/wp\/v2\/posts\/132\/revisions"}],"wp:attachment":[{"href":"https:\/\/juzbado.es\/nuevaweb\/wp-json\/wp\/v2\/media?parent=132"}],"wp:term":[{"taxonomy":"category","embeddable":true,"href":"https:\/\/juzbado.es\/nuevaweb\/wp-json\/wp\/v2\/categories?post=132"},{"taxonomy":"post_tag","embeddable":true,"href":"https:\/\/juzbado.es\/nuevaweb\/wp-json\/wp\/v2\/tags?post=132"}],"curies":[{"name":"wp","href":"https:\/\/api.w.org\/{rel}","templated":true}]}}