{"id":134,"date":"2023-05-15T11:53:00","date_gmt":"2023-05-15T09:53:00","guid":{"rendered":"http:\/\/juzbado.es\/nuevaweb\/2023\/05\/15\/nueva-jornada-botanica\/"},"modified":"2023-05-15T11:53:00","modified_gmt":"2023-05-15T09:53:00","slug":"nueva-jornada-botanica","status":"publish","type":"post","link":"https:\/\/juzbado.es\/nuevaweb\/2023\/05\/15\/nueva-jornada-botanica\/","title":{"rendered":"NUEVA JORNADA BOT\u00c1NICA"},"content":{"rendered":"<\/p>\n<p style=\"line-height: normal; text-align: justify;\"><span style=\"font-size: small;\"><span style=\"font-family: arial;\">El pr\u00f3ximo<br \/>\ns\u00e1bado 3 de junio os emplazamos a celebrar un nuevo encuentro bot\u00e1nico en<br \/>\nJuzbado.&nbsp; Ser\u00e1 a lo largo de toda la jornada y disfrutaremos de un paseo<br \/>\nen busca de plantas y una sesi\u00f3n despu\u00e9s de comer para compartir saberes en<br \/>\ntorno a los usos de las plantas.<\/span><span style=\"font-family: arial;\"><\/span><\/span><\/p>\n<p style=\"line-height: normal; text-align: justify;\"><span style=\"font-size: small;\"><span style=\"font-family: arial;\">Para<br \/>\nparticipar ser\u00e1 necesario enviar un correo electr\u00f3nico a<br \/>\ncentrobotanicojuzbado@juzbado.es antes del martes 1 de junio o dirigirse a la<br \/>\nOficina de Desarrollo Local (primera planta del Ayuntamiento).<span>&nbsp; <\/span>La contribuci\u00f3n a las jornadas es de 10 \u20ac por<br \/>\npersona (gratuito para menores de 14 a\u00f1os).<span>&nbsp;<br \/>\n<\/span>La participaci\u00f3n de los vecinos empadronados es gratuita.<\/span><\/span><\/p>\n<p style=\"line-height: normal; text-align: justify;\"><span style=\"font-size: small;\"><span style=\"font-family: arial;\">Recordad que e<\/span><span style=\"font-family: arial;\">n Juzbado hay dos establecimientos para comer durante<br \/>\nla jornada del s\u00e1bado.<span>&nbsp; <\/span>Si dese\u00e1is comer<br \/>\nen Juzbado os recomendamos llamar y reservar con antelaci\u00f3n a Lourdes (<a href=\"https:\/\/www.facebook.com\/profile.php?id=100063403334429\" target=\"_blank\">Bar Restaurante El Toral<\/a>: 620 019 083) y a David y Karem (<a href=\"https:\/\/www.instagram.com\/piscinasdejuzbado\/\" target=\"_blank\">Bar Restaurante Las Piscinas<\/a>:<br \/>\n693 00 01 16).<span>&nbsp; <\/span><\/span><\/span><\/p>\n<p style=\"line-height: normal; text-align: justify;\"><span style=\"font-size: small;\"><span style=\"font-family: arial;\">Os anunciamos<br \/>\nque durante la jornada celebraremos un sorteo de varias cestas con productos de<br \/>\nhuerta, concretamente de la huerta de <a href=\"https:\/\/quercusecologico.com\/\" target=\"_blank\">Quercus Huerta<\/a>.&nbsp;<\/span><\/span><\/p>\n<p style=\"line-height: normal; text-align: justify;\"><span style=\"font-size: small;\"><span style=\"font-family: arial;\"><\/span><\/span><\/p>\n<div style=\"clear: both; text-align: center;\"><span style=\"font-size: small;\"><a href=\"https:\/\/blogger.googleusercontent.com\/img\/b\/R29vZ2xl\/AVvXsEj-u3wUvxPDZY7rSZgCBDWcZSdt9_JxOGawX3TzYikGM2OfvBhbcynZVRKk2yvVUlIvOaD-uPIJtOfKFW_gSaDHmvh7V_KtGSjDbYy0rZGvvpeB7G_IRVdd3CYmRAlQoh8IgJy1wV90q3gyxdcV1f-g40Meh-KwE99nIYUYY1KaVG5EVMLFvpl9kp5H8g\/s4961\/cartel%20jornadas%202023%20junio%20knautia.jpg\" style=\"margin-left: 1em; margin-right: 1em;\"><img loading=\"lazy\" decoding=\"async\" alt=\"JORNADA BOT\u00c1NICA JUZBADO, CBOJ\" border=\"0\" data-original-height=\"4961\" data-original-width=\"3508\" height=\"640\" src=\"https:\/\/blogger.googleusercontent.com\/img\/b\/R29vZ2xl\/AVvXsEj-u3wUvxPDZY7rSZgCBDWcZSdt9_JxOGawX3TzYikGM2OfvBhbcynZVRKk2yvVUlIvOaD-uPIJtOfKFW_gSaDHmvh7V_KtGSjDbYy0rZGvvpeB7G_IRVdd3CYmRAlQoh8IgJy1wV90q3gyxdcV1f-g40Meh-KwE99nIYUYY1KaVG5EVMLFvpl9kp5H8g\/w452-h640\/cartel%20jornadas%202023%20junio%20knautia.jpg\" title=\"JORNADA BOT\u00c1NICA JUZBADO, CBOJ\" width=\"452\" \/><\/a><\/span><\/div>\n<p><span style=\"font-size: small;\"><\/span><\/p>\n","protected":false},"excerpt":{"rendered":"<p>El pr\u00f3ximo s\u00e1bado 3 de junio os emplazamos a celebrar un nuevo encuentro bot\u00e1nico en Juzbado.&nbsp; Ser\u00e1 a lo largo de toda la jornada y disfrutaremos de un paseo en busca de plantas y una sesi\u00f3n despu\u00e9s de comer para compartir saberes en torno a los usos de las plantas. Para participar ser\u00e1 necesario enviar [&hellip;]<\/p>\n","protected":false},"author":2,"featured_media":0,"comment_status":"open","ping_status":"open","sticky":false,"template":"","format":"standard","meta":{"saved_in_kubio":false,"footnotes":""},"categories":[285,401,312,120,30,316,381],"tags":[],"class_list":["post-134","post","type-post","status-publish","format-standard","hentry","category-285","category-ana-gonzalez-garzo-y-augusto-krause","category-bar-el-toral","category-bar-restaurante-piscinas-municipales","category-cboj","category-jornadas-botanicas","category-junio"],"_links":{"self":[{"href":"https:\/\/juzbado.es\/nuevaweb\/wp-json\/wp\/v2\/posts\/134","targetHints":{"allow":["GET"]}}],"collection":[{"href":"https:\/\/juzbado.es\/nuevaweb\/wp-json\/wp\/v2\/posts"}],"about":[{"href":"https:\/\/juzbado.es\/nuevaweb\/wp-json\/wp\/v2\/types\/post"}],"author":[{"embeddable":true,"href":"https:\/\/juzbado.es\/nuevaweb\/wp-json\/wp\/v2\/users\/2"}],"replies":[{"embeddable":true,"href":"https:\/\/juzbado.es\/nuevaweb\/wp-json\/wp\/v2\/comments?post=134"}],"version-history":[{"count":0,"href":"https:\/\/juzbado.es\/nuevaweb\/wp-json\/wp\/v2\/posts\/134\/revisions"}],"wp:attachment":[{"href":"https:\/\/juzbado.es\/nuevaweb\/wp-json\/wp\/v2\/media?parent=134"}],"wp:term":[{"taxonomy":"category","embeddable":true,"href":"https:\/\/juzbado.es\/nuevaweb\/wp-json\/wp\/v2\/categories?post=134"},{"taxonomy":"post_tag","embeddable":true,"href":"https:\/\/juzbado.es\/nuevaweb\/wp-json\/wp\/v2\/tags?post=134"}],"curies":[{"name":"wp","href":"https:\/\/api.w.org\/{rel}","templated":true}]}}