{"id":138,"date":"2023-05-03T09:50:00","date_gmt":"2023-05-03T07:50:00","guid":{"rendered":"http:\/\/juzbado.es\/nuevaweb\/2023\/05\/03\/podemos-vivir-sin-minerales\/"},"modified":"2023-05-03T09:50:00","modified_gmt":"2023-05-03T07:50:00","slug":"podemos-vivir-sin-minerales","status":"publish","type":"post","link":"https:\/\/juzbado.es\/nuevaweb\/2023\/05\/03\/podemos-vivir-sin-minerales\/","title":{"rendered":"\u00bfPODEMOS VIVIR SIN MINERALES?"},"content":{"rendered":"<p style=\"text-align: justify;\"><span style=\"font-family: arial;\"><span style=\"font-size: medium;\">El<br \/>\n pr\u00f3ximo lunes 8 de mayo de 2023 por la tarde os invitamos a participar<br \/>\nen un entretenido e interactivo taller de mineralog\u00eda.&nbsp; Se titula<br \/>\n\u00bfpodemos vivir sin minerales? y vendr\u00e1 <a href=\"https:\/\/produccioncientifica.usal.es\/investigadores\/56935\/detalle\" target=\"_blank\">Mercedes Su\u00e1rez<\/a>, catedr\u00e1tica del <a href=\"https:\/\/campus.usal.es\/~geologia\/\" target=\"_blank\">Departamento de Geolog\u00eda<\/a> de la <a href=\"https:\/\/usal.es\/\" target=\"_blank\">Universidad de Salamanca<\/a>.&nbsp; El taller se celebrar\u00e1 a las 17:00 h. en el sal\u00f3n de actos y est\u00e1 dirigido a todos los p\u00fablicos. Ni os lo pens\u00e9is.<\/span><\/span><\/p>\n<p style=\"text-align: justify;\"><span style=\"font-family: arial;\"><span style=\"font-size: medium;\">Este taller forma parte del <a href=\"https:\/\/www.tribunasalamanca.com\/noticias\/328332\/el-programa-provincia-universitaria-de-la-diputacion-llevara-185-charlas-a-70-municipios\" target=\"_blank\">programa Provincia Universitaria<\/a>. <br \/><\/span><\/span><\/p>\n<p style=\"text-align: justify;\"><span style=\"font-family: arial;\"><span style=\"font-size: medium;\"><\/span><\/span><\/p>\n<div style=\"clear: both; text-align: center;\"><span style=\"font-family: arial;\"><span style=\"font-size: medium;\"><a href=\"https:\/\/blogger.googleusercontent.com\/img\/b\/R29vZ2xl\/AVvXsEgehyP7Tpc3_eVCMrbf_uAeLNufxdjGPCBJ2lc8cf__dFERKefpFmgh312ZDIA_JYAJMY_lYjNtJYY5E1d8ChBnskT6XGg1rmVlMx3-u0tm9FZxQA54TbePuWQ5TJD8-NNZZMUw536XbGk34hPmCSxiGC6c9kiIp4ypI_yGC-Neie7HV-Q329rQ9AIv\/s2480\/cartel%20podemos%20vivir%20sin%20minerales%20provicina%20universitaria%202023.jpg\" style=\"margin-left: 1em; margin-right: 1em;\"><img loading=\"lazy\" decoding=\"async\" alt=\"Juzbado, Museo de la Falla, Provincia universitaria\" border=\"0\" data-original-height=\"2480\" data-original-width=\"2480\" height=\"640\" src=\"https:\/\/blogger.googleusercontent.com\/img\/b\/R29vZ2xl\/AVvXsEgehyP7Tpc3_eVCMrbf_uAeLNufxdjGPCBJ2lc8cf__dFERKefpFmgh312ZDIA_JYAJMY_lYjNtJYY5E1d8ChBnskT6XGg1rmVlMx3-u0tm9FZxQA54TbePuWQ5TJD8-NNZZMUw536XbGk34hPmCSxiGC6c9kiIp4ypI_yGC-Neie7HV-Q329rQ9AIv\/w640-h640\/cartel%20podemos%20vivir%20sin%20minerales%20provicina%20universitaria%202023.jpg\" title=\"Juzbado, Museo de la Falla, Provincia universitaria\" width=\"640\" \/><\/a><\/span><\/span><\/div>\n<p><span style=\"font-family: arial;\"><span style=\"font-size: medium;\"><br \/>&nbsp;<\/span><\/span><\/p>\n","protected":false},"excerpt":{"rendered":"<p>El pr\u00f3ximo lunes 8 de mayo de 2023 por la tarde os invitamos a participar en un entretenido e interactivo taller de mineralog\u00eda.&nbsp; Se titula \u00bfpodemos vivir sin minerales? y vendr\u00e1 Mercedes Su\u00e1rez, catedr\u00e1tica del Departamento de Geolog\u00eda de la Universidad de Salamanca.&nbsp; El taller se celebrar\u00e1 a las 17:00 h. en el sal\u00f3n de [&hellip;]<\/p>\n","protected":false},"author":2,"featured_media":0,"comment_status":"open","ping_status":"open","sticky":false,"template":"","format":"standard","meta":{"saved_in_kubio":false,"footnotes":""},"categories":[285,406,184,405,196,197],"tags":[],"class_list":["post-138","post","type-post","status-publish","format-standard","hentry","category-285","category-departamento-de-geologia","category-mayo","category-mercedes-suarez","category-provincia-universitaria","category-universidad-de-salamanca"],"_links":{"self":[{"href":"https:\/\/juzbado.es\/nuevaweb\/wp-json\/wp\/v2\/posts\/138","targetHints":{"allow":["GET"]}}],"collection":[{"href":"https:\/\/juzbado.es\/nuevaweb\/wp-json\/wp\/v2\/posts"}],"about":[{"href":"https:\/\/juzbado.es\/nuevaweb\/wp-json\/wp\/v2\/types\/post"}],"author":[{"embeddable":true,"href":"https:\/\/juzbado.es\/nuevaweb\/wp-json\/wp\/v2\/users\/2"}],"replies":[{"embeddable":true,"href":"https:\/\/juzbado.es\/nuevaweb\/wp-json\/wp\/v2\/comments?post=138"}],"version-history":[{"count":0,"href":"https:\/\/juzbado.es\/nuevaweb\/wp-json\/wp\/v2\/posts\/138\/revisions"}],"wp:attachment":[{"href":"https:\/\/juzbado.es\/nuevaweb\/wp-json\/wp\/v2\/media?parent=138"}],"wp:term":[{"taxonomy":"category","embeddable":true,"href":"https:\/\/juzbado.es\/nuevaweb\/wp-json\/wp\/v2\/categories?post=138"},{"taxonomy":"post_tag","embeddable":true,"href":"https:\/\/juzbado.es\/nuevaweb\/wp-json\/wp\/v2\/tags?post=138"}],"curies":[{"name":"wp","href":"https:\/\/api.w.org\/{rel}","templated":true}]}}