{"id":14,"date":"2024-12-23T15:37:00","date_gmt":"2024-12-23T14:37:00","guid":{"rendered":"http:\/\/juzbado.es\/nuevaweb\/2024\/12\/23\/un-columpio-gigante-en-juzbado\/"},"modified":"2025-01-17T13:30:38","modified_gmt":"2025-01-17T12:30:38","slug":"un-columpio-gigante-en-juzbado","status":"publish","type":"post","link":"https:\/\/juzbado.es\/nuevaweb\/2024\/12\/23\/un-columpio-gigante-en-juzbado\/","title":{"rendered":"UN COLUMPIO GIGANTE EN JUZBADO"},"content":{"rendered":"<p style=\"text-align: justify;\"><span style=\"font-family: arial; font-size: medium;\">El municipio tormesino de Juzbado ha inaugurado el primer columpio gigante de la provincia de Salamanca en compa\u00f1\u00eda de vecinos y amigos.&nbsp; La obra es fruto del trabajo conjunto del <a href=\"http:\/\/www.lasalina.es\/economiayhacienda\/empleoydesarrollo\/formacionyempleo\/programamixto\/afes\/juzbado\/index.html\" target=\"_blank\">Programa Mixto de Formaci\u00f3n y Empleo<\/a> que se viene desarrollando desde el mes de abril y el Ayuntamiento de Juzbado a trav\u00e9s de la Oficina de Desarrollo local.<\/span><\/p>\n<p style=\"text-align: justify;\"><span style=\"font-family: arial; font-size: medium;\"><\/span><\/p>\n<p style=\"text-align: justify;\"><span style=\"font-family: arial; font-size: medium;\"><\/span><\/p>\n<div style=\"clear: both; text-align: center;\"><a href=\"http:\/\/juzbado.es\/nuevaweb\/wp-content\/uploads\/2024\/12\/WhatsApp-20Image-202024-12-22-20at-2012.40.46.jpeg\" style=\"margin-left: 1em; margin-right: 1em;\"><img loading=\"lazy\" decoding=\"async\" alt=\"Juzbado, columpio gigante, libro abierto del paisaje, diciembre 2024\" border=\"0\" data-original-height=\"1848\" data-original-width=\"4000\" height=\"296\" src=\"http:\/\/juzbado.es\/nuevaweb\/wp-content\/uploads\/2024\/12\/WhatsApp-20Image-202024-12-22-20at-2012.40.46-300x139.jpeg\" title=\"Juzbado, columpio gigante, libro abierto del paisaje, diciembre 2024\" width=\"640\" \/><\/a><\/div>\n<p style=\"text-align: justify;\"><span style=\"font-family: arial; font-size: medium;\">En el lugar denominado Los Pilones, en el borde de un talud con vistas a la ribera tormesina, se levanta desde hace unas semanas un columpio de madera de m\u00e1s de 4 metros de altura.&nbsp; La estructura ha sido realizada por los 8 alumnos del Programa Mixto bajo la supervisi\u00f3n de un equipo conformado por el coordinador y docente <b>Javier Rivas Curto y Jos\u00e9 \u00c1ngel Hern\u00e1ndez Gil<\/b>, docente alba\u00f1il.&nbsp; Los trabajos en la concepci\u00f3n, el dise\u00f1o y la b\u00fasqueda de materiales es fruto de la colaboraci\u00f3n del Ayuntamiento de Juzbado con un \u201ceficaz y vers\u00e1til equipo de docentes\u201d, en palabras de <b>Fernando Rubio de la Iglesia, alcalde de Juzbado<\/b>.&nbsp; Para la inauguraci\u00f3n se han preparado los terrenos adyacentes mediante la limpieza, estabilizaci\u00f3n y allanamiento de la superficie, as\u00ed como la plantaci\u00f3n de \u00e1rboles en uno de los m\u00e1rgenes.&nbsp; El columpio gigante, que viene generando expectaci\u00f3n durante los \u00faltimos meses, permite el balanceo simult\u00e1neo de tres personas en un banco realizado en madera.&nbsp; En su parte trasera aparece el conocido lema de la localidad \u201cJuzbado, libro abierto\u201d.<\/span><\/p>\n<div style=\"clear: both; text-align: center;\"><a href=\"http:\/\/juzbado.es\/nuevaweb\/wp-content\/uploads\/2024\/12\/WhatsApp-20Image-202024-12-22-20at-2012.40.46-2-.jpeg\" style=\"margin-left: 1em; margin-right: 1em;\"><img loading=\"lazy\" decoding=\"async\" alt=\"Juzbado, columpio gigante, libro abierto del paisaje, diciembre 2024\" border=\"0\" data-original-height=\"1848\" data-original-width=\"4000\" height=\"296\" src=\"http:\/\/juzbado.es\/nuevaweb\/wp-content\/uploads\/2024\/12\/WhatsApp-20Image-202024-12-22-20at-2012.40.46-2--300x139.jpeg\" title=\"Juzbado, columpio gigante, libro abierto del paisaje, diciembre 2024\" width=\"640\" \/><\/a><\/div>\n<p style=\"text-align: justify;\"><span style=\"font-family: arial; font-size: medium;\">La actuaci\u00f3n, que se presenta en sociedad hoy domingo 22 de diciembre, es una de las m\u00faltiples acciones llevadas a cabo en el marco del programa mixto y que, desde sus or\u00edgenes, ha contado con la implicaci\u00f3n directa del equipo consistorial y de los trabajadores a trav\u00e9s de la <b><a href=\"http:\/\/juzbado.es\/nuevaweb\/p\/contacto_28.html\" target=\"_blank\">Oficia de Desarrollo Local<\/a><\/b> coordinada por Jer\u00f3nimo Jablonski.&nbsp;<b> Patricia Mart\u00edn,<\/b> una de las t\u00e9cnicas implicadas en el dise\u00f1o de las acciones y el seguimiento de la <a href=\"http:\/\/www.lasalina.es\/economiayhacienda\/empleoydesarrollo\/formacionyempleo\/programamixto\/afes\/juzbado\/index.html\" target=\"_blank\">AFE<\/a>, asegura que \u201cel trabajo realizado supera las expectativas y refuerza la apuesta de Juzbado por el desarrollo y la innovaci\u00f3n rural\u201d.&nbsp; As\u00ed mimo, <b>Fernando Rubio<\/b> nos recuerda que \u201cesta es una de las m\u00e1s de 20 acciones enmarcadas en la AFE y que pronto podr\u00e1n ver la luz.\u201d&nbsp; \u201cAlgunos ejemplos los encontramos en el cenador y el anfiteatro ubicados en la chopera municipal\u201d o \u201cen las medidas de reducci\u00f3n del efecto isla de calor y fomento de la biodiversidad gracias a la ampliaci\u00f3n de los jardines y el arbolado en las calles municipales.\u201d&nbsp; En palabras del alcalde, destacan tambi\u00e9n \u201clos caminos rehabilitados y mejor adaptados para los vecinos y visitantes o la recuperaci\u00f3n de los pilones nuevos\u201d.&nbsp;&nbsp;<\/span><\/p>\n<p style=\"text-align: justify;\"><span style=\"font-family: arial; font-size: medium;\">El columpio se podr\u00e1 disfrutar los 7 d\u00edas de la semana, los 365 d\u00edas del a\u00f1o.&nbsp; Durante estos d\u00edas, adem\u00e1s, lucir\u00e1 en el paisaje juzbadino debido a las luces de navidad que iluminan toda la estructura desde el atardecer.<\/span><\/p>\n<p style=\"text-align: justify;\"><span style=\"font-family: arial; font-size: medium;\">El <a href=\"http:\/\/www.lasalina.es\/economiayhacienda\/empleoydesarrollo\/formacionyempleo\/programamixto\/afes\/juzbado\/index.html\" target=\"_blank\">programa mixto de Juzbado<\/a> cuenta con un presupuesto de 277.545,82 euros, de los que 161.544,24 euros aportan el ECYL para salarios y gastos de formaci\u00f3n y funcionamiento. La Diputaci\u00f3n aporta 95.397,13 euros para gastos y material para la obra y el Ayuntamiento de Juzbado 20.604,45 euros.<\/span><\/p>\n<p style=\"text-align: justify;\"><span style=\"font-family: arial; font-size: medium;\">En prensa:&nbsp;<\/span><\/p>\n<h1 _ngcontent-serverapp-c2502841965=\"\"><span style=\"font-size: medium; font-weight: normal;\"><span style=\"font-family: arial;\"><a href=\"https:\/\/www.tribunasalamanca.com\/noticias\/389239\/asi-es-el-primer-columpio-gigante-de-la-provincia-con-vistas-al-tormes\" target=\"_blank\">As\u00ed es el primer columpio gigante de la provincia con vistas al Tormes<\/a><\/span><\/span><\/h1>\n<h1><span style=\"font-family: arial; font-weight: normal;\"><span style=\"font-size: medium;\"><a href=\"https:\/\/www.salamancahoy.es\/salamanca\/provincia\/pueblo-salamanca-estrena-columpio-gigante-20241222162606-nt.html\" target=\"_blank\">El pueblo de Salamanca que estrena un columpio gigante que no tiene nadie m\u00e1s<\/a><\/span><\/span><\/h1>\n<h1><span style=\"font-family: arial; font-size: medium; font-weight: normal;\"><a href=\"https:\/\/lacronicadesalamanca.com\/606051-el-primer-columpio-gigante-de-salamanca-esta-en-juzbado\/\" target=\"_blank\">El primer columpio gigante de Salamanca est\u00e1 en Juzbado<\/a><\/span><\/h1>\n<h1><span style=\"font-weight: normal;\"><span style=\"font-family: arial; font-size: medium;\"><a href=\"https:\/\/www.lagacetadesalamanca.es\/provincia\/juzbado-estrena-primer-columpio-gigante-provincia-20241222163409-nt.html\" target=\"_blank\">El pueblo salmantino que estrena el primer columpio gigante de la provincia<\/a><\/span><\/span><\/h1>\n","protected":false},"excerpt":{"rendered":"<p>El municipio tormesino de Juzbado ha inaugurado el primer columpio gigante de la provincia de Salamanca en compa\u00f1\u00eda de vecinos y amigos.&nbsp; La obra es fruto del trabajo conjunto del Programa Mixto de Formaci\u00f3n y Empleo que se viene desarrollando desde el mes de abril y el Ayuntamiento de Juzbado a trav\u00e9s de la Oficina [&hellip;]<\/p>\n","protected":false},"author":2,"featured_media":823,"comment_status":"open","ping_status":"open","sticky":false,"template":"","format":"standard","meta":{"saved_in_kubio":false,"footnotes":""},"categories":[35,36,34,37],"tags":[],"class_list":["post-14","post","type-post","status-publish","format-standard","has-post-thumbnail","hentry","category-afe","category-columpio-gigante","category-diciembre","category-diciembre-2024"],"_links":{"self":[{"href":"https:\/\/juzbado.es\/nuevaweb\/wp-json\/wp\/v2\/posts\/14","targetHints":{"allow":["GET"]}}],"collection":[{"href":"https:\/\/juzbado.es\/nuevaweb\/wp-json\/wp\/v2\/posts"}],"about":[{"href":"https:\/\/juzbado.es\/nuevaweb\/wp-json\/wp\/v2\/types\/post"}],"author":[{"embeddable":true,"href":"https:\/\/juzbado.es\/nuevaweb\/wp-json\/wp\/v2\/users\/2"}],"replies":[{"embeddable":true,"href":"https:\/\/juzbado.es\/nuevaweb\/wp-json\/wp\/v2\/comments?post=14"}],"version-history":[{"count":3,"href":"https:\/\/juzbado.es\/nuevaweb\/wp-json\/wp\/v2\/posts\/14\/revisions"}],"predecessor-version":[{"id":944,"href":"https:\/\/juzbado.es\/nuevaweb\/wp-json\/wp\/v2\/posts\/14\/revisions\/944"}],"wp:featuredmedia":[{"embeddable":true,"href":"https:\/\/juzbado.es\/nuevaweb\/wp-json\/wp\/v2\/media\/823"}],"wp:attachment":[{"href":"https:\/\/juzbado.es\/nuevaweb\/wp-json\/wp\/v2\/media?parent=14"}],"wp:term":[{"taxonomy":"category","embeddable":true,"href":"https:\/\/juzbado.es\/nuevaweb\/wp-json\/wp\/v2\/categories?post=14"},{"taxonomy":"post_tag","embeddable":true,"href":"https:\/\/juzbado.es\/nuevaweb\/wp-json\/wp\/v2\/tags?post=14"}],"curies":[{"name":"wp","href":"https:\/\/api.w.org\/{rel}","templated":true}]}}