{"id":142,"date":"2023-04-14T11:47:00","date_gmt":"2023-04-14T09:47:00","guid":{"rendered":"http:\/\/juzbado.es\/nuevaweb\/2023\/04\/14\/el-centro-botanico-expone-en-salamanca\/"},"modified":"2023-04-14T11:47:00","modified_gmt":"2023-04-14T09:47:00","slug":"el-centro-botanico-expone-en-salamanca","status":"publish","type":"post","link":"https:\/\/juzbado.es\/nuevaweb\/2023\/04\/14\/el-centro-botanico-expone-en-salamanca\/","title":{"rendered":"EL CENTRO BOT\u00c1NICO EXPONE EN SALAMANCA"},"content":{"rendered":"<\/p>\n<p style=\"margin-bottom: 0cm; text-align: justify;\"><span style=\"font-size: medium;\"><span><span style=\"font-family: arial; line-height: 115%;\">Las<br \/>\nplantas silvestres nos surten de remedios y medicamentos, de relajaci\u00f3n e inspiraci\u00f3n,<br \/>\ny de sustento.<span>&nbsp; <\/span>Nos estamos alejando de<br \/>\nla naturaleza sin darnos cuenta de que formamos parte de ella.<\/span><\/span><\/span><\/p>\n<p style=\"text-align: justify;\"><span style=\"font-size: medium;\"><span><span style=\"font-family: arial; line-height: 115%;\">Ese alejamiento conlleva<br \/>\nel olvido de las tradiciones populares m\u00e1s arraigadas, de la sabidur\u00eda popular almacenada<br \/>\na trav\u00e9s de los siglos por agricultores y campesinos y, lo m\u00e1s importante, de<br \/>\nlos logros obtenidos por todos los grandes bot\u00e1nicos, esos m\u00e9dicos y<br \/>\nfarmac\u00e9uticos que atesoraban el conocimiento legado por sus antecesores desde<br \/>\nel periodo instintivo de la medicina, hace ya unos cuantos miles de a\u00f1os, y los<br \/>\nsucesivos periodos: mitol\u00f3gico, filos\u00f3fico, hipocr\u00e1tico, etc. <\/span><\/span><\/span><\/p>\n<p style=\"text-align: justify;\"><span style=\"font-size: medium;\"><span><span style=\"font-family: arial; line-height: 115%;\">Hay que recordar que<br \/>\ndesde la casi impalpable tela de ara\u00f1a hasta el cuerno de rinoceronte, o desde la<br \/>\nfr\u00e1gil amapola, la flor de malva o el molesto galio hasta la \u201cinnoble\u201d cicuta, todo<br \/>\ncontribuy\u00f3 a aumentar el arsenal terap\u00e9utico y alimenticio y, por tanto, a<br \/>\nalargar y mejorar nuestra vida.&nbsp; <\/span><\/span><\/span><\/p>\n<p><span style=\"font-size: medium;\"><span><span style=\"font-family: arial; line-height: 115%;\">Y recordemos en palabras del emblem\u00e1tico Theophrastus<br \/>\nPhillippus Aureolus Bombastus von Hohenheim, m\u00e1s conocido como Paracelso, que \u201cLa<br \/>\nnaturaleza ha puesto el remedio al lado.<\/span><\/span><\/span><\/p>\n<\/p>\n<div style=\"clear: both; text-align: center;\"><a href=\"https:\/\/blogger.googleusercontent.com\/img\/b\/R29vZ2xl\/AVvXsEhdC4UqVtN-ZOXq3RyN82xQ3gKQpepr76GlEfc6EH30FP8HzW_OL6up3r8IWQNE9VY_MigLmIJ82Y5-LYv1P7YpO5B_fWnwcXVP-ty1mBlwdCXxAZxeWMySg-29L1V2niQhnPL4Ukj_CeDI75_6n4NmTNIKQLglK_DytSJCBKw3nhU8pfd1qm8iBQHL\/s1600\/WhatsApp%20Image%202023-04-11%20at%2014.18.36.jpeg\" style=\"margin-left: 1em; margin-right: 1em;\"><img loading=\"lazy\" decoding=\"async\" alt=\"Juzbado, Centro Bot\u00e1nico, plantas medicinales\" border=\"0\" data-original-height=\"1600\" data-original-width=\"1117\" height=\"640\" src=\"https:\/\/blogger.googleusercontent.com\/img\/b\/R29vZ2xl\/AVvXsEhdC4UqVtN-ZOXq3RyN82xQ3gKQpepr76GlEfc6EH30FP8HzW_OL6up3r8IWQNE9VY_MigLmIJ82Y5-LYv1P7YpO5B_fWnwcXVP-ty1mBlwdCXxAZxeWMySg-29L1V2niQhnPL4Ukj_CeDI75_6n4NmTNIKQLglK_DytSJCBKw3nhU8pfd1qm8iBQHL\/w446-h640\/WhatsApp%20Image%202023-04-11%20at%2014.18.36.jpeg\" title=\"Juzbado, Centro Bot\u00e1nico, plantas medicinales\" width=\"446\" \/><\/a><\/div>\n<p><span style=\"font-size: small;\"><span style=\"font-family: arial; line-height: 115%;\">&nbsp; <\/span><span style=\"font-family: arial;\"><span style=\"text-align: justify;\"><br \/><\/span><\/span><\/span><\/p>\n<p style=\"text-align: justify;\"><span style=\"font-size: medium;\"><span style=\"font-family: arial;\"><span style=\"text-align: justify;\">Lo<br \/>\n que se presenta en esta exposici\u00f3n es un herbario renacentista<br \/>\nactualizado. Un herbario que une el tiempo antiguo de la bot\u00e1nica c<\/span><\/span><span style=\"font-family: arial;\"><span style=\"text-align: justify;\">on el<br \/>\n moderno. Esto es, lo viejo y lo nuevo de la bot\u00e1nica. <\/span>En \u00e9l se<br \/>\nreflejan bot\u00e1nicos anteriores y posteriores a <a href=\"http:\/\/www.centrobotanicodejuzbado.es\/2022\/02\/carl-von-linne.html\" target=\"_blank\">Linneo<\/a>, la historia de<br \/>\ncada planta, la nomenclatura actual y los nombres que les dieron los<br \/>\npadres de la bot\u00e1nica.<\/span><\/span><\/p>\n<p style=\"text-align: justify;\"><span style=\"font-size: medium;\"><span style=\"font-family: arial;\">A su vez<br \/>\npodemos encontrar nombres vern\u00e1culos en castellano, nombres oficinales,<br \/>\nes decir, los que se dio en la oficina de farmacia a estos medicamentos<br \/>\nsimples o plantas, y en cada pliego se reflejan adem\u00e1s las aplicaciones<br \/>\nmedicinales m\u00e1s importantes de cada una de ellas, actuales y anteriores a<br \/>\n la fitoterapia moderna.<\/span><\/span><\/p>\n<p>\n<span style=\"font-size: medium;\"><span style=\"font-family: arial;\">Es un herbario manuscrito con pluma de ave o met\u00e1lica, tintas elaboradas al agua y un papel especial.<\/span><\/span><\/p>\n<p style=\"text-align: right;\"><span style=\"font-size: medium;\"><span style=\"font-family: arial;\">Ana Gonz\u00e1lez-Garzo y Augusto Kraus<\/span><\/span><span style=\"font-family: arial; font-size: small;\">e<\/span><\/p>\n","protected":false},"excerpt":{"rendered":"<p>Las plantas silvestres nos surten de remedios y medicamentos, de relajaci\u00f3n e inspiraci\u00f3n, y de sustento.&nbsp; Nos estamos alejando de la naturaleza sin darnos cuenta de que formamos parte de ella. Ese alejamiento conlleva el olvido de las tradiciones populares m\u00e1s arraigadas, de la sabidur\u00eda popular almacenada a trav\u00e9s de los siglos por agricultores y [&hellip;]<\/p>\n","protected":false},"author":2,"featured_media":0,"comment_status":"open","ping_status":"open","sticky":false,"template":"","format":"standard","meta":{"saved_in_kubio":false,"footnotes":""},"categories":[285,183,401,24,341,81,411,412],"tags":[],"class_list":["post-142","post","type-post","status-publish","format-standard","hentry","category-285","category-abril","category-ana-gonzalez-garzo-y-augusto-krause","category-biblioteca","category-biblioteca-torrente-ballester","category-centro-botanico","category-exposicion","category-plantas-medicinales"],"_links":{"self":[{"href":"https:\/\/juzbado.es\/nuevaweb\/wp-json\/wp\/v2\/posts\/142","targetHints":{"allow":["GET"]}}],"collection":[{"href":"https:\/\/juzbado.es\/nuevaweb\/wp-json\/wp\/v2\/posts"}],"about":[{"href":"https:\/\/juzbado.es\/nuevaweb\/wp-json\/wp\/v2\/types\/post"}],"author":[{"embeddable":true,"href":"https:\/\/juzbado.es\/nuevaweb\/wp-json\/wp\/v2\/users\/2"}],"replies":[{"embeddable":true,"href":"https:\/\/juzbado.es\/nuevaweb\/wp-json\/wp\/v2\/comments?post=142"}],"version-history":[{"count":0,"href":"https:\/\/juzbado.es\/nuevaweb\/wp-json\/wp\/v2\/posts\/142\/revisions"}],"wp:attachment":[{"href":"https:\/\/juzbado.es\/nuevaweb\/wp-json\/wp\/v2\/media?parent=142"}],"wp:term":[{"taxonomy":"category","embeddable":true,"href":"https:\/\/juzbado.es\/nuevaweb\/wp-json\/wp\/v2\/categories?post=142"},{"taxonomy":"post_tag","embeddable":true,"href":"https:\/\/juzbado.es\/nuevaweb\/wp-json\/wp\/v2\/tags?post=142"}],"curies":[{"name":"wp","href":"https:\/\/api.w.org\/{rel}","templated":true}]}}