{"id":144,"date":"2023-03-28T16:15:00","date_gmt":"2023-03-28T14:15:00","guid":{"rendered":"http:\/\/juzbado.es\/nuevaweb\/2023\/03\/28\/querida-ida-vitale-visita-de-nuevo-el-libro-abierto-de-juzbado\/"},"modified":"2023-03-28T16:15:00","modified_gmt":"2023-03-28T14:15:00","slug":"querida-ida-vitale-visita-de-nuevo-el-libro-abierto-de-juzbado","status":"publish","type":"post","link":"https:\/\/juzbado.es\/nuevaweb\/2023\/03\/28\/querida-ida-vitale-visita-de-nuevo-el-libro-abierto-de-juzbado\/","title":{"rendered":"QUERIDA IDA, VITALE VISITA DE NUEVO EL LIBRO ABIERTO DE JUZBADO"},"content":{"rendered":"<div>\n<p style=\"text-align: justify;\"><span style=\"font-family: arial; font-size: medium;\"><b>La poeta uruguaya Ida Vitale<br \/>\nvisitar\u00e1 el pueblo de Juzbado el s\u00e1bado 1 de abril para participar en el<br \/>\nprograma cultural <a href=\"http:\/\/juzbado.blogspot.com\/p\/libro-abierto.html\" target=\"_blank\">Libro Abierto<\/a>. <span>&nbsp;<\/span>Premio Cervantes<br \/>\nen 2018 y con 99 a\u00f1os, Vitale inaugurar\u00e1 nuevas placas con sus poemas y pondr\u00e1<br \/>\nnombre a un paseo del municipio.<span>&nbsp; <\/span>\u201cQuerida<br \/>\nIda\u201d es el nombre que el pueblo de Juzbado ha querido otorgar a esta tercera<br \/>\nvisita, rindiendo as\u00ed homenaje al \u201cembeleso\u201d que la poeta ha manifestado en sus<br \/>\nvisitas anteriores. El acto se clausurar\u00e1 con la lectura de poemas al aire libre<br \/>\nen la plaza de la iglesia.<\/b><\/span><\/p>\n<p style=\"text-align: justify;\"><span style=\"font-family: arial; font-size: medium;\">El ayuntamiento de Juzbado, a<br \/>\ntrav\u00e9s de su <a href=\"http:\/\/juzbado.blogspot.com\/p\/libro-abierto.html\" target=\"_blank\">programa cultural Libro Abierto<\/a>, convoca el pr\u00f3ximo s\u00e1bado 1 de<br \/>\nabril (en torno a las 18:00 h.) a todos los vecinos y amigos de Juzbado a acompa\u00f1ar a la poeta uruguaya Ida<br \/>\nVitale en su <a href=\"https:\/\/juzbado.blogspot.com\/2019\/04\/11-fotos-de-ida-vitale-en-juzbado.html\" target=\"_blank\">tercera visita a este municipio<\/a>.<span>&nbsp;<br \/>\n<\/span>Es la \u00faltima parada de una gira europea que ha llevado a Vitale por el<br \/>\nfestival de Cine de M\u00e1laga, -donde la joven cineasta <a href=\"https:\/\/filmand.es\/ida-vitale-maria-arrillaga-critica-premio-cervantes\/\" target=\"_blank\">Mar\u00eda Arrillaga<\/a> present\u00f3 un<br \/>\ndocumental con el nombre de la poeta-, la Residencia de Estudiantes en Madrid o<br \/>\na diferentes encuentros y celebraciones en torno a su obra en las ciudades de<br \/>\nBarcelona y Roma.<span>&nbsp;<\/span><\/span><span style=\"font-family: arial; font-size: small;\"><span>&nbsp;<\/span><\/span><\/p>\n<p style=\"text-align: justify;\"><span style=\"font-family: arial; font-size: small;\"><span><\/span><\/span><\/p>\n<div style=\"clear: both; text-align: center;\"><span style=\"font-family: arial; font-size: small;\"><a href=\"https:\/\/blogger.googleusercontent.com\/img\/b\/R29vZ2xl\/AVvXsEgKTvyTRSEl7lP7pvZNJ9zBW4_oIvrRhjKIKGv3PQibC2_GCy-F7Req4abFQM7T4gslJDhyUSvyUHfdNuRLs3H2nKJdJckL1rgpfiuZ7LrpbthymYCn71YBexMmYYw7MhJWPNHYVwlSalNlbtQ6SKJKAB88K781DKgv3Mcyv6jhFgPKJAb_mVFp_wqM\/s2602\/IDA%20VITALE%20JUZBADO%202023%20instagram_P%C3%A1gina_5.jpg\" style=\"margin-left: 1em; margin-right: 1em;\"><img loading=\"lazy\" decoding=\"async\" alt=\"Juzbado, Ida Vitale, libro Abierto 2023\" border=\"0\" data-original-height=\"2602\" data-original-width=\"2539\" height=\"640\" src=\"https:\/\/blogger.googleusercontent.com\/img\/b\/R29vZ2xl\/AVvXsEgKTvyTRSEl7lP7pvZNJ9zBW4_oIvrRhjKIKGv3PQibC2_GCy-F7Req4abFQM7T4gslJDhyUSvyUHfdNuRLs3H2nKJdJckL1rgpfiuZ7LrpbthymYCn71YBexMmYYw7MhJWPNHYVwlSalNlbtQ6SKJKAB88K781DKgv3Mcyv6jhFgPKJAb_mVFp_wqM\/w624-h640\/IDA%20VITALE%20JUZBADO%202023%20instagram_P%C3%A1gina_5.jpg\" title=\"Juzbado, Ida Vitale, libro Abierto 2023\" width=\"624\" \/><\/a><\/span><\/div>\n<p><span><a name='more'><\/a><\/span><span style=\"font-family: arial; font-size: medium;\"><br \/><\/span><\/div>\n<div style=\"text-align: justify;\"><span style=\"font-family: arial; font-size: medium;\">Antes de volver a Uruguay viajar\u00e1<br \/>\na Juzbado para inaugurar nuevas placas del decano programa de poes\u00eda al aire<br \/>\nlibre denominado \u201cLibro Abierto\u201d y que, este a\u00f1o, cumple 15 a\u00f1os.<span>&nbsp; <\/span>La efem\u00e9ride consistir\u00e1 en un paseo po\u00e9tico<br \/>\ncon los vecinos y todas aquellas personas que quieran acompa\u00f1ar a la poeta para<br \/>\ndescubrir y leer varios poemas troquelados en bronce que est\u00e1n situados en<br \/>\ndiversos rincones del pueblo.<span>&nbsp; <\/span>Tambi\u00e9n<br \/>\nest\u00e1 previsto que la poeta inaugure en la localidad tormesina conocida por sus<br \/>\npropuestas innovadoras y creativas un paseo que lleva su nombre.<span>&nbsp; <\/span>A continuaci\u00f3n, la poeta congregar\u00e1 una vez<br \/>\nm\u00e1s a todos los participantes en la plaza de la Iglesia para realizar una<br \/>\nlectura de poemas.<span>&nbsp; <\/span>La tradicional firma<br \/>\nde libros se realizar\u00e1 al final de la jornada.<span>&nbsp;<br \/>\n<\/span>Seg\u00fan fuentes del Ayuntamiento, en esta tercera ocasi\u00f3n Vitale vendr\u00e1<br \/>\nacompa\u00f1ada del poeta, traductor y editor canadiense y mexicano <a href=\"https:\/\/www.youtube.com\/watch?v=qjkkytNOgGU\" target=\"_blank\">Aurelio Major<\/a>, con quien la uruguaya tiene<br \/>\nuna excelente amistad.<span>&nbsp; <\/span>El encuentro Querida<br \/>\nIda cuenta con la presencia en Juzbado de la Librer\u00eda salmantina <a href=\"https:\/\/letrascorsarias.com\/\" target=\"_blank\">Letras Corsarias<\/a>,<br \/>\nque dispondr\u00e1 de todos los t\u00edtulos publicados de la poeta para la posterior firma<br \/>\npor parte de la autora.<span>&nbsp; <\/span><\/span><\/div>\n<\/p>\n<p style=\"text-align: justify;\"><span style=\"font-family: arial; font-size: medium;\">El programa Juzbado Libro Abierto<br \/>\nest\u00e1 financiado por el Ayuntamiento de Juzbado y la <a href=\"http:\/\/www.lasalina.es\/\" target=\"_blank\">Diputaci\u00f3n de Salamanca<\/a>.<\/span><\/p>\n<p style=\"text-align: justify;\"><span style=\"font-family: arial; font-size: medium;\">VISITA VIRTUAL A JUZBADO LIBRO<br \/>\nABIERTO <a href=\"https:\/\/www.google.com\/maps\/d\/u\/0\/viewer?mid=10AQ7PcWxD9Smhos4sKKz2jDrX8s\">aqu\u00ed<\/a>.<\/span><\/p>\n<p style=\"text-align: justify;\"><span style=\"font-family: arial; font-size: medium;\">AUDIOVISUAL VISITA 2021 <a href=\"https:\/\/www.youtube.com\/watch?v=KZ6BW3MtqJM\" target=\"_blank\">aqu\u00ed.<\/a><\/span><\/p>\n<p style=\"text-align: justify;\"><span style=\"font-family: arial; font-size: medium;\">IDA VITALE EN JUZBADO A TRAV\u00c9S DE 11 FOTOS <a href=\"https:\/\/juzbado.blogspot.com\/2019\/04\/11-fotos-de-ida-vitale-en-juzbado.html\" target=\"_blank\">aqu\u00ed.<\/a>&nbsp; <\/span><span style=\"font-family: arial; font-size: medium;\"><br \/><\/span><\/p><\/p>\n","protected":false},"excerpt":{"rendered":"<p>La poeta uruguaya Ida Vitale visitar\u00e1 el pueblo de Juzbado el s\u00e1bado 1 de abril para participar en el programa cultural Libro Abierto. &nbsp;Premio Cervantes en 2018 y con 99 a\u00f1os, Vitale inaugurar\u00e1 nuevas placas con sus poemas y pondr\u00e1 nombre a un paseo del municipio.&nbsp; \u201cQuerida Ida\u201d es el nombre que el pueblo de [&hellip;]<\/p>\n","protected":false},"author":2,"featured_media":0,"comment_status":"open","ping_status":"open","sticky":false,"template":"","format":"standard","meta":{"saved_in_kubio":false,"footnotes":""},"categories":[285,183,416,218,340,292,314,415],"tags":[],"class_list":["post-144","post","type-post","status-publish","format-standard","hentry","category-285","category-abril","category-aurelio-major","category-ida-vitale","category-juzbado-libro-abierto","category-libro-abierto","category-maria-arrillaga","category-premio-cervantes"],"_links":{"self":[{"href":"https:\/\/juzbado.es\/nuevaweb\/wp-json\/wp\/v2\/posts\/144","targetHints":{"allow":["GET"]}}],"collection":[{"href":"https:\/\/juzbado.es\/nuevaweb\/wp-json\/wp\/v2\/posts"}],"about":[{"href":"https:\/\/juzbado.es\/nuevaweb\/wp-json\/wp\/v2\/types\/post"}],"author":[{"embeddable":true,"href":"https:\/\/juzbado.es\/nuevaweb\/wp-json\/wp\/v2\/users\/2"}],"replies":[{"embeddable":true,"href":"https:\/\/juzbado.es\/nuevaweb\/wp-json\/wp\/v2\/comments?post=144"}],"version-history":[{"count":0,"href":"https:\/\/juzbado.es\/nuevaweb\/wp-json\/wp\/v2\/posts\/144\/revisions"}],"wp:attachment":[{"href":"https:\/\/juzbado.es\/nuevaweb\/wp-json\/wp\/v2\/media?parent=144"}],"wp:term":[{"taxonomy":"category","embeddable":true,"href":"https:\/\/juzbado.es\/nuevaweb\/wp-json\/wp\/v2\/categories?post=144"},{"taxonomy":"post_tag","embeddable":true,"href":"https:\/\/juzbado.es\/nuevaweb\/wp-json\/wp\/v2\/tags?post=144"}],"curies":[{"name":"wp","href":"https:\/\/api.w.org\/{rel}","templated":true}]}}