{"id":145,"date":"2023-03-18T18:59:00","date_gmt":"2023-03-18T17:59:00","guid":{"rendered":"http:\/\/juzbado.es\/nuevaweb\/2023\/03\/18\/el-primer-plano-del-termino-municipal-de-juzbado\/"},"modified":"2023-03-18T18:59:00","modified_gmt":"2023-03-18T17:59:00","slug":"el-primer-plano-del-termino-municipal-de-juzbado","status":"publish","type":"post","link":"https:\/\/juzbado.es\/nuevaweb\/2023\/03\/18\/el-primer-plano-del-termino-municipal-de-juzbado\/","title":{"rendered":"EL PRIMER PLANO DEL T\u00c9RMINO MUNICIPAL DE JUZBADO"},"content":{"rendered":"<\/p>\n<p style=\"text-align: justify;\"><span style=\"font-family: arial;\"><span style=\"font-size: medium;\">El 20 de julio del a\u00f1o 1906 se firmaba el primer plano del<br \/>\nmunicipio de Juzbado. Se trataba del plano geom\u00e9trico del t\u00e9rmino municipal<br \/>\n\u201cmandado formar por la Ley de 27 de marzo de 1900\u201d. El Instituto Geogr\u00e1fico y<br \/>\nEstad\u00edstico, en la actualidad el Instituto Geogr\u00e1fico Nacional, descend\u00eda a la<br \/>\nescala 1:25000 y recog\u00eda oficialmente por primera vez la toponimia de Juzbado y<br \/>\nel trazado de los caminos, veredas y roderas de nuestro pueblo. Tambi\u00e9n<br \/>\nhicieron constar las dimensiones y el estado de los amojonamientos del t\u00e9rmino.<br \/>\nPor ejemplo, la \u201cNota 7\u00aa dice \u201cLas dimensiones de las fuentes de las Eras,<br \/>\nCagalona y del Arroyo de Valdeleje son 0.75 metros cuadrados\u201d, tambi\u00e9n se<br \/>\ndetienen en \u201clas dimensiones de las ace\u00f1as de Matarranas de Santa Luc\u00eda (en alusi\u00f3n a Olmillos) y del Salinar son 7 metros por 9 metros\u201d.&nbsp;<\/span><\/span><\/p>\n<p style=\"text-align: justify;\"><span style=\"font-family: arial;\"><span style=\"font-size: medium;\"><\/span><\/span><\/p>\n<div style=\"clear: both; text-align: center;\"><span style=\"font-size: medium;\"><a href=\"https:\/\/blogger.googleusercontent.com\/img\/b\/R29vZ2xl\/AVvXsEhJnUQz_dGsusQuQq1QsxUTHKqfpxP09ck6FvWQ0humM8YY-7m_01lYzKvo21Jd1qsi2LapSbpuS4gdeiqWe-049szuW1_vL7gTu6Z_fJ2WB5Lv31LU4HvYhGqAJzedSoB6jhhTyIDQgUY-mXoGAuZbSbupQZ0Z5EXlAt0j-NEH5TKx0nBreKn5SOgg\/s6103\/juzbado%20370217.jpg\" style=\"margin-left: 1em; margin-right: 1em;\"><img loading=\"lazy\" decoding=\"async\" border=\"0\" data-original-height=\"4232\" data-original-width=\"6103\" height=\"444\" src=\"https:\/\/blogger.googleusercontent.com\/img\/b\/R29vZ2xl\/AVvXsEhJnUQz_dGsusQuQq1QsxUTHKqfpxP09ck6FvWQ0humM8YY-7m_01lYzKvo21Jd1qsi2LapSbpuS4gdeiqWe-049szuW1_vL7gTu6Z_fJ2WB5Lv31LU4HvYhGqAJzedSoB6jhhTyIDQgUY-mXoGAuZbSbupQZ0Z5EXlAt0j-NEH5TKx0nBreKn5SOgg\/w640-h444\/juzbado%20370217.jpg\" width=\"640\" \/><\/a><\/span><\/div>\n<div style=\"text-align: justify;\"><span style=\"font-family: arial; font-size: medium;\"><span><a name='more'><\/a><\/span>&nbsp;<\/span><\/div>\n<div style=\"text-align: justify;\"><span style=\"font-family: arial; font-size: medium;\">Otro detalle que<br \/>\nllama la atenci\u00f3n son los diferentes avances de los trabajos firmados desde<br \/>\nPalacios del Arzobispo. Primero el 17 de junio de 1906 por un top\u00f3grafo<br \/>\nauxiliar 2\u00ba de Geograf\u00eda, luego el 21 de junio \u201ccomprobado\u201d por el Ingeniero<br \/>\nJefe de la 1\u00aa Brigada y, finalmente, un mes m\u00e1s tarde, el 20 de julio y ya en<br \/>\nSalamanca, \u201crevisado\u201d por el ingeniero Jefe de los trabajos topogr\u00e1ficos de la<br \/>\nprovincia. En 1908 se firman en Madrid las superficies municipales.&nbsp;<\/span><\/div>\n<\/p>\n<p style=\"text-align: justify;\"><span style=\"font-family: arial;\"><span style=\"font-size: medium;\"><\/span><\/span><\/p>\n<div style=\"clear: both; text-align: center;\"><span style=\"font-size: medium;\"><a href=\"https:\/\/blogger.googleusercontent.com\/img\/b\/R29vZ2xl\/AVvXsEgDugQkjrltYsg3RIpsxiUKXCd-Ku7h4Djf5mq2Se7zG7h9djhgouwhhELSYCBIjw0G-AX6ckoAMf2fu70IbiuU5w5cbvnrNUKujY69_ZRddSlIGBXKzEDEhxCTycVC5jlsvNkMt0Fi72VKbAFb_QfmoZLlEwOvediesNVuNYi5XcKIy9DBcul0axsc\/s6460\/370696.jpg\" style=\"margin-left: 1em; margin-right: 1em;\"><img loading=\"lazy\" decoding=\"async\" border=\"0\" data-original-height=\"4748\" data-original-width=\"6460\" height=\"470\" src=\"https:\/\/blogger.googleusercontent.com\/img\/b\/R29vZ2xl\/AVvXsEgDugQkjrltYsg3RIpsxiUKXCd-Ku7h4Djf5mq2Se7zG7h9djhgouwhhELSYCBIjw0G-AX6ckoAMf2fu70IbiuU5w5cbvnrNUKujY69_ZRddSlIGBXKzEDEhxCTycVC5jlsvNkMt0Fi72VKbAFb_QfmoZLlEwOvediesNVuNYi5XcKIy9DBcul0axsc\/w640-h470\/370696.jpg\" width=\"640\" \/><\/a><\/span><\/div>\n<p><span style=\"font-size: medium;\">&nbsp;<\/span><\/p>\n<p style=\"text-align: justify;\"><span style=\"font-family: arial;\"><span style=\"font-size: medium;\">Luego se<br \/>\ncomplement\u00f3 con el \u00abplano de Altimetr\u00edas\u00bb firmado en 1948 y en el que<br \/>\nse muestran con detalle todas las cotas municipales as\u00ed como las curvas de<br \/>\nnivel. Hechos a mano y, muy posiblemente en circunstancias dif\u00edciles, sendos<br \/>\ndocumentos muestran incluso quemaduras probablemente de un cigarro. Son, en<br \/>\ncualquier caso, los primeros borradores de la cartograf\u00eda del municipio de<br \/>\nJuzbado. Un legado com\u00fan que os mostrados gracias a que est\u00e1n disponibles en la<br \/>\nweb del <a href=\"https:\/\/www.ign.es\/\" target=\"_blank\">Instituto Geogr\u00e1fico Nacional<\/a>. <\/span><\/span><\/p><\/p>\n","protected":false},"excerpt":{"rendered":"<p>El 20 de julio del a\u00f1o 1906 se firmaba el primer plano del municipio de Juzbado. Se trataba del plano geom\u00e9trico del t\u00e9rmino municipal \u201cmandado formar por la Ley de 27 de marzo de 1900\u201d. El Instituto Geogr\u00e1fico y Estad\u00edstico, en la actualidad el Instituto Geogr\u00e1fico Nacional, descend\u00eda a la escala 1:25000 y recog\u00eda oficialmente [&hellip;]<\/p>\n","protected":false},"author":2,"featured_media":0,"comment_status":"open","ping_status":"open","sticky":false,"template":"","format":"standard","meta":{"saved_in_kubio":false,"footnotes":""},"categories":[285,418,421,225,417,419,420,422],"tags":[],"class_list":["post-145","post","type-post","status-publish","format-standard","hentry","category-285","category-cagalona","category-instituto-geografico-nacional","category-marzo","category-olmillos","category-salinar","category-termino-municipal","category-valdeleje"],"_links":{"self":[{"href":"https:\/\/juzbado.es\/nuevaweb\/wp-json\/wp\/v2\/posts\/145","targetHints":{"allow":["GET"]}}],"collection":[{"href":"https:\/\/juzbado.es\/nuevaweb\/wp-json\/wp\/v2\/posts"}],"about":[{"href":"https:\/\/juzbado.es\/nuevaweb\/wp-json\/wp\/v2\/types\/post"}],"author":[{"embeddable":true,"href":"https:\/\/juzbado.es\/nuevaweb\/wp-json\/wp\/v2\/users\/2"}],"replies":[{"embeddable":true,"href":"https:\/\/juzbado.es\/nuevaweb\/wp-json\/wp\/v2\/comments?post=145"}],"version-history":[{"count":0,"href":"https:\/\/juzbado.es\/nuevaweb\/wp-json\/wp\/v2\/posts\/145\/revisions"}],"wp:attachment":[{"href":"https:\/\/juzbado.es\/nuevaweb\/wp-json\/wp\/v2\/media?parent=145"}],"wp:term":[{"taxonomy":"category","embeddable":true,"href":"https:\/\/juzbado.es\/nuevaweb\/wp-json\/wp\/v2\/categories?post=145"},{"taxonomy":"post_tag","embeddable":true,"href":"https:\/\/juzbado.es\/nuevaweb\/wp-json\/wp\/v2\/tags?post=145"}],"curies":[{"name":"wp","href":"https:\/\/api.w.org\/{rel}","templated":true}]}}