{"id":148,"date":"2023-03-06T17:22:00","date_gmt":"2023-03-06T16:22:00","guid":{"rendered":"http:\/\/juzbado.es\/nuevaweb\/2023\/03\/06\/valentin-cabero-recibe-el-premio-eduardo-lourenco-2022\/"},"modified":"2023-03-06T17:22:00","modified_gmt":"2023-03-06T16:22:00","slug":"valentin-cabero-recibe-el-premio-eduardo-lourenco-2022","status":"publish","type":"post","link":"https:\/\/juzbado.es\/nuevaweb\/2023\/03\/06\/valentin-cabero-recibe-el-premio-eduardo-lourenco-2022\/","title":{"rendered":"VALENT\u00cdN CABERO RECIBE EL PREMIO EDUARDO LOUREN\u00c7O 2022"},"content":{"rendered":"<p style=\"text-align: justify;\"><span style=\"font-family: arial; font-size: medium;\"><b>El pasado d\u00eda 3 de marzo se celebr\u00f3<br \/>\nen la ciudad portuguesa de Guarda el acto de entrega del galard\u00f3n del premio Eduardo<br \/>\nLouren\u00e7o 2022 a Valent\u00edn Cabero Di\u00e9guez, catedr\u00e1tico de geograf\u00eda jubilado de<br \/>\nla Universidad de Salamanca.<span>&nbsp; <\/span>Es un<br \/>\npremio que otorga anualmente el Centro de Estudios Ib\u00e9ricos (CEI) con sede en Guarda<br \/>\ny en el que est\u00e1n implicados desde su creaci\u00f3n hace m\u00e1s de 20 a\u00f1os las universidades<br \/>\nde Salamanca, Coimbra y el Instituto Polit\u00e9cnico de Guarda.<span>&nbsp;&nbsp;<\/span><\/b><\/span><\/p>\n<p><span style=\"font-family: arial; font-size: medium;\"><b><span>&nbsp;<\/span><\/b><\/span><\/p>\n<div style=\"clear: both; text-align: center;\"><span style=\"font-family: arial; font-size: medium;\"><b><a href=\"https:\/\/blogger.googleusercontent.com\/img\/b\/R29vZ2xl\/AVvXsEhjFUYqTGaGFVsEnRwgs6RlGf7VjI_2BY2wlONQld71g4aM9MgXEcXrGl8ttHWzmgrgLOt3ZX6KOuS1DctFjurED2vqZe9mmtK5UH96LyTJTLB6mNFG6X1QvjVXA7RpzjVad2QCzFdESChSHtx-MROoo_H5zCyKQiUQtZp3xspSlWkPa-Tiuf6CzEg_\/s4032\/20230303_190611-01-01.jpeg\" style=\"margin-left: 1em; margin-right: 1em;\"><img loading=\"lazy\" decoding=\"async\" alt=\"Valent\u00edn Cabero Di\u00e9guez, Juzbado, CEI\" border=\"0\" data-original-height=\"2268\" data-original-width=\"4032\" height=\"360\" src=\"https:\/\/blogger.googleusercontent.com\/img\/b\/R29vZ2xl\/AVvXsEhjFUYqTGaGFVsEnRwgs6RlGf7VjI_2BY2wlONQld71g4aM9MgXEcXrGl8ttHWzmgrgLOt3ZX6KOuS1DctFjurED2vqZe9mmtK5UH96LyTJTLB6mNFG6X1QvjVXA7RpzjVad2QCzFdESChSHtx-MROoo_H5zCyKQiUQtZp3xspSlWkPa-Tiuf6CzEg_\/w640-h360\/20230303_190611-01-01.jpeg\" title=\"Valent\u00edn Cabero Di\u00e9guez, Juzbado, CEI\" width=\"640\" \/><\/a><\/b><\/span><\/div>\n<p><span style=\"font-family: arial; font-size: medium;\"><b><br \/><\/b><\/span><\/p>\n<p style=\"text-align: justify;\"><span style=\"font-family: arial; font-size: medium;\"><span><\/span><\/span><\/p>\n<p><a name='more'><\/a><span style=\"font-family: arial; font-size: medium;\">El premio se entreg\u00f3 en un acto<br \/>\ncelebrado en la sal\u00f3n de la <a href=\"https:\/\/www.bmel.pt\/biblioteca\/\" target=\"_blank\">Biblioteca de la C\u00e2mara Municipal de Guarda<\/a> que<br \/>\nlleva el nombre de Eduardo Louren\u00e7o, a pocos metros de la sede del <a href=\"https:\/\/www.cei.pt\/\" target=\"_blank\">CEI<\/a> y en la<br \/>\nque han participado numerosas personalidades tanto de Espa\u00f1a como de Portugal.<span>&nbsp; <\/span>La sesi\u00f3n comenz\u00f3 a las 18 h. (hora local) con<br \/>\nlas intervenciones de S\u00e9rgio Costa (Presidente da C\u00e2mara Municipal da Guarda), Ricardo<br \/>\nRivero (Rector de la Universidad de Salamanca), Delfim Le\u00e3o (Vicerrector de la<br \/>\nUniversidade de Coimbra), Suzana Menezes (Directora Regional de Cultura do<br \/>\nCentro, en representaci\u00f3n del Ministro da Cultura, Pedro Ad\u00e3o e Silva), <span>&nbsp;<\/span>Manuel Salgado (Vice-Presidente del Instituto<br \/>\nPolit\u00e9cnico da Guarda) y Fernando Rubio de la Iglesia (Alcalde de Juzbado).<span>&nbsp;&nbsp;<\/span><\/span><\/p>\n<p style=\"text-align: justify;\"><span style=\"font-family: arial; font-size: medium;\"><span><\/span><\/span><\/p>\n<div style=\"clear: both; text-align: center;\"><span style=\"font-family: arial; font-size: medium;\"><a href=\"https:\/\/blogger.googleusercontent.com\/img\/b\/R29vZ2xl\/AVvXsEhKd3nWyFkdYR7unp-ae3l0pxOwinPeyFzrGH3uCt-W0pUl7OrDP_FLTQ3-_rzeT410ggA33tZN8FLHB_Ueq1oB5XgSFuyQO8cUyhIexYzi6LywbMHfRoxh9N5upfvgggg-6-bLb0EzovW2CRA70oQEgWBq2y8hh81vAJWiG3Tec9mvXCCtniLoO0Nm\/s2720\/20230303_191746-01-01.jpeg\" style=\"margin-left: 1em; margin-right: 1em;\"><img loading=\"lazy\" decoding=\"async\" alt=\"Valent\u00edn Cabero Di\u00e9guez, Juzbado, CEI\" border=\"0\" data-original-height=\"1808\" data-original-width=\"2720\" height=\"426\" src=\"https:\/\/blogger.googleusercontent.com\/img\/b\/R29vZ2xl\/AVvXsEhKd3nWyFkdYR7unp-ae3l0pxOwinPeyFzrGH3uCt-W0pUl7OrDP_FLTQ3-_rzeT410ggA33tZN8FLHB_Ueq1oB5XgSFuyQO8cUyhIexYzi6LywbMHfRoxh9N5upfvgggg-6-bLb0EzovW2CRA70oQEgWBq2y8hh81vAJWiG3Tec9mvXCCtniLoO0Nm\/w640-h426\/20230303_191746-01-01.jpeg\" title=\"Valent\u00edn Cabero Di\u00e9guez, Juzbado, CEI\" width=\"640\" \/><\/a><\/span><\/div>\n<p><span style=\"font-family: arial; font-size: medium;\"><br \/>&nbsp;<\/span><\/p>\n<p style=\"text-align: justify;\"><span style=\"font-family: arial; font-size: medium;\">Todos ellos fueron desentra\u00f1ando<br \/>\nel trabajo que, durante m\u00e1s de 45 a\u00f1os, ha realizado el profesor en el \u00e1mbito<br \/>\ndel an\u00e1lisis geogr\u00e1fico regional, siendo decano de la Facultad de Geograf\u00eda e<br \/>\nHistoria o la impronta que, como experto en el dise\u00f1o de las pol\u00edticas de<br \/>\ndesarrollo transfronterizo, deja principalmente en los territorios fronterizos<br \/>\nde Espa\u00f1a y Portugal.<span>&nbsp; <\/span>Fernando Rubio, alcalde<br \/>\nde Juzbado, resumi\u00f3 igualmente la trayectoria acad\u00e9mica, profesional y vital<br \/>\ndesde la perspectiva del compromiso c\u00edvico del profesor con las \u00e1reas rurales<br \/>\nde nuestro pa\u00eds.<span>&nbsp; <\/span>Record\u00f3 el papel que<br \/>\ntuvo Valent\u00edn en la configuraci\u00f3n de algunos de nuestros espacios protegidos m\u00e1s<br \/>\nemblem\u00e1ticos, el Lago de Sanabria o la Sierra de Guadarrama; o las profundas<br \/>\nhuellas que deja tras su jubilaci\u00f3n en una buena generaci\u00f3n de profesores y estudiosos<br \/>\nuniversitarios.<span>&nbsp; <\/span>Recordemos que los pueblos<br \/>\nde Juzbado, <a href=\"https:\/\/www.google.com\/url?sa=t&amp;rct=j&amp;q=&amp;esrc=s&amp;source=web&amp;cd=&amp;cad=rja&amp;uact=8&amp;ved=2ahUKEwjc26ne2sf9AhWfTaQEHUCGAI8QFnoECBAQAQ&amp;url=https%3A%2F%2Fwww.morille.es%2F&amp;usg=AOvVaw3iH7TaxeaBHrUb2mjA0uvf\" target=\"_blank\">Morille<\/a> y <a href=\"https:\/\/www.google.com\/url?sa=t&amp;rct=j&amp;q=&amp;esrc=s&amp;source=web&amp;cd=&amp;cad=rja&amp;uact=8&amp;ved=2ahUKEwiP1qbn2sf9AhUNUaQEHQeoDKEQFnoECBkQAQ&amp;url=http%3A%2F%2Fwww.monleras.es%2F&amp;usg=AOvVaw0l1bbVPe_nE9skTAkZRfg2\" target=\"_blank\">Monleras<\/a> han sido los promotores de esta candidatura. As\u00ed,<br \/>\nestaban presentes el alcalde de Morille, Manuel Ambrosio S\u00e1nchez y la teniente<br \/>\nde alcalde de Monleras, Raquel Delgado. <span>&nbsp;<\/span>El<br \/>\nsignificado de este premio, en palabras de Rubio, no solo es un hito para el<br \/>\nprofesor Cabero, sino tambi\u00e9n para los peque\u00f1os municipios de Castilla y Le\u00f3n,<br \/>\nya que viene a demostrar el compromiso que llevan a cabo en torno al reto<br \/>\ndemogr\u00e1fico y la dignificaci\u00f3n de sus comunidades.<\/span><\/p>\n<p style=\"text-align: justify;\"><span style=\"font-family: arial; font-size: medium;\"><\/span><\/p>\n<div style=\"clear: both; text-align: center;\"><span style=\"font-family: arial; font-size: medium;\"><a href=\"https:\/\/blogger.googleusercontent.com\/img\/b\/R29vZ2xl\/AVvXsEiL3gXl5Xv__XdyBrluBb2XbfcooCkd7MkOyY-E54G2pHQTVKLo-6_rtNk5Q5VKn--l5SCoDZP3975dLzgTDijRaBUclsq5MbqI7nYRq1AZIww0dhfqRIFEpdUlqZhkh3VcMMkPGfaN0kHccSAxsE_3TVuRfPEToAgU8j5eZm_jCdE7kXWJxFUYnb0U\/s3403\/20230303_192207-01-01.jpeg\" style=\"margin-left: 1em; margin-right: 1em;\"><img loading=\"lazy\" decoding=\"async\" alt=\"Valent\u00edn Cabero Di\u00e9guez, Juzbado, CEI\" border=\"0\" data-original-height=\"2264\" data-original-width=\"3403\" height=\"426\" src=\"https:\/\/blogger.googleusercontent.com\/img\/b\/R29vZ2xl\/AVvXsEiL3gXl5Xv__XdyBrluBb2XbfcooCkd7MkOyY-E54G2pHQTVKLo-6_rtNk5Q5VKn--l5SCoDZP3975dLzgTDijRaBUclsq5MbqI7nYRq1AZIww0dhfqRIFEpdUlqZhkh3VcMMkPGfaN0kHccSAxsE_3TVuRfPEToAgU8j5eZm_jCdE7kXWJxFUYnb0U\/w640-h426\/20230303_192207-01-01.jpeg\" title=\"Valent\u00edn Cabero Di\u00e9guez, Juzbado, CEI\" width=\"640\" \/><\/a><\/span><\/div>\n<p><span style=\"font-family: arial; font-size: medium;\">El galardonado agradeci\u00f3 la<br \/>\ndistinci\u00f3n, invitando a los all\u00ed presentes a recordar el legado no solo del<br \/>\ngran intelectual Eduardo Louren\u00e7o, si no tambi\u00e9n de Jos\u00e9 Saramago, Miguel de<br \/>\nUnamuno o Miguel Torga, autores a los que aludi\u00f3 por su semblanza iberista y de<br \/>\nconcordia entre Espa\u00f1a y Portugal.<span>&nbsp;<br \/>\n<\/span>Asimismo, Valent\u00edn Cabero repas\u00f3 la historia del CEI a lo largo de las<br \/>\ndos \u00faltimas d\u00e9cadas y las contribuciones de los sucesivos equipos rectorales y<br \/>\nprofesores de ambas universidades, aludiendo a la encrucijada que representa en<br \/>\nCEI en la hist\u00f3rica relaci\u00f3n de prosperidad entre ambos pa\u00edses. <span>&nbsp;&nbsp;<\/span>&nbsp; <br \/><\/span><\/p>\n<p style=\"text-align: justify;\"><span style=\"font-family: arial; font-size: medium;\">Tras las palabras del homenajeado, se<br \/>\ninterpretaron unas piezas musicales a cargo de Maite y Pablo Cabero as\u00ed como por<br \/>\nparte de sus nietos que interpretaron varias piezas de c\u00e1mara, piano solo y<br \/>\ncoro. <span>&nbsp;<\/span>Finalmente, se celebr\u00f3 una <i>Beira<br \/>\nde Honra<\/i> (Vino de Honor) con m\u00e1s del centenar de personas que presenciaron<br \/>\nel acto.<\/span><\/p>\n<p style=\"text-align: justify;\"><span style=\"font-family: arial; font-size: medium;\">&nbsp;<\/span><\/p><\/p>\n","protected":false},"excerpt":{"rendered":"<p>El pasado d\u00eda 3 de marzo se celebr\u00f3 en la ciudad portuguesa de Guarda el acto de entrega del galard\u00f3n del premio Eduardo Louren\u00e7o 2022 a Valent\u00edn Cabero Di\u00e9guez, catedr\u00e1tico de geograf\u00eda jubilado de la Universidad de Salamanca.&nbsp; Es un premio que otorga anualmente el Centro de Estudios Ib\u00e9ricos (CEI) con sede en Guarda y [&hellip;]<\/p>\n","protected":false},"author":2,"featured_media":0,"comment_status":"open","ping_status":"open","sticky":false,"template":"","format":"standard","meta":{"saved_in_kubio":false,"footnotes":""},"categories":[285,426,425,225,424,197,26],"tags":[],"class_list":["post-148","post","type-post","status-publish","format-standard","hentry","category-285","category-cei","category-guarda","category-marzo","category-universidad-de-coimbra","category-universidad-de-salamanca","category-valentin-cabero"],"_links":{"self":[{"href":"https:\/\/juzbado.es\/nuevaweb\/wp-json\/wp\/v2\/posts\/148","targetHints":{"allow":["GET"]}}],"collection":[{"href":"https:\/\/juzbado.es\/nuevaweb\/wp-json\/wp\/v2\/posts"}],"about":[{"href":"https:\/\/juzbado.es\/nuevaweb\/wp-json\/wp\/v2\/types\/post"}],"author":[{"embeddable":true,"href":"https:\/\/juzbado.es\/nuevaweb\/wp-json\/wp\/v2\/users\/2"}],"replies":[{"embeddable":true,"href":"https:\/\/juzbado.es\/nuevaweb\/wp-json\/wp\/v2\/comments?post=148"}],"version-history":[{"count":0,"href":"https:\/\/juzbado.es\/nuevaweb\/wp-json\/wp\/v2\/posts\/148\/revisions"}],"wp:attachment":[{"href":"https:\/\/juzbado.es\/nuevaweb\/wp-json\/wp\/v2\/media?parent=148"}],"wp:term":[{"taxonomy":"category","embeddable":true,"href":"https:\/\/juzbado.es\/nuevaweb\/wp-json\/wp\/v2\/categories?post=148"},{"taxonomy":"post_tag","embeddable":true,"href":"https:\/\/juzbado.es\/nuevaweb\/wp-json\/wp\/v2\/tags?post=148"}],"curies":[{"name":"wp","href":"https:\/\/api.w.org\/{rel}","templated":true}]}}