{"id":1489,"date":"2025-03-28T12:19:20","date_gmt":"2025-03-28T11:19:20","guid":{"rendered":"http:\/\/juzbado.es\/nuevaweb\/?p=1489"},"modified":"2025-05-13T09:45:57","modified_gmt":"2025-05-13T07:45:57","slug":"gran-cocido-de-los-mayores-2025","status":"publish","type":"post","link":"https:\/\/juzbado.es\/nuevaweb\/2025\/03\/28\/gran-cocido-de-los-mayores-2025\/","title":{"rendered":"GRAN COCIDO DE LOS MAYORES 2025"},"content":{"rendered":"\n<p>Un a\u00f1o m\u00e1s la activa asociaci\u00f3n de mayores de Juzbado nos convoca para celebrar juntos un gran cocido. Estamos convocados el s\u00e1bado 10 de mayo a las 14:30 h. y estos son los pormenores que hay que tener en cuenta:<\/p>\n\n\n\n<p>Comida de la Asociaci\u00f3n de Mayores:<\/p>\n\n\n\n<p>14:30 h. Comida en el Sal\u00f3n de actos.<br>Para apuntarse, a trav\u00e9s de Grupo Whatsapp Mayores o por tel\u00e9fono 665 20 11 74 (TINO)<\/p>\n\n\n\n<p>NOTAS IMPORTANTES: Llevar cubiertos y platos.&nbsp; Quien quiera pagar la cuota 2025 lo puede hacer despu\u00e9s de la comida. Hay que apuntarse antes del 8 de mayo.<\/p>\n\n\n\n<p>\u00a1OS ESPERAMOS!<\/p>\n\n\n\n<figure class=\"wp-block-gallery has-nested-images columns-default is-cropped wp-block-gallery-1 is-layout-flex wp-block-gallery-is-layout-flex\">\n<figure class=\"wp-block-image size-large\"><img loading=\"lazy\" decoding=\"async\" width=\"724\" height=\"1024\" data-id=\"1510\" src=\"https:\/\/juzbado.es\/nuevaweb\/wp-content\/uploads\/2025\/03\/WhatsApp-Image-2025-05-12-at-15.02.56-724x1024.jpeg\" alt=\"\" class=\"wp-image-1510\" srcset=\"https:\/\/juzbado.es\/nuevaweb\/wp-content\/uploads\/2025\/03\/WhatsApp-Image-2025-05-12-at-15.02.56-724x1024.jpeg 724w, https:\/\/juzbado.es\/nuevaweb\/wp-content\/uploads\/2025\/03\/WhatsApp-Image-2025-05-12-at-15.02.56-212x300.jpeg 212w, https:\/\/juzbado.es\/nuevaweb\/wp-content\/uploads\/2025\/03\/WhatsApp-Image-2025-05-12-at-15.02.56-768x1086.jpeg 768w, https:\/\/juzbado.es\/nuevaweb\/wp-content\/uploads\/2025\/03\/WhatsApp-Image-2025-05-12-at-15.02.56-1086x1536.jpeg 1086w, https:\/\/juzbado.es\/nuevaweb\/wp-content\/uploads\/2025\/03\/WhatsApp-Image-2025-05-12-at-15.02.56-763x1080.jpeg 763w, https:\/\/juzbado.es\/nuevaweb\/wp-content\/uploads\/2025\/03\/WhatsApp-Image-2025-05-12-at-15.02.56.jpeg 1131w\" sizes=\"(max-width: 724px) 100vw, 724px\" \/><\/figure>\n<\/figure>\n","protected":false},"excerpt":{"rendered":"<p>Un a\u00f1o m\u00e1s la activa asociaci\u00f3n de mayores de Juzbado nos convoca para celebrar juntos un gran cocido. Estamos convocados el s\u00e1bado 10 de mayo a las 14:30 h. y estos son los pormenores que hay que tener en cuenta: Comida de la Asociaci\u00f3n de Mayores: 14:30 h. Comida en el Sal\u00f3n de actos.Para apuntarse, [&hellip;]<\/p>\n","protected":false},"author":1,"featured_media":1507,"comment_status":"open","ping_status":"open","sticky":false,"template":"","format":"standard","meta":{"saved_in_kubio":true,"footnotes":""},"categories":[114,216],"tags":[685,684],"class_list":["post-1489","post","type-post","status-publish","format-standard","has-post-thumbnail","hentry","category-fiestas-de-mayores","category-gran-cocido","tag-asociacion-de-mayores","tag-cocido"],"_links":{"self":[{"href":"https:\/\/juzbado.es\/nuevaweb\/wp-json\/wp\/v2\/posts\/1489","targetHints":{"allow":["GET"]}}],"collection":[{"href":"https:\/\/juzbado.es\/nuevaweb\/wp-json\/wp\/v2\/posts"}],"about":[{"href":"https:\/\/juzbado.es\/nuevaweb\/wp-json\/wp\/v2\/types\/post"}],"author":[{"embeddable":true,"href":"https:\/\/juzbado.es\/nuevaweb\/wp-json\/wp\/v2\/users\/1"}],"replies":[{"embeddable":true,"href":"https:\/\/juzbado.es\/nuevaweb\/wp-json\/wp\/v2\/comments?post=1489"}],"version-history":[{"count":3,"href":"https:\/\/juzbado.es\/nuevaweb\/wp-json\/wp\/v2\/posts\/1489\/revisions"}],"predecessor-version":[{"id":1511,"href":"https:\/\/juzbado.es\/nuevaweb\/wp-json\/wp\/v2\/posts\/1489\/revisions\/1511"}],"wp:featuredmedia":[{"embeddable":true,"href":"https:\/\/juzbado.es\/nuevaweb\/wp-json\/wp\/v2\/media\/1507"}],"wp:attachment":[{"href":"https:\/\/juzbado.es\/nuevaweb\/wp-json\/wp\/v2\/media?parent=1489"}],"wp:term":[{"taxonomy":"category","embeddable":true,"href":"https:\/\/juzbado.es\/nuevaweb\/wp-json\/wp\/v2\/categories?post=1489"},{"taxonomy":"post_tag","embeddable":true,"href":"https:\/\/juzbado.es\/nuevaweb\/wp-json\/wp\/v2\/tags?post=1489"}],"curies":[{"name":"wp","href":"https:\/\/api.w.org\/{rel}","templated":true}]}}