{"id":149,"date":"2023-03-06T15:30:00","date_gmt":"2023-03-06T14:30:00","guid":{"rendered":"http:\/\/juzbado.es\/nuevaweb\/2023\/03\/06\/nueva-publicacion-sobre-arte-rural-de-juzbado\/"},"modified":"2023-03-06T15:30:00","modified_gmt":"2023-03-06T14:30:00","slug":"nueva-publicacion-sobre-arte-rural-de-juzbado","status":"publish","type":"post","link":"https:\/\/juzbado.es\/nuevaweb\/2023\/03\/06\/nueva-publicacion-sobre-arte-rural-de-juzbado\/","title":{"rendered":"NUEVA PUBLICACI\u00d3N SOBRE ARTE RURAL DE JUZBADO"},"content":{"rendered":"<p style=\"text-align: justify;\"><span style=\"font-family: arial; font-size: small;\"><span style=\"font-size: medium;\">Os presentamos una nueva<br \/>\npublicaci\u00f3n titulada \u201cArte rural en Juzbado\u201d. <span>&nbsp;<\/span>Es un tr\u00edptico en torno a las numerosas y variadas<br \/>\npropuestas art\u00edsticas que se pueden disfrutar en el pueblo de Juzbado.<span>&nbsp; <\/span>Desde hac\u00eda alg\u00fan tiempo ven\u00edamos observando<br \/>\nla necesidad de publicar un contenido espec\u00edfico en este sentido por varias<br \/>\nrazones. En primer lugar, porque ha sido una demanda vecinal y que nos han<br \/>\nhecho llegar muchas de los miles de personas que nos visitan cada a\u00f1o en busca<br \/>\nde murales y, en segundo lugar, porque siempre es bueno contar con<br \/>\npublicaciones concretas que muestren alguna de nuestras facetas culturales,<br \/>\nsociales y comunitarias como municipio.<span>&nbsp;<br \/>\n<\/span>En esta ocasi\u00f3n, compartimos un contenido que muchos ya conoc\u00e9is pero<br \/>\nque, a partir de ahora, est\u00e1 reunido en un desplegable a todo color que se puede<br \/>\nobtener impreso gratuitamente en nuestros museos (<a href=\"https:\/\/www.museodelafalla.com\/\" target=\"_blank\">Museo de la Falla<\/a> y <a href=\"http:\/\/www.centrobotanicodejuzbado.es\/\" target=\"_blank\">Centro Bot\u00e1nico<\/a>)<br \/>\nas\u00ed como en el <a href=\"https:\/\/www.facebook.com\/people\/Bar-el-toral\/100063403334429\/\" target=\"_blank\">Bar El Toral<\/a>.<span>&nbsp; <\/span>Tambi\u00e9n<br \/>\nest\u00e1 disponible la <b><a href=\"https:\/\/drive.google.com\/file\/d\/1WTA-v6zpIpf2aKh5XomiukSr-8rNL93X\/view?usp=sharing\" target=\"_blank\">versi\u00f3n en PDF<\/a><\/b> en nuestra WEB y en nuestras redes sociales.&nbsp;<\/span> <br \/><\/span><\/p>\n<p style=\"text-align: left;\"><span style=\"font-family: arial; font-size: small;\"><\/span><\/p>\n<table align=\"center\" cellpadding=\"0\" cellspacing=\"0\" style=\"margin-left: auto; margin-right: auto;\">\n<tbody>\n<tr>\n<td style=\"text-align: center;\"><a href=\"https:\/\/drive.google.com\/file\/d\/1WTA-v6zpIpf2aKh5XomiukSr-8rNL93X\/view?usp=sharing\" style=\"margin-left: auto; margin-right: auto;\" target=\"_blank\"><img loading=\"lazy\" decoding=\"async\" alt=\"Juzbado, arte mural, arate rural\" border=\"0\" data-original-height=\"2480\" data-original-width=\"3508\" height=\"452\" src=\"https:\/\/blogger.googleusercontent.com\/img\/b\/R29vZ2xl\/AVvXsEiMN_LOQL6oyv-T2U4LPkKtgdJ9LmE6i8idEC3wVD5jzr9Ku_Kgyd2WyNgKG9gZ0iu4qdRnp5byNwS2vyBX2ZY7Gucpe4viMrgXCLuGeKfPyfLWvT8Ua08he9Vsuxjxsp2qr9XbFxn_JLVde8Uyc-5LFsjYeuOSV7fUH73pTnVJp9FcQPlGg6K7WLkB\/w640-h452\/triptico%20muralismo%20A.jpg\" title=\"Juzbado, arte mural, arate rural\" width=\"640\" \/><\/a><\/td>\n<\/tr>\n<tr>\n<td style=\"text-align: center;\"><span style=\"font-family: arial;\">Vista del interior del tr\u00edptico<\/span><\/td>\n<\/tr>\n<\/tbody>\n<\/table>\n<div style=\"clear: both; text-align: center;\"><span style=\"font-family: arial; font-size: small;\"><\/span><\/div>\n<p><span><a name='more'><\/a><\/span><\/p>\n<p style=\"text-align: justify;\"><span style=\"font-family: arial; font-size: medium;\">De entre todas las <a href=\"https:\/\/juzbado.blogspot.com\/p\/galeria-rural.html\" target=\"_blank\">propuestas art\u00edsticas juzbadinas<\/a>, destacan los murales que se llevan realizando desde el<br \/>\na\u00f1o 2016.<span>&nbsp; <\/span>En aquel entonces fueron <a href=\"https:\/\/www.instagram.com\/joaquinvila_____juako\/?hl=es\" target=\"_blank\">Joaqu\u00edn Vila<\/a> y <a href=\"https:\/\/www.instagram.com\/pablosherrero\/?hl=es\" target=\"_blank\">Pablo Herrero<\/a> los artistas que firmaron el \u201c<a href=\"https:\/\/juzbado.blogspot.com\/2016\/10\/muralismo-de-altos-vuelos-en-juzbado.html\" target=\"_blank\">Libro Abierto de Juzbado<\/a>\u201d en<br \/>\nel Front\u00f3n municipal del recinto de las piscinas municipales.<span>&nbsp; <\/span>Tras esa obra pionera en nuestra provincia,<br \/>\nvinieron otros murales en 2018 y en 2020 de la mano de muchos otros artistas.<span>&nbsp; <\/span>A todo ello, se suman las <a href=\"https:\/\/juzbado.blogspot.com\/2017\/07\/hephaistos-71-continua-creciendo.html\" target=\"_blank\">obras escult\u00f3ricas<\/a> que<br \/>\nse reparten por nuestro n\u00facleo urbano o las intervenciones que realizan desde hace<br \/>\nm\u00e1s de una d\u00e9cada nuestros m\u00e1s peque\u00f1os en <a href=\"https:\/\/juzbado.blogspot.com\/2021\/08\/arte-en-verano-2021-finaliza-con-exito.html\" target=\"_blank\">verano<\/a>.<span>&nbsp;<br \/>\n<\/span>Asimismo, se se\u00f1alan en el tr\u00edptico como elementos art\u00edsticos el<br \/>\nconjunto de papeleras del programa \u201cArte en las papeleras\u201d que han pintado igualmente<br \/>\nlos m\u00e1s j\u00f3venes (algunos ya en la universidad) y que, en su momento, supusieron<br \/>\nun revulsivo art\u00edstico dentro y fuera de nuestro pueblo.<\/span><\/p>\n<p style=\"text-align: justify;\"><span style=\"font-family: arial; font-size: medium;\">Todo ello est\u00e1 reunido ahora en<br \/>\nuna sola publicaci\u00f3n que esperamos pod\u00e1is disfrutar y os permita acercaros mejor<br \/>\na nuestro pueblo y, concretamente, a la propuesta de arte rural en Juzbado.<\/span><\/p>\n<p style=\"text-align: justify;\"><span style=\"font-family: arial; font-size: small;\"><span style=\"font-size: medium;\"><b><a href=\"https:\/\/drive.google.com\/file\/d\/1WTA-v6zpIpf2aKh5XomiukSr-8rNL93X\/view?usp=sharing\" target=\"_blank\">DESCARGA VERSI\u00d3N EN PDF<\/a><\/b><\/span><br \/><\/span><\/p><\/p>\n","protected":false},"excerpt":{"rendered":"<p>Os presentamos una nueva publicaci\u00f3n titulada \u201cArte rural en Juzbado\u201d. &nbsp;Es un tr\u00edptico en torno a las numerosas y variadas propuestas art\u00edsticas que se pueden disfrutar en el pueblo de Juzbado.&nbsp; Desde hac\u00eda alg\u00fan tiempo ven\u00edamos observando la necesidad de publicar un contenido espec\u00edfico en este sentido por varias razones. En primer lugar, porque ha [&hellip;]<\/p>\n","protected":false},"author":2,"featured_media":0,"comment_status":"open","ping_status":"open","sticky":false,"template":"","format":"standard","meta":{"saved_in_kubio":false,"footnotes":""},"categories":[285,355,427,160,428,357,429,225,208,431,430],"tags":[],"class_list":["post-149","post","type-post","status-publish","format-standard","hentry","category-285","category-arte","category-arte-emboscado","category-arte-en-verano","category-arte-en-verano-2022","category-arte-rural","category-joaquin-vila","category-marzo","category-mural","category-pablo-herrero","category-triptico"],"_links":{"self":[{"href":"https:\/\/juzbado.es\/nuevaweb\/wp-json\/wp\/v2\/posts\/149","targetHints":{"allow":["GET"]}}],"collection":[{"href":"https:\/\/juzbado.es\/nuevaweb\/wp-json\/wp\/v2\/posts"}],"about":[{"href":"https:\/\/juzbado.es\/nuevaweb\/wp-json\/wp\/v2\/types\/post"}],"author":[{"embeddable":true,"href":"https:\/\/juzbado.es\/nuevaweb\/wp-json\/wp\/v2\/users\/2"}],"replies":[{"embeddable":true,"href":"https:\/\/juzbado.es\/nuevaweb\/wp-json\/wp\/v2\/comments?post=149"}],"version-history":[{"count":0,"href":"https:\/\/juzbado.es\/nuevaweb\/wp-json\/wp\/v2\/posts\/149\/revisions"}],"wp:attachment":[{"href":"https:\/\/juzbado.es\/nuevaweb\/wp-json\/wp\/v2\/media?parent=149"}],"wp:term":[{"taxonomy":"category","embeddable":true,"href":"https:\/\/juzbado.es\/nuevaweb\/wp-json\/wp\/v2\/categories?post=149"},{"taxonomy":"post_tag","embeddable":true,"href":"https:\/\/juzbado.es\/nuevaweb\/wp-json\/wp\/v2\/tags?post=149"}],"curies":[{"name":"wp","href":"https:\/\/api.w.org\/{rel}","templated":true}]}}