{"id":151,"date":"2023-02-28T21:39:00","date_gmt":"2023-02-28T20:39:00","guid":{"rendered":"http:\/\/juzbado.es\/nuevaweb\/2023\/02\/28\/titeres-para-conmemorar-el-dia-de-la-mujer\/"},"modified":"2023-02-28T21:39:00","modified_gmt":"2023-02-28T20:39:00","slug":"titeres-para-conmemorar-el-dia-de-la-mujer","status":"publish","type":"post","link":"https:\/\/juzbado.es\/nuevaweb\/2023\/02\/28\/titeres-para-conmemorar-el-dia-de-la-mujer\/","title":{"rendered":"TITERES PARA CONMEMORAR EL D\u00cdA DE LA MUJER"},"content":{"rendered":"<p style=\"text-align: justify;\"><span style=\"font-size: medium;\"><span style=\"font-family: arial;\">El pr\u00f3ximo s\u00e1bado 11 de marzo celebraremos el <a href=\"https:\/\/www.un.org\/es\/observances\/womens-day\/background\" target=\"_blank\"><b>8M<\/b><\/a> con la<br \/>\nrepresentaci\u00f3n de una obra de t\u00edteres titulada \u201cEl hechizo de siempre igual\u201d dirigida<br \/>\na todos los p\u00fablicos.<span>&nbsp; <\/span>Ser\u00e1 a cargo de la<br \/>\n<a href=\"http:\/\/www.chirimbamba.com\/\" target=\"_blank\">compa\u00f1\u00eda Chirimbamba<\/a>, a partir de las 6 de la tarde en el sal\u00f3n de Actos del<br \/>\nAyuntamiento de Juzbado.<span>&nbsp; <\/span>El acto est\u00e1<br \/>\npromovido por la <a href=\"https:\/\/juzbado.blogspot.com\/p\/asociaciones.html\" target=\"_blank\">Asociaci\u00f3n de Mujeres de Juzbado<\/a> y est\u00e1 financiado por el<br \/>\nAyuntamiento de Juzbado y la <a href=\"http:\/\/www.lasalina.es\/\" target=\"_blank\">Diputaci\u00f3n de Salamanca<\/a> gracias al <a href=\"http:\/\/www.lasalina.es\/Aplicaciones\/GestorInter.jsp?prestacion=Cipublico&amp;funcion=MuestraInformacionCeas0&amp;codCeas=6\" target=\"_blank\">CEAS de Ledesma<\/a>.<\/span><\/span><\/p>\n<p style=\"text-align: left;\"><span style=\"font-size: medium;\"><span style=\"font-family: arial;\"><\/span><\/span><\/p>\n<div style=\"clear: both; text-align: center;\"><span style=\"font-size: medium;\"><a href=\"https:\/\/blogger.googleusercontent.com\/img\/b\/R29vZ2xl\/AVvXsEisyaDqKfJod3nJ7oLfxJ-KC7QezeCos45Qq2hrkcfj83Qaceq8Mldv6T5lVlXjJlqfHg1hP2YF3dLrqsHyFTi0V9jGyisLEnHkfqqp6cagIJwlp3D4-eZkQyNVPfoa6TdnJuXngQmjCq_p4qhMe-z4pCIV9jAv1t_55578t1XgkP1JAepj8zRHi2Wj\/s1600\/WhatsApp%20Image%202023-02-28%20at%2018.38.07.jpeg\" style=\"margin-left: 1em; margin-right: 1em;\"><img loading=\"lazy\" decoding=\"async\" border=\"0\" data-original-height=\"1600\" data-original-width=\"1131\" height=\"640\" src=\"https:\/\/blogger.googleusercontent.com\/img\/b\/R29vZ2xl\/AVvXsEisyaDqKfJod3nJ7oLfxJ-KC7QezeCos45Qq2hrkcfj83Qaceq8Mldv6T5lVlXjJlqfHg1hP2YF3dLrqsHyFTi0V9jGyisLEnHkfqqp6cagIJwlp3D4-eZkQyNVPfoa6TdnJuXngQmjCq_p4qhMe-z4pCIV9jAv1t_55578t1XgkP1JAepj8zRHi2Wj\/w452-h640\/WhatsApp%20Image%202023-02-28%20at%2018.38.07.jpeg\" width=\"452\" \/><\/a><\/span><\/div>\n<p><span style=\"font-size: medium;\"><span style=\"font-family: arial;\"><span><a name='more'><\/a><\/span>Sinopsis de la obra (Fuente: Chirimbamba) <\/span><\/span><\/p>\n<p style=\"text-align: justify;\"><span style=\"font-size: medium;\"><span style=\"font-family: arial;\">Los Enredacuentos, Hern\u00e1ndez &amp; Garc\u00eda, ofrecen un<br \/>\nespect\u00e1culo \u00e1gil, divertido y muy variado, con t\u00edteres, magia, canciones,<br \/>\nadivinanzas&#8230; y la esencial implicaci\u00f3n de ni\u00f1as, ni\u00f1os y mayores. Cuando<br \/>\nHern\u00e1ndez comienza a contar una de sus historias, la princesa protagonista interrumpe<br \/>\nel relato: se niega a seguir representando el mismo papel pasivo y aburrido.<br \/>\nPronto cunde su ejemplo y el pr\u00edncipe, la bruja&#8230;todos los personajes de los<br \/>\ncuentos quieren ser libres para hacer lo que m\u00e1s les gusta. Pero el Gran Controla-Cuentos<br \/>\nhar\u00e1 todo lo posible por impedirlo; \u00bfc\u00f3mo lograrlo? Hern\u00e1ndez &amp; Garc\u00eda, con<br \/>\nla colaboraci\u00f3n del p\u00fablico, intentar\u00e1n romper el poderoso hechizo que pesa<br \/>\nsobre ellos.<\/span><\/span><\/p>\n<p style=\"text-align: justify;\"><span style=\"font-size: medium;\"><span style=\"font-family: arial;\">\u00bfQu\u00e9 ocurrir\u00e1? \u00bfConseguir\u00e1n liberarse? \u00bfPodr\u00e1 escapar<br \/>\ntambi\u00e9n Garc\u00eda, m\u00e1gicamente, de cadenas y candados?<\/span><\/span><\/p>\n<p style=\"text-align: justify;\"><span style=\"font-size: medium;\"><span style=\"font-family: arial;\">Despu\u00e9s, Nikolassa, la oveja rockera, nos contar\u00e1 y cantar\u00e1<br \/>\nc\u00f3mo baila por el prado sin importarle ser diferente de las dem\u00e1s ovejas y<br \/>\nconoceremos la peculiar historia de Osa, que recorre el bosque tratando de<br \/>\naveriguar c\u00f3mo \u201cencajar en el mundo\u201d, aunque eso la lleve a dejar de ser quien<br \/>\nes.<span>&nbsp; <\/span>A trav\u00e9s de lo fant\u00e1stico veremos<br \/>\nque siempre es posible librarse de los estereotipos impuestos porque, como dice<br \/>\nla canci\u00f3n del Drag\u00f3n Micomic\u00f3n: \u201cTodo, todo se puede cambiar, empieza y ver\u00e1s,<br \/>\nlo conseguir\u00e1s\u201d.<\/span><\/span><\/p>\n<p><span style=\"font-size: medium;\"><span style=\"font-family: arial;\">Duraci\u00f3n: 60 minutos; Dirigida a todos los p\u00fablicos.<\/span><\/span><\/p><\/p>\n","protected":false},"excerpt":{"rendered":"<p>El pr\u00f3ximo s\u00e1bado 11 de marzo celebraremos el 8M con la representaci\u00f3n de una obra de t\u00edteres titulada \u201cEl hechizo de siempre igual\u201d dirigida a todos los p\u00fablicos.&nbsp; Ser\u00e1 a cargo de la compa\u00f1\u00eda Chirimbamba, a partir de las 6 de la tarde en el sal\u00f3n de Actos del Ayuntamiento de Juzbado.&nbsp; El acto est\u00e1 [&hellip;]<\/p>\n","protected":false},"author":2,"featured_media":0,"comment_status":"open","ping_status":"open","sticky":false,"template":"","format":"standard","meta":{"saved_in_kubio":false,"footnotes":""},"categories":[285,239,236,42,423,55,225],"tags":[],"class_list":["post-151","post","type-post","status-publish","format-standard","hentry","category-285","category-8-de-marzo","category-8m","category-asociacion-de-mujeres","category-chirimbamba","category-diputacion-de-salamanca","category-marzo"],"_links":{"self":[{"href":"https:\/\/juzbado.es\/nuevaweb\/wp-json\/wp\/v2\/posts\/151","targetHints":{"allow":["GET"]}}],"collection":[{"href":"https:\/\/juzbado.es\/nuevaweb\/wp-json\/wp\/v2\/posts"}],"about":[{"href":"https:\/\/juzbado.es\/nuevaweb\/wp-json\/wp\/v2\/types\/post"}],"author":[{"embeddable":true,"href":"https:\/\/juzbado.es\/nuevaweb\/wp-json\/wp\/v2\/users\/2"}],"replies":[{"embeddable":true,"href":"https:\/\/juzbado.es\/nuevaweb\/wp-json\/wp\/v2\/comments?post=151"}],"version-history":[{"count":0,"href":"https:\/\/juzbado.es\/nuevaweb\/wp-json\/wp\/v2\/posts\/151\/revisions"}],"wp:attachment":[{"href":"https:\/\/juzbado.es\/nuevaweb\/wp-json\/wp\/v2\/media?parent=151"}],"wp:term":[{"taxonomy":"category","embeddable":true,"href":"https:\/\/juzbado.es\/nuevaweb\/wp-json\/wp\/v2\/categories?post=151"},{"taxonomy":"post_tag","embeddable":true,"href":"https:\/\/juzbado.es\/nuevaweb\/wp-json\/wp\/v2\/tags?post=151"}],"curies":[{"name":"wp","href":"https:\/\/api.w.org\/{rel}","templated":true}]}}