{"id":1514,"date":"2025-05-15T18:35:12","date_gmt":"2025-05-15T16:35:12","guid":{"rendered":"https:\/\/juzbado.es\/nuevaweb\/?p=1514"},"modified":"2025-05-16T11:25:52","modified_gmt":"2025-05-16T09:25:52","slug":"san-isidro-labrador-3","status":"publish","type":"post","link":"https:\/\/juzbado.es\/nuevaweb\/2025\/05\/15\/san-isidro-labrador-3\/","title":{"rendered":"San Isidro Labrador&#8230;"},"content":{"rendered":"\n<h2 class=\"wp-block-heading\">&#8230;Quita la lluvia y pon el sol.<\/h2>\n\n\n\n<p><\/p>\n\n\n\n<p>Hoy hemos celebrado la fiesta de San Isidro, patr\u00f3n de nuestra agricultura, y como cada a\u00f1o, se le ha rendido homenaje con una misa y la posterior bendici\u00f3n de los campos juzbadinos. Para finalizar la ma\u00f1ana hemos compartido unas ricas viandas que los agricultores y ganaderos del pueblo nos han brindado. La lluvia de la tarde nos ha pillado desprevenidos&#8230;<\/p>\n\n\n\n<figure class=\"wp-block-image size-large\"><img loading=\"lazy\" decoding=\"async\" width=\"724\" height=\"1024\" src=\"https:\/\/juzbado.es\/nuevaweb\/wp-content\/uploads\/2025\/05\/WhatsApp-Image-2025-05-10-at-10.21.50-724x1024.jpeg\" alt=\"\" class=\"wp-image-1515\" srcset=\"https:\/\/juzbado.es\/nuevaweb\/wp-content\/uploads\/2025\/05\/WhatsApp-Image-2025-05-10-at-10.21.50-724x1024.jpeg 724w, https:\/\/juzbado.es\/nuevaweb\/wp-content\/uploads\/2025\/05\/WhatsApp-Image-2025-05-10-at-10.21.50-212x300.jpeg 212w, https:\/\/juzbado.es\/nuevaweb\/wp-content\/uploads\/2025\/05\/WhatsApp-Image-2025-05-10-at-10.21.50-768x1086.jpeg 768w, https:\/\/juzbado.es\/nuevaweb\/wp-content\/uploads\/2025\/05\/WhatsApp-Image-2025-05-10-at-10.21.50-1086x1536.jpeg 1086w, https:\/\/juzbado.es\/nuevaweb\/wp-content\/uploads\/2025\/05\/WhatsApp-Image-2025-05-10-at-10.21.50-763x1080.jpeg 763w, https:\/\/juzbado.es\/nuevaweb\/wp-content\/uploads\/2025\/05\/WhatsApp-Image-2025-05-10-at-10.21.50.jpeg 1131w\" sizes=\"(max-width: 724px) 100vw, 724px\" \/><\/figure>\n","protected":false},"excerpt":{"rendered":"<p>&#8230;Quita la lluvia y pon el sol. Hoy hemos celebrado la fiesta de San Isidro, patr\u00f3n de nuestra agricultura, y como cada a\u00f1o, se le ha rendido homenaje con una misa y la posterior bendici\u00f3n de los campos juzbadinos. Para finalizar la ma\u00f1ana hemos compartido unas ricas viandas que los agricultores y ganaderos del pueblo [&hellip;]<\/p>\n","protected":false},"author":1,"featured_media":1515,"comment_status":"open","ping_status":"open","sticky":false,"template":"","format":"standard","meta":{"saved_in_kubio":false,"footnotes":""},"categories":[1],"tags":[],"class_list":["post-1514","post","type-post","status-publish","format-standard","has-post-thumbnail","hentry","category-sin-categoria"],"_links":{"self":[{"href":"https:\/\/juzbado.es\/nuevaweb\/wp-json\/wp\/v2\/posts\/1514","targetHints":{"allow":["GET"]}}],"collection":[{"href":"https:\/\/juzbado.es\/nuevaweb\/wp-json\/wp\/v2\/posts"}],"about":[{"href":"https:\/\/juzbado.es\/nuevaweb\/wp-json\/wp\/v2\/types\/post"}],"author":[{"embeddable":true,"href":"https:\/\/juzbado.es\/nuevaweb\/wp-json\/wp\/v2\/users\/1"}],"replies":[{"embeddable":true,"href":"https:\/\/juzbado.es\/nuevaweb\/wp-json\/wp\/v2\/comments?post=1514"}],"version-history":[{"count":4,"href":"https:\/\/juzbado.es\/nuevaweb\/wp-json\/wp\/v2\/posts\/1514\/revisions"}],"predecessor-version":[{"id":1520,"href":"https:\/\/juzbado.es\/nuevaweb\/wp-json\/wp\/v2\/posts\/1514\/revisions\/1520"}],"wp:featuredmedia":[{"embeddable":true,"href":"https:\/\/juzbado.es\/nuevaweb\/wp-json\/wp\/v2\/media\/1515"}],"wp:attachment":[{"href":"https:\/\/juzbado.es\/nuevaweb\/wp-json\/wp\/v2\/media?parent=1514"}],"wp:term":[{"taxonomy":"category","embeddable":true,"href":"https:\/\/juzbado.es\/nuevaweb\/wp-json\/wp\/v2\/categories?post=1514"},{"taxonomy":"post_tag","embeddable":true,"href":"https:\/\/juzbado.es\/nuevaweb\/wp-json\/wp\/v2\/tags?post=1514"}],"curies":[{"name":"wp","href":"https:\/\/api.w.org\/{rel}","templated":true}]}}