{"id":153,"date":"2023-02-07T14:28:00","date_gmt":"2023-02-07T13:28:00","guid":{"rendered":"http:\/\/juzbado.es\/nuevaweb\/2023\/02\/07\/encuentro-vecinal-por-las-aguedas\/"},"modified":"2023-02-07T14:28:00","modified_gmt":"2023-02-07T13:28:00","slug":"encuentro-vecinal-por-las-aguedas","status":"publish","type":"post","link":"https:\/\/juzbado.es\/nuevaweb\/2023\/02\/07\/encuentro-vecinal-por-las-aguedas\/","title":{"rendered":"ENCUENTRO VECINAL POR LAS \u00c1GUEDAS"},"content":{"rendered":"<\/p>\n<p style=\"text-align: justify;\"><span style=\"font-size: medium;\"><span style=\"font-family: arial;\">El pasado domingo la <a href=\"https:\/\/juzbado.blogspot.com\/p\/asociaciones.html\" target=\"_blank\">Asociaci\u00f3n de Mujeres de Juzbado<\/a><br \/>\nconvoc\u00f3 al pueblo de Juzbado para celebrar la festividad de las \u00c1guedas. <span>&nbsp;<\/span>Se trataba de una ocasi\u00f3n especial ya que no<br \/>\nhab\u00eda sido posible celebrarlo en 2021 y 2022. Os mostramos una fotograf\u00eda -la<br \/>\nfirma J.G.B- de la comida en el sal\u00f3n de actos que sirvi\u00f3 Lourdes Garc\u00eda<br \/>\nPacheco del <a href=\"https:\/\/www.facebook.com\/profile.php?id=100063403334429\" target=\"_blank\">Bar Restaurante El Toral<\/a>. <span>&nbsp;<\/span>No<br \/>\ncontamos con m\u00e1s fotograf\u00edas del baile con tamborilero pero sin duda los que<br \/>\nestuvieron lo recordar\u00e1n y nos lo podr\u00e1n contar.<\/span><\/span><\/p>\n<p style=\"text-align: justify;\"><span style=\"font-size: medium;\"><span style=\"font-family: arial;\"><\/p>\n<table align=\"center\" cellpadding=\"0\" cellspacing=\"0\" style=\"margin-left: auto; margin-right: auto;\">\n<tbody>\n<tr>\n<td style=\"text-align: center;\"><a href=\"https:\/\/blogger.googleusercontent.com\/img\/b\/R29vZ2xl\/AVvXsEgcWJV7kbafc3xjvP2h05lLJnQ0a-w3EMmjlk77P0sOVbzlOitATJ3lZyMuZj0ZO-xozYSwFuTKJR-7R27E83E_OYY5DM9aXNov8SH0h_bkc1n5AWgzkxEgw3P1o-3tIwIHD7g-f6uWJ6s08j9tXoYTz7cKamR1qb0hTANmHcEp7WLNXGLyHCdSLqKJ\/s1600\/WhatsApp%20Image%202023-02-05%20at%2019.49.41.jpeg\" style=\"margin-left: auto; margin-right: auto;\"><img loading=\"lazy\" decoding=\"async\" alt=\"Juzbado, Asociaci\u00f3n de Mujeres de Juzbado, \u00e1guedas 2023\" border=\"0\" data-original-height=\"898\" data-original-width=\"1600\" height=\"360\" src=\"https:\/\/blogger.googleusercontent.com\/img\/b\/R29vZ2xl\/AVvXsEgcWJV7kbafc3xjvP2h05lLJnQ0a-w3EMmjlk77P0sOVbzlOitATJ3lZyMuZj0ZO-xozYSwFuTKJR-7R27E83E_OYY5DM9aXNov8SH0h_bkc1n5AWgzkxEgw3P1o-3tIwIHD7g-f6uWJ6s08j9tXoYTz7cKamR1qb0hTANmHcEp7WLNXGLyHCdSLqKJ\/w640-h360\/WhatsApp%20Image%202023-02-05%20at%2019.49.41.jpeg\" title=\"Juzbado, Asociaci\u00f3n de Mujeres de Juzbado, \u00e1guedas 2023\" width=\"640\" \/><\/a><\/td>\n<\/tr>\n<tr>\n<td style=\"text-align: center;\">Comida en conmemoraci\u00f3n de las \u00c1guedas 2023 (Foto: J. G. B.)<\/td>\n<\/tr>\n<\/tbody>\n<\/table>\n<p><\/span><\/span><\/p><\/p>\n","protected":false},"excerpt":{"rendered":"<p>El pasado domingo la Asociaci\u00f3n de Mujeres de Juzbado convoc\u00f3 al pueblo de Juzbado para celebrar la festividad de las \u00c1guedas. &nbsp;Se trataba de una ocasi\u00f3n especial ya que no hab\u00eda sido posible celebrarlo en 2021 y 2022. Os mostramos una fotograf\u00eda -la firma J.G.B- de la comida en el sal\u00f3n de actos que sirvi\u00f3 [&hellip;]<\/p>\n","protected":false},"author":2,"featured_media":0,"comment_status":"open","ping_status":"open","sticky":false,"template":"","format":"standard","meta":{"saved_in_kubio":false,"footnotes":""},"categories":[436,435,42,312,434,309],"tags":[],"class_list":["post-153","post","type-post","status-publish","format-standard","hentry","category-2023-febrero","category-aguedas","category-asociacion-de-mujeres","category-bar-el-toral","category-el-toral","category-lourdes-garcia-pacheco"],"_links":{"self":[{"href":"https:\/\/juzbado.es\/nuevaweb\/wp-json\/wp\/v2\/posts\/153","targetHints":{"allow":["GET"]}}],"collection":[{"href":"https:\/\/juzbado.es\/nuevaweb\/wp-json\/wp\/v2\/posts"}],"about":[{"href":"https:\/\/juzbado.es\/nuevaweb\/wp-json\/wp\/v2\/types\/post"}],"author":[{"embeddable":true,"href":"https:\/\/juzbado.es\/nuevaweb\/wp-json\/wp\/v2\/users\/2"}],"replies":[{"embeddable":true,"href":"https:\/\/juzbado.es\/nuevaweb\/wp-json\/wp\/v2\/comments?post=153"}],"version-history":[{"count":0,"href":"https:\/\/juzbado.es\/nuevaweb\/wp-json\/wp\/v2\/posts\/153\/revisions"}],"wp:attachment":[{"href":"https:\/\/juzbado.es\/nuevaweb\/wp-json\/wp\/v2\/media?parent=153"}],"wp:term":[{"taxonomy":"category","embeddable":true,"href":"https:\/\/juzbado.es\/nuevaweb\/wp-json\/wp\/v2\/categories?post=153"},{"taxonomy":"post_tag","embeddable":true,"href":"https:\/\/juzbado.es\/nuevaweb\/wp-json\/wp\/v2\/tags?post=153"}],"curies":[{"name":"wp","href":"https:\/\/api.w.org\/{rel}","templated":true}]}}