{"id":1554,"date":"2025-06-21T12:40:16","date_gmt":"2025-06-21T10:40:16","guid":{"rendered":"https:\/\/juzbado.es\/nuevaweb\/?p=1554"},"modified":"2025-06-21T12:45:06","modified_gmt":"2025-06-21T10:45:06","slug":"juzbado-inaugura-un-nuevo-mural-colaborativo","status":"publish","type":"post","link":"https:\/\/juzbado.es\/nuevaweb\/2025\/06\/21\/juzbado-inaugura-un-nuevo-mural-colaborativo\/","title":{"rendered":"JUZBADO INAUGURA UN NUEVO MURAL COLABORATIVO"},"content":{"rendered":"\n<p><\/p>\n\n\n\n<p><sub>Viernes, 20 de junio de 2025.<\/sub><\/p>\n\n\n\n<p>La acci\u00f3n comunitaria y art\u00edstica, realizada por m\u00e1s de 40 personas, amplia la galer\u00eda al aire libre del pueblo de Juzbado con una obra titulada \u201cVida\u201d.<br>El consistorio tormesino, con la colaboraci\u00f3n de la ONG ACCEM suma una nueva obra art\u00edstica fruto de las manos de m\u00e1s de 40 personas que han visitado el municipio durante la ma\u00f1ana del viernes 20 de junio. La innovadora propuesta a\u00fana acci\u00f3n comunitaria, entretenimiento y arte en torno a la trayectoria solidaria y marca \u201cJuzbado Acoge\u201d que Juzbado viene realizando desde hace a\u00f1os con personas y familias migrantes.<\/p>\n\n\n\n<figure class=\"wp-block-image size-large\"><img loading=\"lazy\" decoding=\"async\" width=\"1024\" height=\"768\" src=\"https:\/\/juzbado.es\/nuevaweb\/wp-content\/uploads\/2025\/06\/WhatsApp-Image-2025-06-21-at-12.13.06-1024x768.jpeg\" alt=\"\" class=\"wp-image-1582\" srcset=\"https:\/\/juzbado.es\/nuevaweb\/wp-content\/uploads\/2025\/06\/WhatsApp-Image-2025-06-21-at-12.13.06-1024x768.jpeg 1024w, https:\/\/juzbado.es\/nuevaweb\/wp-content\/uploads\/2025\/06\/WhatsApp-Image-2025-06-21-at-12.13.06-300x225.jpeg 300w, https:\/\/juzbado.es\/nuevaweb\/wp-content\/uploads\/2025\/06\/WhatsApp-Image-2025-06-21-at-12.13.06-768x576.jpeg 768w, https:\/\/juzbado.es\/nuevaweb\/wp-content\/uploads\/2025\/06\/WhatsApp-Image-2025-06-21-at-12.13.06-1536x1152.jpeg 1536w, https:\/\/juzbado.es\/nuevaweb\/wp-content\/uploads\/2025\/06\/WhatsApp-Image-2025-06-21-at-12.13.06-2048x1536.jpeg 2048w, https:\/\/juzbado.es\/nuevaweb\/wp-content\/uploads\/2025\/06\/WhatsApp-Image-2025-06-21-at-12.13.06-1440x1080.jpeg 1440w\" sizes=\"(max-width: 1024px) 100vw, 1024px\" \/><\/figure>\n\n\n\n<p><br>Los trabajos previos de preparaci\u00f3n de la superficie de las paredes del edificio municipal situado en la calle Juan Bustos han permitido una r\u00e1pida y eficaz intervenci\u00f3n pict\u00f3rica realizada a lo largo de dos turnos por parte de los destinatarios de la ONG y los ni\u00f1os y ni\u00f1as de la Escuela Wayra. As\u00ed, mientras unos pintaban, otros han visitado los patios y lugares emblem\u00e1ticos del pueblo gracias a la colaboraci\u00f3n de la Asociaci\u00f3n de Mayores con su presidente Faustino Iglesias a la cabeza. Joaquina y Juan, vecinos de Juzbado, han ofrecido una limonada a los visitantes de nacionalidades tan dispares como Mali, Colombia, Per\u00fa o Venezuela. Tambi\u00e9n Jes\u00fas e Isabel, que frente a su casa invitaron a probar dulces y pastas a los inusuales visitantes. Mariano y Pilar han compartido, mediante un recorrido por su patio y pajar, la vida que se produc\u00eda en su casa hace m\u00e1s de medio siglo gracias a los aperos y artilugios restaurados y salvaguardados del paso del tiempo.<\/p>\n\n\n\n<figure class=\"wp-block-gallery has-nested-images columns-default is-cropped wp-block-gallery-1 is-layout-flex wp-block-gallery-is-layout-flex\">\n<figure class=\"wp-block-image size-large\"><img loading=\"lazy\" decoding=\"async\" width=\"1024\" height=\"576\" data-id=\"1580\" src=\"https:\/\/juzbado.es\/nuevaweb\/wp-content\/uploads\/2025\/06\/WhatsApp-Image-2025-06-21-at-11.57.04-8-1024x576.jpeg\" alt=\"\" class=\"wp-image-1580\" srcset=\"https:\/\/juzbado.es\/nuevaweb\/wp-content\/uploads\/2025\/06\/WhatsApp-Image-2025-06-21-at-11.57.04-8-1024x576.jpeg 1024w, https:\/\/juzbado.es\/nuevaweb\/wp-content\/uploads\/2025\/06\/WhatsApp-Image-2025-06-21-at-11.57.04-8-300x169.jpeg 300w, https:\/\/juzbado.es\/nuevaweb\/wp-content\/uploads\/2025\/06\/WhatsApp-Image-2025-06-21-at-11.57.04-8-768x432.jpeg 768w, https:\/\/juzbado.es\/nuevaweb\/wp-content\/uploads\/2025\/06\/WhatsApp-Image-2025-06-21-at-11.57.04-8-1536x863.jpeg 1536w, https:\/\/juzbado.es\/nuevaweb\/wp-content\/uploads\/2025\/06\/WhatsApp-Image-2025-06-21-at-11.57.04-8-1920x1080.jpeg 1920w, https:\/\/juzbado.es\/nuevaweb\/wp-content\/uploads\/2025\/06\/WhatsApp-Image-2025-06-21-at-11.57.04-8.jpeg 2048w\" sizes=\"(max-width: 1024px) 100vw, 1024px\" \/><\/figure>\n\n\n\n<figure class=\"wp-block-image size-large\"><img loading=\"lazy\" decoding=\"async\" width=\"1024\" height=\"473\" data-id=\"1579\" src=\"https:\/\/juzbado.es\/nuevaweb\/wp-content\/uploads\/2025\/06\/WhatsApp-Image-2025-06-21-at-11.55.35-1-5-1024x473.jpeg\" alt=\"\" class=\"wp-image-1579\" srcset=\"https:\/\/juzbado.es\/nuevaweb\/wp-content\/uploads\/2025\/06\/WhatsApp-Image-2025-06-21-at-11.55.35-1-5-1024x473.jpeg 1024w, https:\/\/juzbado.es\/nuevaweb\/wp-content\/uploads\/2025\/06\/WhatsApp-Image-2025-06-21-at-11.55.35-1-5-300x139.jpeg 300w, https:\/\/juzbado.es\/nuevaweb\/wp-content\/uploads\/2025\/06\/WhatsApp-Image-2025-06-21-at-11.55.35-1-5-768x355.jpeg 768w, https:\/\/juzbado.es\/nuevaweb\/wp-content\/uploads\/2025\/06\/WhatsApp-Image-2025-06-21-at-11.55.35-1-5-1536x710.jpeg 1536w, https:\/\/juzbado.es\/nuevaweb\/wp-content\/uploads\/2025\/06\/WhatsApp-Image-2025-06-21-at-11.55.35-1-5-2048x946.jpeg 2048w, https:\/\/juzbado.es\/nuevaweb\/wp-content\/uploads\/2025\/06\/WhatsApp-Image-2025-06-21-at-11.55.35-1-5-1920x887.jpeg 1920w\" sizes=\"(max-width: 1024px) 100vw, 1024px\" \/><\/figure>\n\n\n\n<figure class=\"wp-block-image size-large\"><img loading=\"lazy\" decoding=\"async\" width=\"1024\" height=\"473\" data-id=\"1576\" src=\"https:\/\/juzbado.es\/nuevaweb\/wp-content\/uploads\/2025\/06\/WhatsApp-Image-2025-06-21-at-11.55.35-6-1024x473.jpeg\" alt=\"\" class=\"wp-image-1576\" srcset=\"https:\/\/juzbado.es\/nuevaweb\/wp-content\/uploads\/2025\/06\/WhatsApp-Image-2025-06-21-at-11.55.35-6-1024x473.jpeg 1024w, https:\/\/juzbado.es\/nuevaweb\/wp-content\/uploads\/2025\/06\/WhatsApp-Image-2025-06-21-at-11.55.35-6-300x139.jpeg 300w, https:\/\/juzbado.es\/nuevaweb\/wp-content\/uploads\/2025\/06\/WhatsApp-Image-2025-06-21-at-11.55.35-6-768x355.jpeg 768w, https:\/\/juzbado.es\/nuevaweb\/wp-content\/uploads\/2025\/06\/WhatsApp-Image-2025-06-21-at-11.55.35-6-1536x710.jpeg 1536w, https:\/\/juzbado.es\/nuevaweb\/wp-content\/uploads\/2025\/06\/WhatsApp-Image-2025-06-21-at-11.55.35-6-2048x946.jpeg 2048w, https:\/\/juzbado.es\/nuevaweb\/wp-content\/uploads\/2025\/06\/WhatsApp-Image-2025-06-21-at-11.55.35-6-1920x887.jpeg 1920w\" sizes=\"(max-width: 1024px) 100vw, 1024px\" \/><\/figure>\n\n\n\n<figure class=\"wp-block-image size-large\"><img loading=\"lazy\" decoding=\"async\" width=\"1024\" height=\"473\" data-id=\"1581\" src=\"https:\/\/juzbado.es\/nuevaweb\/wp-content\/uploads\/2025\/06\/WhatsApp-Image-2025-06-21-at-11.55.35-2-6-1024x473.jpeg\" alt=\"\" class=\"wp-image-1581\" srcset=\"https:\/\/juzbado.es\/nuevaweb\/wp-content\/uploads\/2025\/06\/WhatsApp-Image-2025-06-21-at-11.55.35-2-6-1024x473.jpeg 1024w, https:\/\/juzbado.es\/nuevaweb\/wp-content\/uploads\/2025\/06\/WhatsApp-Image-2025-06-21-at-11.55.35-2-6-300x139.jpeg 300w, https:\/\/juzbado.es\/nuevaweb\/wp-content\/uploads\/2025\/06\/WhatsApp-Image-2025-06-21-at-11.55.35-2-6-768x355.jpeg 768w, https:\/\/juzbado.es\/nuevaweb\/wp-content\/uploads\/2025\/06\/WhatsApp-Image-2025-06-21-at-11.55.35-2-6-1536x710.jpeg 1536w, https:\/\/juzbado.es\/nuevaweb\/wp-content\/uploads\/2025\/06\/WhatsApp-Image-2025-06-21-at-11.55.35-2-6-2048x946.jpeg 2048w, https:\/\/juzbado.es\/nuevaweb\/wp-content\/uploads\/2025\/06\/WhatsApp-Image-2025-06-21-at-11.55.35-2-6-1920x887.jpeg 1920w\" sizes=\"(max-width: 1024px) 100vw, 1024px\" \/><\/figure>\n<\/figure>\n\n\n\n<p>Tras la inauguraci\u00f3n del mural por parte de visitantes y vecinos, en compa\u00f1\u00eda de los trabajadores municipales y los integrantes en la Oficina de Desarrollo Local, el medio centenar de personas volvi\u00f3 a Salamanca. Queda por delante la celebraci\u00f3n, a finales de julio, de una nueva Jornada multicultural en la que vecinos y amigos de Juzbado celebran la acogida de refugiados durante toda una jornada.<br>La creaci\u00f3n de esta obra arranca del universo creativo de Emilio, trabajador de ACCEM y artista, que reivindica \u201cuna obra que es de todos los participantes\u201d. Recordemos que Juzbado cuenta con una de las galer\u00edas de arte m\u00e1s prestigiosas de la provincia de Salamanca. La andadura art\u00edstica de este municipio comenz\u00f3 ya en el a\u00f1o 2016 con la inauguraci\u00f3n del mural Libro Abierto, firmado por Pablo Herrero y Joaqu\u00edn Vila. Despu\u00e9s se ha seguido ampliando la galer\u00eda con obras de Ampparito, Taquen, Sea162 o Doa Ocampo. Si ir m\u00e1s lejos, las obras m\u00e1s recientes son del salmantino David de la Mano y de la soriana Marta LaPe\u00f1a, finalizadas y presentadas durante el a\u00f1o 2024.<br>ACCEM trabaja para mejorar la vida de las personas refugiadas y tiene varias sedes en Salamanca as\u00ed como una veintena de pisos de acogida repartidos por la ciudad.<\/p>\n","protected":false},"excerpt":{"rendered":"<p>Viernes, 20 de junio de 2025. La acci\u00f3n comunitaria y art\u00edstica, realizada por m\u00e1s de 40 personas, amplia la galer\u00eda al aire libre del pueblo de Juzbado con una obra titulada \u201cVida\u201d.El consistorio tormesino, con la colaboraci\u00f3n de la ONG ACCEM suma una nueva obra art\u00edstica fruto de las manos de m\u00e1s de 40 personas [&hellip;]<\/p>\n","protected":false},"author":1,"featured_media":1582,"comment_status":"open","ping_status":"open","sticky":false,"template":"","format":"standard","meta":{"saved_in_kubio":true,"footnotes":""},"categories":[357,4],"tags":[692,694,685,695,693],"class_list":["post-1554","post","type-post","status-publish","format-standard","has-post-thumbnail","hentry","category-arte-rural","category-juzbado-acoge","tag-accem","tag-arte-rural","tag-asociacion-de-mayores","tag-migrantes","tag-mural"],"_links":{"self":[{"href":"https:\/\/juzbado.es\/nuevaweb\/wp-json\/wp\/v2\/posts\/1554","targetHints":{"allow":["GET"]}}],"collection":[{"href":"https:\/\/juzbado.es\/nuevaweb\/wp-json\/wp\/v2\/posts"}],"about":[{"href":"https:\/\/juzbado.es\/nuevaweb\/wp-json\/wp\/v2\/types\/post"}],"author":[{"embeddable":true,"href":"https:\/\/juzbado.es\/nuevaweb\/wp-json\/wp\/v2\/users\/1"}],"replies":[{"embeddable":true,"href":"https:\/\/juzbado.es\/nuevaweb\/wp-json\/wp\/v2\/comments?post=1554"}],"version-history":[{"count":4,"href":"https:\/\/juzbado.es\/nuevaweb\/wp-json\/wp\/v2\/posts\/1554\/revisions"}],"predecessor-version":[{"id":1588,"href":"https:\/\/juzbado.es\/nuevaweb\/wp-json\/wp\/v2\/posts\/1554\/revisions\/1588"}],"wp:featuredmedia":[{"embeddable":true,"href":"https:\/\/juzbado.es\/nuevaweb\/wp-json\/wp\/v2\/media\/1582"}],"wp:attachment":[{"href":"https:\/\/juzbado.es\/nuevaweb\/wp-json\/wp\/v2\/media?parent=1554"}],"wp:term":[{"taxonomy":"category","embeddable":true,"href":"https:\/\/juzbado.es\/nuevaweb\/wp-json\/wp\/v2\/categories?post=1554"},{"taxonomy":"post_tag","embeddable":true,"href":"https:\/\/juzbado.es\/nuevaweb\/wp-json\/wp\/v2\/tags?post=1554"}],"curies":[{"name":"wp","href":"https:\/\/api.w.org\/{rel}","templated":true}]}}