{"id":156,"date":"2023-01-31T11:13:00","date_gmt":"2023-01-31T10:13:00","guid":{"rendered":"http:\/\/juzbado.es\/nuevaweb\/2023\/01\/31\/santa-agueda-2023\/"},"modified":"2023-01-31T11:13:00","modified_gmt":"2023-01-31T10:13:00","slug":"santa-agueda-2023","status":"publish","type":"post","link":"https:\/\/juzbado.es\/nuevaweb\/2023\/01\/31\/santa-agueda-2023\/","title":{"rendered":"SANTA \u00c1GUEDA 2023"},"content":{"rendered":"<\/p>\n<p style=\"text-align: justify;\"><span style=\"font-size: medium;\"><span style=\"font-family: arial;\">La <a href=\"https:\/\/juzbado.blogspot.com\/p\/asociaciones.html\" target=\"_blank\">Asociaci\u00f3n de Mujeres de Juzbado<\/a> nos propone celebrar, tras dos a\u00f1os de par\u00f3n, la festividad de Santa<br \/>\n\u00c1gueda.&nbsp; La fecha de este a\u00f1o cae en un domingo 5 de febrero y los actos<br \/>\nprevistos consisten en una misa&nbsp;a las 13:00 h. en la Iglesia parroquial y<br \/>\nuna comida que se desarrollar\u00e1 en el sal\u00f3n de actos del Ayuntamiento.&nbsp; La<br \/>\ncomida es responsabilidad de Lourdes Garc\u00eda Pacheco, gerente y cocinera del <a href=\"https:\/\/www.facebook.com\/profile.php?id=100063403334429\" target=\"_blank\">Bar-Restaurante El Toral de Juzbado<\/a>.&nbsp; Desde la Asociaci\u00f3n nos indican que las reservas se<br \/>\npodr\u00e1n realizar hasta el mi\u00e9rcoles 1 de febrero bien el El Toral o&nbsp;a trav\u00e9s<br \/>\nde la Asociaci\u00f3n de Mujeres.&nbsp; Tras la comida se bailar\u00e1 al ritmo del tamborilero. Todo ello recibe el apoyo del Ayuntamiento de Juzbado.<\/span><\/span><\/p>\n<p style=\"text-align: justify;\"><span style=\"font-size: medium;\"><br \/><\/span><\/p>\n<div style=\"clear: both; text-align: center;\"><span style=\"font-size: medium;\"><a href=\"https:\/\/blogger.googleusercontent.com\/img\/b\/R29vZ2xl\/AVvXsEhFDp3U4yYyHgvJiksfHX5RVV67g_5y4YEC_7Ocj8CWzROkPR9GC2LWzmdNtjp6NjE4biWp2zV69K22zCIjppdAJ44LVDoXaTYTYAV1ljrIQ8mjGX1iriQkxSdxzjxSJPVgz2K2X7hvUdeLcCW_3t_mDUkuX_8xlXfk2u8bu1YQ8dHmxy1DKhxrvXQo\/s1600\/Juzbado%20%C3%A1guedas%202023%20mujeres%20de%20Juzbado.jpeg\" style=\"margin-left: 1em; margin-right: 1em;\"><img loading=\"lazy\" decoding=\"async\" alt=\"Juzbado \u00e1guedas 2023 mujeres de Juzbado\" border=\"0\" data-original-height=\"1600\" data-original-width=\"1131\" height=\"640\" src=\"https:\/\/blogger.googleusercontent.com\/img\/b\/R29vZ2xl\/AVvXsEhFDp3U4yYyHgvJiksfHX5RVV67g_5y4YEC_7Ocj8CWzROkPR9GC2LWzmdNtjp6NjE4biWp2zV69K22zCIjppdAJ44LVDoXaTYTYAV1ljrIQ8mjGX1iriQkxSdxzjxSJPVgz2K2X7hvUdeLcCW_3t_mDUkuX_8xlXfk2u8bu1YQ8dHmxy1DKhxrvXQo\/w452-h640\/Juzbado%20%C3%A1guedas%202023%20mujeres%20de%20Juzbado.jpeg\" title=\"Juzbado \u00e1guedas 2023 mujeres de Juzbado\" width=\"452\" \/><\/a><\/span><\/div>\n<p><span style=\"font-size: medium;\"><br \/><span style=\"font-family: arial;\"><br \/><\/span><\/span><\/p>\n<p style=\"text-align: justify;\">&nbsp;<\/p>\n<\/p>\n<p><\/p>\n","protected":false},"excerpt":{"rendered":"<p>La Asociaci\u00f3n de Mujeres de Juzbado nos propone celebrar, tras dos a\u00f1os de par\u00f3n, la festividad de Santa \u00c1gueda.&nbsp; La fecha de este a\u00f1o cae en un domingo 5 de febrero y los actos previstos consisten en una misa&nbsp;a las 13:00 h. en la Iglesia parroquial y una comida que se desarrollar\u00e1 en el sal\u00f3n [&hellip;]<\/p>\n","protected":false},"author":2,"featured_media":0,"comment_status":"open","ping_status":"open","sticky":false,"template":"","format":"standard","meta":{"saved_in_kubio":false,"footnotes":""},"categories":[285,435,42,312,309],"tags":[],"class_list":["post-156","post","type-post","status-publish","format-standard","hentry","category-285","category-aguedas","category-asociacion-de-mujeres","category-bar-el-toral","category-lourdes-garcia-pacheco"],"_links":{"self":[{"href":"https:\/\/juzbado.es\/nuevaweb\/wp-json\/wp\/v2\/posts\/156","targetHints":{"allow":["GET"]}}],"collection":[{"href":"https:\/\/juzbado.es\/nuevaweb\/wp-json\/wp\/v2\/posts"}],"about":[{"href":"https:\/\/juzbado.es\/nuevaweb\/wp-json\/wp\/v2\/types\/post"}],"author":[{"embeddable":true,"href":"https:\/\/juzbado.es\/nuevaweb\/wp-json\/wp\/v2\/users\/2"}],"replies":[{"embeddable":true,"href":"https:\/\/juzbado.es\/nuevaweb\/wp-json\/wp\/v2\/comments?post=156"}],"version-history":[{"count":0,"href":"https:\/\/juzbado.es\/nuevaweb\/wp-json\/wp\/v2\/posts\/156\/revisions"}],"wp:attachment":[{"href":"https:\/\/juzbado.es\/nuevaweb\/wp-json\/wp\/v2\/media?parent=156"}],"wp:term":[{"taxonomy":"category","embeddable":true,"href":"https:\/\/juzbado.es\/nuevaweb\/wp-json\/wp\/v2\/categories?post=156"},{"taxonomy":"post_tag","embeddable":true,"href":"https:\/\/juzbado.es\/nuevaweb\/wp-json\/wp\/v2\/tags?post=156"}],"curies":[{"name":"wp","href":"https:\/\/api.w.org\/{rel}","templated":true}]}}