{"id":158,"date":"2023-01-13T21:40:00","date_gmt":"2023-01-13T20:40:00","guid":{"rendered":"http:\/\/juzbado.es\/nuevaweb\/2023\/01\/13\/los-reyes-magos-visitan-juzbado\/"},"modified":"2023-01-13T21:40:00","modified_gmt":"2023-01-13T20:40:00","slug":"los-reyes-magos-visitan-juzbado","status":"publish","type":"post","link":"https:\/\/juzbado.es\/nuevaweb\/2023\/01\/13\/los-reyes-magos-visitan-juzbado\/","title":{"rendered":"LOS REYES MAGOS VISITAN JUZBADO"},"content":{"rendered":"<p style=\"text-align: justify;\"><span style=\"font-size: medium;\"><span style=\"font-family: arial;\"><span><span face=\"&quot;Arial&quot;,sans-serif\">Como todos<br \/>\nlos a\u00f1os, SSMM los Reyes Magos visitaron Juzbado puntalmente el 5 de<br \/>\nenero.&nbsp; A diferencia del a\u00f1o pasado, que lo hicieron <a href=\"https:\/\/juzbado.blogspot.com\/2021\/01\/ssmm-los-reyes-magos-visitan-juzbado.html\" target=\"_blank\">caminando por las calles<\/a> visitando a los peque\u00f1os de casa en casa, este a\u00f1o han vuelto a celebrar<br \/>\nla tradicional recepci\u00f3n en el sal\u00f3n de actos.&nbsp; Melchor, Gaspar y Baltasar<br \/>\nentraron pasadas las siete de la tarde por la puerta de un sal\u00f3n abarrotado de<br \/>\nni\u00f1os y familias.&nbsp; Este a\u00f1o han sido 43 los ni\u00f1os que han recibido un<br \/>\nregalo de las mismas manos de SSMM.&nbsp; Adem\u00e1s de los detalles para los m\u00e1s<br \/>\npeque\u00f1os se reparti\u00f3 -como todos los a\u00f1os- el <a href=\"https:\/\/juzbado.blogspot.com\/2022\/11\/calendario-participativo-2023.html\" target=\"_blank\">calendario vecinal elaborado con fotograf\u00edas de Juzbado <\/a>que los vecinos han ido enviando a lo largo de los<br \/>\n\u00faltimos meses. Junto a una caja de bombones, todo ello, se reparti\u00f3 en las<br \/>\nbolsas ODS del pueblo a cada una de las familias all\u00ed presentes.<\/span><\/span><\/span><\/span><\/p>\n<p><span style=\"font-size: medium;\"><span style=\"font-family: arial;\"><\/p>\n<p><\/span><\/span><\/p>\n<p style=\"text-align: center;\"><span style=\"font-size: medium;\"><span style=\"font-family: arial;\"><span style=\"color: red;\"><b><span><span face=\"&quot;Arial&quot;,sans-serif\">Si alg\u00fan<br \/>\nvecino desea contar con una copia del calendario, est\u00e1n disponibles en la<br \/>\nOficina de Desarrollo Local (hasta agotar existencias)<\/span><\/span><\/b><\/span><\/span><\/span><\/p>\n<p><span style=\"font-size: medium;\"><span style=\"font-family: arial;\"><\/p>\n<p><\/span><\/span><\/p>\n<p style=\"text-align: justify;\"><span style=\"font-size: medium;\"><span style=\"font-family: arial;\"><span><span face=\"&quot;Arial&quot;,sans-serif\">Tras el<br \/>\nrecibimiento y la marcha de los Reyes Magos, muchas de las familias presentes<br \/>\ncelebraron el tradicional encuentro de reyes con una cena de confraternizaci\u00f3n en<br \/>\nla que degustaron muchos y ricas preparaciones y buena parte del <a href=\"https:\/\/juzbado.blogspot.com\/2022\/12\/aguinaldo-de-navidad.html\" target=\"_blank\">aguinaldo<\/a> que<br \/>\nd\u00edas antes -el 2 de enero- donaron los vecinos de Juzbado.&nbsp; El aguinaldo<br \/>\nes un pasacalle que se celebra gracias a la colaboraci\u00f3n del grupo de bailes charros<br \/>\nque coordina Candy.<\/span><\/span><\/span><\/span><\/p>\n<\/p>\n<div style=\"clear: both; text-align: center;\"><a href=\"https:\/\/blogger.googleusercontent.com\/img\/b\/R29vZ2xl\/AVvXsEhBjuTqir7xWxTVIx_u9dAadlZy9bAef92hIIeqSsOida3XCS089QWXcPmiVn8TTJLdoJaxYNlJ9BfE2KRDKym907txgra5qK27M4pxIwacNGp7BRfvp4XvnPLViSweFqQtO3Oa-AUVRaqGhw4KiU2PtvwmBPtWJGAn0G1sB4PnrzXUAXygNmMsvP3i\/s2016\/WhatsApp%20Image%202023-01-13%20at%2021.15.51.jpeg\" style=\"margin-left: 1em; margin-right: 1em;\"><img loading=\"lazy\" decoding=\"async\" alt=\"Juzbado, Reyes magos 2023\" border=\"0\" data-original-height=\"908\" data-original-width=\"2016\" height=\"288\" src=\"https:\/\/blogger.googleusercontent.com\/img\/b\/R29vZ2xl\/AVvXsEhBjuTqir7xWxTVIx_u9dAadlZy9bAef92hIIeqSsOida3XCS089QWXcPmiVn8TTJLdoJaxYNlJ9BfE2KRDKym907txgra5qK27M4pxIwacNGp7BRfvp4XvnPLViSweFqQtO3Oa-AUVRaqGhw4KiU2PtvwmBPtWJGAn0G1sB4PnrzXUAXygNmMsvP3i\/w640-h288\/WhatsApp%20Image%202023-01-13%20at%2021.15.51.jpeg\" title=\"Juzbado, Reyes magos 2023\" width=\"640\" \/><\/a><\/div>\n<p><\/p>\n<div style=\"clear: both; text-align: center;\"><a href=\"https:\/\/blogger.googleusercontent.com\/img\/b\/R29vZ2xl\/AVvXsEhWN7Pu_Cyps3SKM4Po6MLUinRWtHKnLQF6yxkckCaKbjnmLC18uuPHuhqQa7d0ZTTalzdoVbDizKuA-r76eEQ04udnHE9eypzrA-N4lBixrBOPban4_AiMH5so0uef6hM5LSBMx0oxVgXl-3CYO49HwZ7Lf0mRRYajsgevgBvdWxEoJXNXOVkl4Tv9\/s2016\/WhatsApp%20Image%202023-01-13%20at%2021.16.09(1).jpeg\" style=\"margin-left: 1em; margin-right: 1em;\"><img loading=\"lazy\" decoding=\"async\" alt=\"Juzbado, Reyes magos 2023\" border=\"0\" data-original-height=\"908\" data-original-width=\"2016\" height=\"288\" src=\"https:\/\/blogger.googleusercontent.com\/img\/b\/R29vZ2xl\/AVvXsEhWN7Pu_Cyps3SKM4Po6MLUinRWtHKnLQF6yxkckCaKbjnmLC18uuPHuhqQa7d0ZTTalzdoVbDizKuA-r76eEQ04udnHE9eypzrA-N4lBixrBOPban4_AiMH5so0uef6hM5LSBMx0oxVgXl-3CYO49HwZ7Lf0mRRYajsgevgBvdWxEoJXNXOVkl4Tv9\/w640-h288\/WhatsApp%20Image%202023-01-13%20at%2021.16.09(1).jpeg\" title=\"Juzbado, Reyes magos 2023\" width=\"640\" \/><\/a><\/div>\n<p><\/p>\n<div style=\"clear: both; text-align: center;\"><a href=\"https:\/\/blogger.googleusercontent.com\/img\/b\/R29vZ2xl\/AVvXsEhUZdrfpWLslRYQ0GhW4zVsjuBEBawblyVFihVfNmxUftPiVxQnG4TsUxAqv-TISJAkI4twMTl5u9nCxxL3fsFgq1KuBNTPvt57hYGlix4bjJhvHBPJ8zpHdAJo_aUDK0Ssao2QGReHfreolvn1neAyst3gKIgd6GUe-GIWClQdL601dCU_fEJ7yVvf\/s2016\/WhatsApp%20Image%202023-01-13%20at%2021.16.09.jpeg\" style=\"margin-left: 1em; margin-right: 1em;\"><img loading=\"lazy\" decoding=\"async\" alt=\"Juzbado, Reyes magos 2023\" border=\"0\" data-original-height=\"908\" data-original-width=\"2016\" height=\"288\" src=\"https:\/\/blogger.googleusercontent.com\/img\/b\/R29vZ2xl\/AVvXsEhUZdrfpWLslRYQ0GhW4zVsjuBEBawblyVFihVfNmxUftPiVxQnG4TsUxAqv-TISJAkI4twMTl5u9nCxxL3fsFgq1KuBNTPvt57hYGlix4bjJhvHBPJ8zpHdAJo_aUDK0Ssao2QGReHfreolvn1neAyst3gKIgd6GUe-GIWClQdL601dCU_fEJ7yVvf\/w640-h288\/WhatsApp%20Image%202023-01-13%20at%2021.16.09.jpeg\" title=\"Juzbado, Reyes magos 2023\" width=\"640\" \/><\/a><\/div>\n","protected":false},"excerpt":{"rendered":"<p>Como todos los a\u00f1os, SSMM los Reyes Magos visitaron Juzbado puntalmente el 5 de enero.&nbsp; A diferencia del a\u00f1o pasado, que lo hicieron caminando por las calles visitando a los peque\u00f1os de casa en casa, este a\u00f1o han vuelto a celebrar la tradicional recepci\u00f3n en el sal\u00f3n de actos.&nbsp; Melchor, Gaspar y Baltasar entraron pasadas [&hellip;]<\/p>\n","protected":false},"author":2,"featured_media":0,"comment_status":"open","ping_status":"open","sticky":false,"template":"","format":"standard","meta":{"saved_in_kubio":false,"footnotes":""},"categories":[444,17,8,445],"tags":[],"class_list":["post-158","post","type-post","status-publish","format-standard","hentry","category-enero-2023","category-fiestas-de-navidad","category-navidad","category-reyes-magos"],"_links":{"self":[{"href":"https:\/\/juzbado.es\/nuevaweb\/wp-json\/wp\/v2\/posts\/158","targetHints":{"allow":["GET"]}}],"collection":[{"href":"https:\/\/juzbado.es\/nuevaweb\/wp-json\/wp\/v2\/posts"}],"about":[{"href":"https:\/\/juzbado.es\/nuevaweb\/wp-json\/wp\/v2\/types\/post"}],"author":[{"embeddable":true,"href":"https:\/\/juzbado.es\/nuevaweb\/wp-json\/wp\/v2\/users\/2"}],"replies":[{"embeddable":true,"href":"https:\/\/juzbado.es\/nuevaweb\/wp-json\/wp\/v2\/comments?post=158"}],"version-history":[{"count":0,"href":"https:\/\/juzbado.es\/nuevaweb\/wp-json\/wp\/v2\/posts\/158\/revisions"}],"wp:attachment":[{"href":"https:\/\/juzbado.es\/nuevaweb\/wp-json\/wp\/v2\/media?parent=158"}],"wp:term":[{"taxonomy":"category","embeddable":true,"href":"https:\/\/juzbado.es\/nuevaweb\/wp-json\/wp\/v2\/categories?post=158"},{"taxonomy":"post_tag","embeddable":true,"href":"https:\/\/juzbado.es\/nuevaweb\/wp-json\/wp\/v2\/tags?post=158"}],"curies":[{"name":"wp","href":"https:\/\/api.w.org\/{rel}","templated":true}]}}