{"id":159,"date":"2023-01-09T12:31:00","date_gmt":"2023-01-09T11:31:00","guid":{"rendered":"http:\/\/juzbado.es\/nuevaweb\/2023\/01\/09\/recaudacion-vecinal-para-accem\/"},"modified":"2023-01-09T12:31:00","modified_gmt":"2023-01-09T11:31:00","slug":"recaudacion-vecinal-para-accem","status":"publish","type":"post","link":"https:\/\/juzbado.es\/nuevaweb\/2023\/01\/09\/recaudacion-vecinal-para-accem\/","title":{"rendered":"RECAUDACI\u00d3N VECINAL PARA ACCEM"},"content":{"rendered":"<p style=\"text-align: justify;\"><span style=\"font-size: medium;\"><span style=\"font-family: arial;\">La Asociaci\u00f3n de Mayores entrega m\u00e1s de 80 kilogramos de alimentos<br \/>\nde primera necesidad a la ONG <a href=\"https:\/\/www.accem.es\/\" target=\"_blank\">ACCEM<\/a>.<span>&nbsp; <\/span>Se<br \/>\ntrata de la <b><a href=\"https:\/\/juzbado.blogspot.com\/2022\/01\/los-vecinos-de-juzbado-donan-alimentos.html\" target=\"_blank\">tradicional campa\u00f1a<\/a><\/b> que la asociaci\u00f3n realiza durante las fiestas<br \/>\nnavide\u00f1as con el fin de recaudar alimentos para las casas de acogida que la ONG<br \/>\ntiene repartidas en Salamanca.<span>&nbsp; <\/span>Tras el<br \/>\n\u00e9xito de las primeras campa\u00f1as, Tino Iglesias -presidente de la asociaci\u00f3n- <i>insiste<br \/>\nen consolidar estas y otras acciones de solidaridad del pueblo de Juzbado<\/i>.<span>&nbsp; <\/span>Nos recuerda Iglesias que, adem\u00e1s de esta<br \/>\nacci\u00f3n solidaria, todos los a\u00f1os <i>se celebra en verano un d\u00eda de <b><a href=\"https:\/\/juzbado.blogspot.com\/2019\/07\/juzbado-consolida-su-convivencia.html\" target=\"_blank\">convivencia intercultural<\/a><\/b> en el cual vienen muchas familias refugiadas en autob\u00fas y se<br \/>\nprograman actividades coordinadas por los vecinos<\/i>.&nbsp;<\/span><\/span><\/p>\n<p style=\"text-align: left;\"><span style=\"font-size: medium;\"><span style=\"font-family: arial;\"><\/p>\n<table align=\"center\" cellpadding=\"0\" cellspacing=\"0\" style=\"margin-left: auto; margin-right: auto;\">\n<tbody>\n<tr>\n<td style=\"text-align: center;\"><a href=\"https:\/\/blogger.googleusercontent.com\/img\/b\/R29vZ2xl\/AVvXsEit-GIraGm7O1OIp_WhemtyaBaT8ybVBWUN3uxfXHboqwJel1tqo3Mk9ZuonWWkV-H0OHvXMLxM0tjR2PUhyjXfkHzfPdh8aLZgcdrPalWI_cFHP7GEaK6pnq2lg94qfIWC8Whlug-hEkRJdqCsNzDO8PxadiPE39fZuuYcSAJ0NAmPp8SD8BN1W0JZ\/s1395\/ACCEM%20RECOGIDA%20ALIMENTOS%202023.jpg\" style=\"margin-left: auto; margin-right: auto;\"><img loading=\"lazy\" decoding=\"async\" border=\"0\" data-original-height=\"1033\" data-original-width=\"1395\" height=\"474\" src=\"https:\/\/blogger.googleusercontent.com\/img\/b\/R29vZ2xl\/AVvXsEit-GIraGm7O1OIp_WhemtyaBaT8ybVBWUN3uxfXHboqwJel1tqo3Mk9ZuonWWkV-H0OHvXMLxM0tjR2PUhyjXfkHzfPdh8aLZgcdrPalWI_cFHP7GEaK6pnq2lg94qfIWC8Whlug-hEkRJdqCsNzDO8PxadiPE39fZuuYcSAJ0NAmPp8SD8BN1W0JZ\/w640-h474\/ACCEM%20RECOGIDA%20ALIMENTOS%202023.jpg\" width=\"640\" \/><\/a><\/td>\n<\/tr>\n<tr>\n<td style=\"text-align: center;\">Foto: Asociaci\u00f3n de Mayores de Juzbado<\/td>\n<\/tr>\n<\/tbody>\n<\/table>\n<p><\/span><\/span><span style=\"font-size: medium;\"><span style=\"font-family: arial;\">&nbsp;<\/span><\/span><\/p>\n<p style=\"text-align: justify;\"><span style=\"font-size: medium;\"><span style=\"font-family: arial;\">Con esta campa\u00f1a se constata la solidaridad de los juzbadinos<br \/>\ny juzbadinas con las familias de muchos pa\u00edses en conflicto o sin libertades<br \/>\nfundamentales que est\u00e1n residiendo en Salamanca gracias a la asistencia y<br \/>\nacompa\u00f1amiento de los trabajadores de <a href=\"https:\/\/www.accem.es\/\" target=\"_blank\">ACCEM<\/a>. La relaci\u00f3n del municipio<br \/>\ntormesino con esta activa ONG con sede en Garrido es s\u00f3lida y fruct\u00edfera.<span>&nbsp; <\/span>Al acto de entrega de los alimentos no<br \/>\nperecederos asistieron 4 miembros de la asociaci\u00f3n junto a glesias que estaba acompa\u00f1ado<br \/>\nde Mariano Rodr\u00edguez, tesorero de la asociaci\u00f3n y Fernando Rubio, alcalde de Juzbado.<br \/>\n<\/span><\/span><\/p>\n","protected":false},"excerpt":{"rendered":"<p>La Asociaci\u00f3n de Mayores entrega m\u00e1s de 80 kilogramos de alimentos de primera necesidad a la ONG ACCEM.&nbsp; Se trata de la tradicional campa\u00f1a que la asociaci\u00f3n realiza durante las fiestas navide\u00f1as con el fin de recaudar alimentos para las casas de acogida que la ONG tiene repartidas en Salamanca.&nbsp; Tras el \u00e9xito de las [&hellip;]<\/p>\n","protected":false},"author":2,"featured_media":0,"comment_status":"open","ping_status":"open","sticky":false,"template":"","format":"standard","meta":{"saved_in_kubio":false,"footnotes":""},"categories":[7,6,444,46,32,17,152,8],"tags":[],"class_list":["post-159","post","type-post","status-publish","format-standard","hentry","category-accem","category-asociacion-de-mayores","category-enero-2023","category-faustino-iglesias","category-fernando-rubio","category-fiestas-de-navidad","category-juzbado-participa","category-navidad"],"_links":{"self":[{"href":"https:\/\/juzbado.es\/nuevaweb\/wp-json\/wp\/v2\/posts\/159","targetHints":{"allow":["GET"]}}],"collection":[{"href":"https:\/\/juzbado.es\/nuevaweb\/wp-json\/wp\/v2\/posts"}],"about":[{"href":"https:\/\/juzbado.es\/nuevaweb\/wp-json\/wp\/v2\/types\/post"}],"author":[{"embeddable":true,"href":"https:\/\/juzbado.es\/nuevaweb\/wp-json\/wp\/v2\/users\/2"}],"replies":[{"embeddable":true,"href":"https:\/\/juzbado.es\/nuevaweb\/wp-json\/wp\/v2\/comments?post=159"}],"version-history":[{"count":0,"href":"https:\/\/juzbado.es\/nuevaweb\/wp-json\/wp\/v2\/posts\/159\/revisions"}],"wp:attachment":[{"href":"https:\/\/juzbado.es\/nuevaweb\/wp-json\/wp\/v2\/media?parent=159"}],"wp:term":[{"taxonomy":"category","embeddable":true,"href":"https:\/\/juzbado.es\/nuevaweb\/wp-json\/wp\/v2\/categories?post=159"},{"taxonomy":"post_tag","embeddable":true,"href":"https:\/\/juzbado.es\/nuevaweb\/wp-json\/wp\/v2\/tags?post=159"}],"curies":[{"name":"wp","href":"https:\/\/api.w.org\/{rel}","templated":true}]}}