{"id":1591,"date":"2025-06-30T20:13:57","date_gmt":"2025-06-30T18:13:57","guid":{"rendered":"https:\/\/juzbado.es\/nuevaweb\/?p=1591"},"modified":"2025-08-06T11:00:57","modified_gmt":"2025-08-06T09:00:57","slug":"una-jornada-sobre-el-patrimonio-cultural","status":"publish","type":"post","link":"https:\/\/juzbado.es\/nuevaweb\/2025\/06\/30\/una-jornada-sobre-el-patrimonio-cultural\/","title":{"rendered":"UNA JORNADA SOBRE EL PATRIMONIO CULTURAL"},"content":{"rendered":"\n<p><br>El curso de verano del Centro de Estudios Ib\u00e9ricos y la USAL visita la localidad de Juzbado. Medio centenar de alumnos procedentes de Portugal, Brasil, Mozambique o Angola viajaron desde la localidad portuguesa de Guarda, en la que se celebraron los d\u00edas previos las jornadas m\u00e1s te\u00f3ricas y en d\u00f3nde tiene sede el CEI, hasta Salamanca para conocer de cerca las iniciativas culturales que desempe\u00f1a el municipio de Juzbado en torno a la gesti\u00f3n y conservaci\u00f3n del patrimonio cultural.<\/p>\n\n\n\n<figure class=\"wp-block-image size-large\"><img loading=\"lazy\" decoding=\"async\" width=\"1024\" height=\"768\" src=\"http:\/\/juzbado.es\/nuevaweb\/wp-content\/uploads\/2025\/06\/WhatsApp-Image-2025-06-28-at-15.34.131-1024x768.jpeg\" alt=\"\" class=\"wp-image-1592\" srcset=\"https:\/\/juzbado.es\/nuevaweb\/wp-content\/uploads\/2025\/06\/WhatsApp-Image-2025-06-28-at-15.34.131-1024x768.jpeg 1024w, https:\/\/juzbado.es\/nuevaweb\/wp-content\/uploads\/2025\/06\/WhatsApp-Image-2025-06-28-at-15.34.131-300x225.jpeg 300w, https:\/\/juzbado.es\/nuevaweb\/wp-content\/uploads\/2025\/06\/WhatsApp-Image-2025-06-28-at-15.34.131-768x576.jpeg 768w, https:\/\/juzbado.es\/nuevaweb\/wp-content\/uploads\/2025\/06\/WhatsApp-Image-2025-06-28-at-15.34.131-1536x1152.jpeg 1536w, https:\/\/juzbado.es\/nuevaweb\/wp-content\/uploads\/2025\/06\/WhatsApp-Image-2025-06-28-at-15.34.131-1440x1080.jpeg 1440w, https:\/\/juzbado.es\/nuevaweb\/wp-content\/uploads\/2025\/06\/WhatsApp-Image-2025-06-28-at-15.34.131.jpeg 1600w\" sizes=\"(max-width: 1024px) 100vw, 1024px\" \/><\/figure>\n\n\n\n<p>La jornada de trabajo se desarroll\u00f3 primero en el sal\u00f3n de actos en el que se compartieron las experiencias en torno al trabajo municipal para conservar el caser\u00edo o los elementos tradicionales pero tambi\u00e9n, las iniciativas desde lo p\u00fablico dirigidas a mitigar el cambio clim\u00e1tico y mejorar la resiliencia de los ecosistemas urbanos en el mundo rural. Existen buenos ejemplos como son el arbolado, la utilizaci\u00f3n de materiales locales o la regulaci\u00f3n mediante ordenanzas. Fernando Rubio, alcalde de Juzbado, felicit\u00f3 al CEI y a los profesores presentes de la USAL por mostrar inter\u00e9s en los esfuerzos que peque\u00f1os municipios de Castilla y Le\u00f3n ponen en marcha para mejorar la calidad de vida de sus habitantes. Destac\u00f3 la cultural como una herramienta para generar expectativas a todos los niveles, sin olvidar la gesti\u00f3n eficiente de los servicios b\u00e1sicos y de calidad. As\u00ed mismo, M\u00aa Isabel Mart\u00edn Jim\u00e9nez, directora del curso de verano que este a\u00f1o cumple 25 a\u00f1os, invit\u00f3 a los participantes a tomar nota de lo mucho que se puede hacer desde los peque\u00f1os n\u00facleos a uno y otro lado de la frontera hispano lusa. A continuaci\u00f3n, el catedr\u00e1tico jubilado Valent\u00edn Cabero, present\u00f3 algunos ejemplos de conservaci\u00f3n del patrimonio material e inmaterial en el \u00e1mbito rural de Castilla y Le\u00f3n y resumi\u00f3 algunas de las m\u00faltiples iniciativas que viene desarrollando Juzbado en los \u00faltimos a\u00f1os.<br>Las altas temperaturas no impidieron visitar el Museo de la Falla de Juzbado y los miradores de la Pe\u00f1a del Castillo, as\u00ed como algunas de las propuestas de calles floridas que en este momento decoran el municipio. Los participantes mostraron inter\u00e9s por los paisajes tormesinos, el contexto fluvial del Tormes o los entresijos de las iniciativas locales de Juzbado. Tras visitar el Centro Bot\u00e1nico, alguno de los murales y las placas po\u00e9ticas, la visita finaliz\u00f3 con unos tentempi\u00e9s y un caf\u00e9 servido en las piscinas de Juzbado.<\/p>\n","protected":false},"excerpt":{"rendered":"<p>El curso de verano del Centro de Estudios Ib\u00e9ricos y la USAL visita la localidad de Juzbado. Medio centenar de alumnos procedentes de Portugal, Brasil, Mozambique o Angola viajaron desde la localidad portuguesa de Guarda, en la que se celebraron los d\u00edas previos las jornadas m\u00e1s te\u00f3ricas y en d\u00f3nde tiene sede el CEI, hasta [&hellip;]<\/p>\n","protected":false},"author":1,"featured_media":1592,"comment_status":"open","ping_status":"open","sticky":false,"template":"","format":"standard","meta":{"saved_in_kubio":true,"footnotes":""},"categories":[22],"tags":[702,701,697],"class_list":["post-1591","post","type-post","status-publish","format-standard","has-post-thumbnail","hentry","category-22","tag-cei","tag-patrimonio-cultural","tag-usal"],"_links":{"self":[{"href":"https:\/\/juzbado.es\/nuevaweb\/wp-json\/wp\/v2\/posts\/1591","targetHints":{"allow":["GET"]}}],"collection":[{"href":"https:\/\/juzbado.es\/nuevaweb\/wp-json\/wp\/v2\/posts"}],"about":[{"href":"https:\/\/juzbado.es\/nuevaweb\/wp-json\/wp\/v2\/types\/post"}],"author":[{"embeddable":true,"href":"https:\/\/juzbado.es\/nuevaweb\/wp-json\/wp\/v2\/users\/1"}],"replies":[{"embeddable":true,"href":"https:\/\/juzbado.es\/nuevaweb\/wp-json\/wp\/v2\/comments?post=1591"}],"version-history":[{"count":2,"href":"https:\/\/juzbado.es\/nuevaweb\/wp-json\/wp\/v2\/posts\/1591\/revisions"}],"predecessor-version":[{"id":1595,"href":"https:\/\/juzbado.es\/nuevaweb\/wp-json\/wp\/v2\/posts\/1591\/revisions\/1595"}],"wp:featuredmedia":[{"embeddable":true,"href":"https:\/\/juzbado.es\/nuevaweb\/wp-json\/wp\/v2\/media\/1592"}],"wp:attachment":[{"href":"https:\/\/juzbado.es\/nuevaweb\/wp-json\/wp\/v2\/media?parent=1591"}],"wp:term":[{"taxonomy":"category","embeddable":true,"href":"https:\/\/juzbado.es\/nuevaweb\/wp-json\/wp\/v2\/categories?post=1591"},{"taxonomy":"post_tag","embeddable":true,"href":"https:\/\/juzbado.es\/nuevaweb\/wp-json\/wp\/v2\/tags?post=1591"}],"curies":[{"name":"wp","href":"https:\/\/api.w.org\/{rel}","templated":true}]}}