{"id":16,"date":"2024-12-13T15:36:00","date_gmt":"2024-12-13T14:36:00","guid":{"rendered":"http:\/\/juzbado.es\/nuevaweb\/2024\/12\/13\/la-asociacion-de-mujeres-visita-madrid\/"},"modified":"2025-01-17T13:30:38","modified_gmt":"2025-01-17T12:30:38","slug":"la-asociacion-de-mujeres-visita-madrid","status":"publish","type":"post","link":"https:\/\/juzbado.es\/nuevaweb\/2024\/12\/13\/la-asociacion-de-mujeres-visita-madrid\/","title":{"rendered":"LA ASOCIACI\u00d3N DE MUJERES VISITA MADRID"},"content":{"rendered":"<p style=\"text-align: justify;\"><span style=\"font-family: arial; font-size: medium;\">La activa asociaci\u00f3n de mujeres nos sorprende una vez m\u00e1s con una&nbsp; propuesta cultural dirigida a las socias en la ciudad de Madrid.&nbsp; El pasado 1 de diciembre un nutrido grupo de vecinas de Juzbado disfrutaron de una jornada en la capital visitando el <a href=\"https:\/\/www.cultura.gob.es\/mtraje\/inicio.html\" target=\"_blank\">Museo del Traje<\/a>, el <a href=\"https:\/\/www.esmadrid.com\/informacion-turistica\/faro-de-moncloa\" target=\"_blank\">Faro de Moncloa<\/a> o un musical en la Gran v\u00eda.&nbsp; Nos env\u00edan estas fotograf\u00edas para que comprob\u00e9is lo bien que result\u00f3 la propuesta de la <a href=\"http:\/\/juzbado.es\/nuevaweb\/p\/asociaciones.html\" target=\"_blank\">nueva directiva<\/a> que volvi\u00f3 a recibir el apoyo del Ayuntamiento.<\/span><\/p>\n<p style=\"text-align: justify;\"><span style=\"font-family: arial; font-size: medium;\">&nbsp;<\/p>\n<table align=\"center\" cellpadding=\"0\" cellspacing=\"0\" style=\"margin-left: auto; margin-right: auto;\">\n<tbody>\n<tr>\n<td style=\"text-align: center;\"><a href=\"http:\/\/juzbado.es\/nuevaweb\/wp-content\/uploads\/2024\/12\/WhatsApp-20Image-202024-12-13-20at-2011.29.31.jpeg\" style=\"margin-left: auto; margin-right: auto;\"><img loading=\"lazy\" decoding=\"async\" border=\"0\" data-original-height=\"1008\" data-original-width=\"2016\" height=\"320\" src=\"http:\/\/juzbado.es\/nuevaweb\/wp-content\/uploads\/2024\/12\/WhatsApp-20Image-202024-12-13-20at-2011.29.31-300x150.jpeg\" width=\"640\" \/><\/a><\/td>\n<\/tr>\n<tr>\n<td style=\"text-align: center;\">Fotos cortes\u00eda de la Asociaci\u00f3n de Mujeres<\/td>\n<\/tr>\n<\/tbody>\n<\/table>\n<p><\/span><span><\/span><\/p>\n<p><a name='more'><\/a><\/p>\n<p style=\"text-align: justify;\"><span style=\"font-family: arial; font-size: medium;\">&nbsp;<\/p>\n<table align=\"center\" cellpadding=\"0\" cellspacing=\"0\" style=\"margin-left: auto; margin-right: auto;\">\n<tbody>\n<tr>\n<td style=\"text-align: center;\"><a href=\"http:\/\/juzbado.es\/nuevaweb\/wp-content\/uploads\/2024\/12\/WhatsApp-20Image-202024-12-13-20at-2011.29.30.jpeg\" style=\"margin-left: auto; margin-right: auto;\"><img loading=\"lazy\" decoding=\"async\" border=\"0\" data-original-height=\"1600\" data-original-width=\"1200\" height=\"640\" src=\"http:\/\/juzbado.es\/nuevaweb\/wp-content\/uploads\/2024\/12\/WhatsApp-20Image-202024-12-13-20at-2011.29.30-225x300.jpeg\" width=\"480\" \/><\/a><\/td>\n<\/tr>\n<tr>\n<td style=\"text-align: center;\"><span style=\"font-family: arial; font-size: medium;\">Fotos cortes\u00eda de la Asociaci\u00f3n de Mujeres<\/span><\/td>\n<\/tr>\n<\/tbody>\n<\/table>\n<p><\/span><\/p>\n<p><span style=\"font-family: arial; font-size: medium;\"><br \/><\/span><\/p>\n","protected":false},"excerpt":{"rendered":"<p>La activa asociaci\u00f3n de mujeres nos sorprende una vez m\u00e1s con una&nbsp; propuesta cultural dirigida a las socias en la ciudad de Madrid.&nbsp; El pasado 1 de diciembre un nutrido grupo de vecinas de Juzbado disfrutaron de una jornada en la capital visitando el Museo del Traje, el Faro de Moncloa o un musical en [&hellip;]<\/p>\n","protected":false},"author":2,"featured_media":840,"comment_status":"open","ping_status":"open","sticky":false,"template":"","format":"standard","meta":{"saved_in_kubio":false,"footnotes":""},"categories":[43,42,37,45,44,41,40],"tags":[],"class_list":["post-16","post","type-post","status-publish","format-standard","has-post-thumbnail","hentry","category-43","category-asociacion-de-mujeres","category-diciembre-2024","category-excursion","category-faro-de-moncloa","category-mujer-rural","category-museo-del-traje"],"_links":{"self":[{"href":"https:\/\/juzbado.es\/nuevaweb\/wp-json\/wp\/v2\/posts\/16","targetHints":{"allow":["GET"]}}],"collection":[{"href":"https:\/\/juzbado.es\/nuevaweb\/wp-json\/wp\/v2\/posts"}],"about":[{"href":"https:\/\/juzbado.es\/nuevaweb\/wp-json\/wp\/v2\/types\/post"}],"author":[{"embeddable":true,"href":"https:\/\/juzbado.es\/nuevaweb\/wp-json\/wp\/v2\/users\/2"}],"replies":[{"embeddable":true,"href":"https:\/\/juzbado.es\/nuevaweb\/wp-json\/wp\/v2\/comments?post=16"}],"version-history":[{"count":3,"href":"https:\/\/juzbado.es\/nuevaweb\/wp-json\/wp\/v2\/posts\/16\/revisions"}],"predecessor-version":[{"id":945,"href":"https:\/\/juzbado.es\/nuevaweb\/wp-json\/wp\/v2\/posts\/16\/revisions\/945"}],"wp:featuredmedia":[{"embeddable":true,"href":"https:\/\/juzbado.es\/nuevaweb\/wp-json\/wp\/v2\/media\/840"}],"wp:attachment":[{"href":"https:\/\/juzbado.es\/nuevaweb\/wp-json\/wp\/v2\/media?parent=16"}],"wp:term":[{"taxonomy":"category","embeddable":true,"href":"https:\/\/juzbado.es\/nuevaweb\/wp-json\/wp\/v2\/categories?post=16"},{"taxonomy":"post_tag","embeddable":true,"href":"https:\/\/juzbado.es\/nuevaweb\/wp-json\/wp\/v2\/tags?post=16"}],"curies":[{"name":"wp","href":"https:\/\/api.w.org\/{rel}","templated":true}]}}