{"id":161,"date":"2022-12-29T18:43:00","date_gmt":"2022-12-29T17:43:00","guid":{"rendered":"http:\/\/juzbado.es\/nuevaweb\/2022\/12\/29\/aguinaldo-de-navidad\/"},"modified":"2022-12-29T18:43:00","modified_gmt":"2022-12-29T17:43:00","slug":"aguinaldo-de-navidad","status":"publish","type":"post","link":"https:\/\/juzbado.es\/nuevaweb\/2022\/12\/29\/aguinaldo-de-navidad\/","title":{"rendered":"AGUINALDO DE NAVIDAD"},"content":{"rendered":"<p style=\"text-align: justify;\"><span style=\"font-size: medium;\"><span style=\"font-family: arial;\">Desde el Grupo de Bailes Charros de Juzbado nos convocan al aguinaldo que, en formato pasacalles, se celebrar\u00e1 el pr\u00f3ximo d\u00eda 2 de enero (lunes) por las calles de Juzbado.&nbsp; Recordad que el aguinaldo se comparte el d\u00eda 5 tras la recepci\u00f3n de SSMM los Reyes Magos en el sal\u00f3n de actos.&nbsp; Esta propuesta est\u00e1 dirigida a todos los vecinos y amigos de Juzbado.<\/span><\/span><\/p>\n<p style=\"text-align: justify;\"><span style=\"font-size: medium;\"><span style=\"font-family: arial;\"><\/span><\/span><\/p>\n<div style=\"clear: both; text-align: center;\"><span style=\"font-size: medium;\"><a href=\"https:\/\/blogger.googleusercontent.com\/img\/b\/R29vZ2xl\/AVvXsEioamAo8KCZ-ZHFIffNn9Cz_IhNWFkzJ_o-U0srgXR7HxKCQQq4yU_pcXvsiZzsOAcbLUQalTqedDJjVJ0y0MD5kCf4ilg_NM4QyFjkPXKQA8SBBY3HRfHWdw2XChal9-ndpIZ21AGh3wPnOzougbmmVSFJ7Be4nTF4v_Y5i7BmME_T6M8hb6elGw6P\/s2480\/aguinaldo%20cartel%20juzbado%20navidad%202023.jpg\" style=\"margin-left: 1em; margin-right: 1em;\"><img loading=\"lazy\" decoding=\"async\" border=\"0\" data-original-height=\"2480\" data-original-width=\"2480\" height=\"640\" src=\"https:\/\/blogger.googleusercontent.com\/img\/b\/R29vZ2xl\/AVvXsEioamAo8KCZ-ZHFIffNn9Cz_IhNWFkzJ_o-U0srgXR7HxKCQQq4yU_pcXvsiZzsOAcbLUQalTqedDJjVJ0y0MD5kCf4ilg_NM4QyFjkPXKQA8SBBY3HRfHWdw2XChal9-ndpIZ21AGh3wPnOzougbmmVSFJ7Be4nTF4v_Y5i7BmME_T6M8hb6elGw6P\/w640-h640\/aguinaldo%20cartel%20juzbado%20navidad%202023.jpg\" width=\"640\" \/><\/a><\/span><\/div>\n<p><span style=\"font-size: medium;\"><br \/>&nbsp;<\/span><\/p>\n<p><\/p>\n","protected":false},"excerpt":{"rendered":"<p>Desde el Grupo de Bailes Charros de Juzbado nos convocan al aguinaldo que, en formato pasacalles, se celebrar\u00e1 el pr\u00f3ximo d\u00eda 2 de enero (lunes) por las calles de Juzbado.&nbsp; Recordad que el aguinaldo se comparte el d\u00eda 5 tras la recepci\u00f3n de SSMM los Reyes Magos en el sal\u00f3n de actos.&nbsp; Esta propuesta est\u00e1 [&hellip;]<\/p>\n","protected":false},"author":2,"featured_media":0,"comment_status":"open","ping_status":"open","sticky":false,"template":"","format":"standard","meta":{"saved_in_kubio":false,"footnotes":""},"categories":[285,21,277,17,338,8],"tags":[],"class_list":["post-161","post","type-post","status-publish","format-standard","hentry","category-285","category-aguinaldo","category-enero","category-fiestas-de-navidad","category-grupo-de-bailes-charros","category-navidad"],"_links":{"self":[{"href":"https:\/\/juzbado.es\/nuevaweb\/wp-json\/wp\/v2\/posts\/161","targetHints":{"allow":["GET"]}}],"collection":[{"href":"https:\/\/juzbado.es\/nuevaweb\/wp-json\/wp\/v2\/posts"}],"about":[{"href":"https:\/\/juzbado.es\/nuevaweb\/wp-json\/wp\/v2\/types\/post"}],"author":[{"embeddable":true,"href":"https:\/\/juzbado.es\/nuevaweb\/wp-json\/wp\/v2\/users\/2"}],"replies":[{"embeddable":true,"href":"https:\/\/juzbado.es\/nuevaweb\/wp-json\/wp\/v2\/comments?post=161"}],"version-history":[{"count":0,"href":"https:\/\/juzbado.es\/nuevaweb\/wp-json\/wp\/v2\/posts\/161\/revisions"}],"wp:attachment":[{"href":"https:\/\/juzbado.es\/nuevaweb\/wp-json\/wp\/v2\/media?parent=161"}],"wp:term":[{"taxonomy":"category","embeddable":true,"href":"https:\/\/juzbado.es\/nuevaweb\/wp-json\/wp\/v2\/categories?post=161"},{"taxonomy":"post_tag","embeddable":true,"href":"https:\/\/juzbado.es\/nuevaweb\/wp-json\/wp\/v2\/tags?post=161"}],"curies":[{"name":"wp","href":"https:\/\/api.w.org\/{rel}","templated":true}]}}