{"id":162,"date":"2022-12-24T18:13:00","date_gmt":"2022-12-24T17:13:00","guid":{"rendered":"http:\/\/juzbado.es\/nuevaweb\/2022\/12\/24\/belenes-artesanales-del-mundo\/"},"modified":"2022-12-24T18:13:00","modified_gmt":"2022-12-24T17:13:00","slug":"belenes-artesanales-del-mundo","status":"publish","type":"post","link":"https:\/\/juzbado.es\/nuevaweb\/2022\/12\/24\/belenes-artesanales-del-mundo\/","title":{"rendered":"BELENES ARTESANALES DEL MUNDO"},"content":{"rendered":"<p style=\"text-align: justify;\"><span style=\"font-size: medium;\"><span style=\"font-family: arial;\">Nos complace anunciaros que durante las fiestas de Navidad de Juzbado se podr\u00e1 visitar una inusual exposici\u00f3n de belenes artesanales del mundo en la iglesia parroquial.&nbsp; Se trata de la colecci\u00f3n particular que durante muchos a\u00f1os fue creando nuestra querida amiga Conchi de la Iglesia y que desafortunadamente nos dejaba este a\u00f1o.&nbsp; Os animamos a acercaros a disfrutar de los belenes procedente de varios pa\u00edses y que estar\u00e1 expuesta hasta el final de las fiestas.&nbsp;<\/span><\/span><\/p>\n<p style=\"text-align: justify;\"><span style=\"font-size: medium;\"><span style=\"font-family: arial;\"><\/span><\/span><\/p>\n<div style=\"clear: both; text-align: center;\"><span style=\"font-size: medium;\"><a href=\"https:\/\/blogger.googleusercontent.com\/img\/b\/R29vZ2xl\/AVvXsEiHPtQ7ttDGOsQejy1-EHf7gVyoZ40XiEA3KjSetU779zUib3s-BsOVLWvdCZ708ivH6RqZ1jlXpbmPN8eM67KKQyyb_K-gfPuCFROeJavb4bVvS3j98oKGhH-uEJ4nwDRDbodV9EfUPhDU-pA9P2Eq7Ot44JCQmWpTPa0xmIIDeqNCq1dIgLGgPG2x\/s1389\/exposici%C3%B3n%20belenes.jpeg\" style=\"margin-left: 1em; margin-right: 1em;\"><img loading=\"lazy\" decoding=\"async\" alt=\"Juzbado, Conchi de la Iglesia, Belenes del mundo , diciembre, 2022\" border=\"0\" data-original-height=\"1389\" data-original-width=\"982\" height=\"640\" src=\"https:\/\/blogger.googleusercontent.com\/img\/b\/R29vZ2xl\/AVvXsEiHPtQ7ttDGOsQejy1-EHf7gVyoZ40XiEA3KjSetU779zUib3s-BsOVLWvdCZ708ivH6RqZ1jlXpbmPN8eM67KKQyyb_K-gfPuCFROeJavb4bVvS3j98oKGhH-uEJ4nwDRDbodV9EfUPhDU-pA9P2Eq7Ot44JCQmWpTPa0xmIIDeqNCq1dIgLGgPG2x\/w452-h640\/exposici%C3%B3n%20belenes.jpeg\" title=\"Juzbado, Conchi de la Iglesia, Belenes del mundo , diciembre, 2022\" width=\"452\" \/><\/a><\/span><\/div>\n<p><span style=\"font-size: medium;\"><br \/>&nbsp;<\/span><\/p>\n","protected":false},"excerpt":{"rendered":"<p>Nos complace anunciaros que durante las fiestas de Navidad de Juzbado se podr\u00e1 visitar una inusual exposici\u00f3n de belenes artesanales del mundo en la iglesia parroquial.&nbsp; Se trata de la colecci\u00f3n particular que durante muchos a\u00f1os fue creando nuestra querida amiga Conchi de la Iglesia y que desafortunadamente nos dejaba este a\u00f1o.&nbsp; Os animamos a [&hellip;]<\/p>\n","protected":false},"author":2,"featured_media":0,"comment_status":"open","ping_status":"open","sticky":false,"template":"","format":"standard","meta":{"saved_in_kubio":false,"footnotes":""},"categories":[453,452,34,17,8],"tags":[],"class_list":["post-162","post","type-post","status-publish","format-standard","hentry","category-453","category-conchi-de-la-iglesia","category-diciembre","category-fiestas-de-navidad","category-navidad"],"_links":{"self":[{"href":"https:\/\/juzbado.es\/nuevaweb\/wp-json\/wp\/v2\/posts\/162","targetHints":{"allow":["GET"]}}],"collection":[{"href":"https:\/\/juzbado.es\/nuevaweb\/wp-json\/wp\/v2\/posts"}],"about":[{"href":"https:\/\/juzbado.es\/nuevaweb\/wp-json\/wp\/v2\/types\/post"}],"author":[{"embeddable":true,"href":"https:\/\/juzbado.es\/nuevaweb\/wp-json\/wp\/v2\/users\/2"}],"replies":[{"embeddable":true,"href":"https:\/\/juzbado.es\/nuevaweb\/wp-json\/wp\/v2\/comments?post=162"}],"version-history":[{"count":0,"href":"https:\/\/juzbado.es\/nuevaweb\/wp-json\/wp\/v2\/posts\/162\/revisions"}],"wp:attachment":[{"href":"https:\/\/juzbado.es\/nuevaweb\/wp-json\/wp\/v2\/media?parent=162"}],"wp:term":[{"taxonomy":"category","embeddable":true,"href":"https:\/\/juzbado.es\/nuevaweb\/wp-json\/wp\/v2\/categories?post=162"},{"taxonomy":"post_tag","embeddable":true,"href":"https:\/\/juzbado.es\/nuevaweb\/wp-json\/wp\/v2\/tags?post=162"}],"curies":[{"name":"wp","href":"https:\/\/api.w.org\/{rel}","templated":true}]}}