{"id":1630,"date":"2025-07-21T18:43:53","date_gmt":"2025-07-21T16:43:53","guid":{"rendered":"https:\/\/juzbado.es\/nuevaweb\/?p=1630"},"modified":"2025-08-06T10:51:03","modified_gmt":"2025-08-06T08:51:03","slug":"derechos-en-dependencia-y-discapacidad","status":"publish","type":"post","link":"https:\/\/juzbado.es\/nuevaweb\/2025\/07\/21\/derechos-en-dependencia-y-discapacidad\/","title":{"rendered":"DERECHOS EN DEPENDENCIA Y DISCAPACIDAD"},"content":{"rendered":"\n<p>El municipio de Juzbado ha acogido hoy la primera cita de &#8216;La Barraca de los Derechos&#8217;, una iniciativa impulsada por la Cl\u00ednica Jur\u00eddica de Acci\u00f3n Social de la Universidad de Salamanca y coordinada a trav\u00e9s de la Biblioteca municipal y la Oficina de Desarrollo local con el objetivo de acercar el conocimiento jur\u00eddico a la poblaci\u00f3n rural.<\/p>\n\n\n\n<figure class=\"wp-block-image size-large is-resized\"><img loading=\"lazy\" decoding=\"async\" width=\"472\" height=\"1024\" src=\"https:\/\/juzbado.es\/nuevaweb\/wp-content\/uploads\/2025\/07\/WhatsApp-Image-2025-07-21-at-18.38.52-472x1024.jpeg\" alt=\"\" class=\"wp-image-1631\" style=\"width:240px;height:auto\" srcset=\"https:\/\/juzbado.es\/nuevaweb\/wp-content\/uploads\/2025\/07\/WhatsApp-Image-2025-07-21-at-18.38.52-472x1024.jpeg 472w, https:\/\/juzbado.es\/nuevaweb\/wp-content\/uploads\/2025\/07\/WhatsApp-Image-2025-07-21-at-18.38.52-138x300.jpeg 138w, https:\/\/juzbado.es\/nuevaweb\/wp-content\/uploads\/2025\/07\/WhatsApp-Image-2025-07-21-at-18.38.52-708x1536.jpeg 708w, https:\/\/juzbado.es\/nuevaweb\/wp-content\/uploads\/2025\/07\/WhatsApp-Image-2025-07-21-at-18.38.52-498x1080.jpeg 498w, https:\/\/juzbado.es\/nuevaweb\/wp-content\/uploads\/2025\/07\/WhatsApp-Image-2025-07-21-at-18.38.52.jpeg 738w\" sizes=\"(max-width: 472px) 100vw, 472px\" \/><\/figure>\n\n\n\n<p>Inspirada en la experiencia de La Barraca de Federico Garc\u00eda Lorca, que durante la Segunda Rep\u00fablica llev\u00f3 el teatro a los pueblos, este nuevo proyecto busca \u00abalfabetizar en derechos\u00bb a trav\u00e9s de talleres impartidos por estudiantes y docentes universitarios.\u00a0 La catedr\u00e1tica de Derecho Internacional Privado y directora acad\u00e9mica de la Cl\u00ednica, Antonia Dur\u00e1n, junto con Jer\u00f3nimo Jablonski, coordinador de la Oficina de Desarrollo, han sido los encargados de presentar esta primera sesi\u00f3n en Juzbado, centrada en discapacidad y dependencia. El taller ha sido impartido por la estudiante Nerea L\u00f3pez Vergara y la profesora Lourdes Santos, y cont\u00f3 con la participaci\u00f3n de varios vecinos del municipio.<\/p>\n\n\n\n<p>Dur\u00e1n ha destacado que el objetivo de La Barraca de los Derechos es \u00abcompartir con la ciudadan\u00eda lo que hacen nuestros estudiantes y profesores en la cl\u00ednica, trabajando con colectivos vulnerables, colaborando con ONG y desarrollando talleres en colegios e institutos\u00bb. Ha subrayado tambi\u00e9n que esta iniciativa permite \u00abllevar la universidad a la calle y viceversa, creando un espacio de comunicaci\u00f3n donde la gente pueda plantearnos dudas, algo que sin duda nos ayudar\u00e1 a nosotros a mejorar\u00bb.<\/p>\n\n\n\n<figure class=\"wp-block-image size-large is-resized\"><img loading=\"lazy\" decoding=\"async\" width=\"472\" height=\"1024\" src=\"https:\/\/juzbado.es\/nuevaweb\/wp-content\/uploads\/2025\/07\/WhatsApp-Image-2025-07-21-at-18.39.12-472x1024.jpeg\" alt=\"\" class=\"wp-image-1632\" style=\"width:249px;height:auto\" srcset=\"https:\/\/juzbado.es\/nuevaweb\/wp-content\/uploads\/2025\/07\/WhatsApp-Image-2025-07-21-at-18.39.12-472x1024.jpeg 472w, https:\/\/juzbado.es\/nuevaweb\/wp-content\/uploads\/2025\/07\/WhatsApp-Image-2025-07-21-at-18.39.12-138x300.jpeg 138w, https:\/\/juzbado.es\/nuevaweb\/wp-content\/uploads\/2025\/07\/WhatsApp-Image-2025-07-21-at-18.39.12-708x1536.jpeg 708w, https:\/\/juzbado.es\/nuevaweb\/wp-content\/uploads\/2025\/07\/WhatsApp-Image-2025-07-21-at-18.39.12-498x1080.jpeg 498w, https:\/\/juzbado.es\/nuevaweb\/wp-content\/uploads\/2025\/07\/WhatsApp-Image-2025-07-21-at-18.39.12.jpeg 738w\" sizes=\"(max-width: 472px) 100vw, 472px\" \/><\/figure>\n\n\n\n<p>El proyecto contempla la visita a m\u00e1s municipios a lo largo del curso, con talleres tem\u00e1ticos centrados en seis l\u00edneas de actuaci\u00f3n: cambio clim\u00e1tico y desarrollo sostenible, discapacidad y dependencia, intervenci\u00f3n penitenciaria y derechos humanos, memoria democr\u00e1tica, menores e Internet, y migraci\u00f3n y derechos. Cada ayuntamiento podr\u00e1 escoger el tema que m\u00e1s se ajuste a las necesidades de su poblaci\u00f3n.<\/p>\n\n\n\n<p>Con esta primera experiencia en Juzbado, la Universidad de Salamanca reafirma su compromiso con la transferencia del conocimiento y la acci\u00f3n social desde el \u00e1mbito acad\u00e9mico.<\/p>\n","protected":false},"excerpt":{"rendered":"<p>El municipio de Juzbado ha acogido hoy la primera cita de &#8216;La Barraca de los Derechos&#8217;, una iniciativa impulsada por la Cl\u00ednica Jur\u00eddica de Acci\u00f3n Social de la Universidad de Salamanca y coordinada a trav\u00e9s de la Biblioteca municipal y la Oficina de Desarrollo local con el objetivo de acercar el conocimiento jur\u00eddico a la [&hellip;]<\/p>\n","protected":false},"author":1,"featured_media":1639,"comment_status":"open","ping_status":"open","sticky":false,"template":"","format":"standard","meta":{"saved_in_kubio":true,"footnotes":""},"categories":[22],"tags":[697],"class_list":["post-1630","post","type-post","status-publish","format-standard","has-post-thumbnail","hentry","category-22","tag-usal"],"_links":{"self":[{"href":"https:\/\/juzbado.es\/nuevaweb\/wp-json\/wp\/v2\/posts\/1630","targetHints":{"allow":["GET"]}}],"collection":[{"href":"https:\/\/juzbado.es\/nuevaweb\/wp-json\/wp\/v2\/posts"}],"about":[{"href":"https:\/\/juzbado.es\/nuevaweb\/wp-json\/wp\/v2\/types\/post"}],"author":[{"embeddable":true,"href":"https:\/\/juzbado.es\/nuevaweb\/wp-json\/wp\/v2\/users\/1"}],"replies":[{"embeddable":true,"href":"https:\/\/juzbado.es\/nuevaweb\/wp-json\/wp\/v2\/comments?post=1630"}],"version-history":[{"count":1,"href":"https:\/\/juzbado.es\/nuevaweb\/wp-json\/wp\/v2\/posts\/1630\/revisions"}],"predecessor-version":[{"id":1633,"href":"https:\/\/juzbado.es\/nuevaweb\/wp-json\/wp\/v2\/posts\/1630\/revisions\/1633"}],"wp:featuredmedia":[{"embeddable":true,"href":"https:\/\/juzbado.es\/nuevaweb\/wp-json\/wp\/v2\/media\/1639"}],"wp:attachment":[{"href":"https:\/\/juzbado.es\/nuevaweb\/wp-json\/wp\/v2\/media?parent=1630"}],"wp:term":[{"taxonomy":"category","embeddable":true,"href":"https:\/\/juzbado.es\/nuevaweb\/wp-json\/wp\/v2\/categories?post=1630"},{"taxonomy":"post_tag","embeddable":true,"href":"https:\/\/juzbado.es\/nuevaweb\/wp-json\/wp\/v2\/tags?post=1630"}],"curies":[{"name":"wp","href":"https:\/\/api.w.org\/{rel}","templated":true}]}}