{"id":1641,"date":"2025-07-28T10:07:36","date_gmt":"2025-07-28T08:07:36","guid":{"rendered":"https:\/\/juzbado.es\/nuevaweb\/?p=1641"},"modified":"2025-08-06T10:47:03","modified_gmt":"2025-08-06T08:47:03","slug":"dia-de-los-abuelos-2025","status":"publish","type":"post","link":"https:\/\/juzbado.es\/nuevaweb\/2025\/07\/28\/dia-de-los-abuelos-2025\/","title":{"rendered":"D\u00cdA DE LOS ABUELOS Y ABUELAS 2025"},"content":{"rendered":"\n<p>La Asociaci\u00f3n de Mayores de Juzbado celebra el d\u00eda Internacional de los abuelos con una convivencia intergeneracional y trabajos comunitarios.&nbsp; Por sexto a\u00f1o consecutivo, medio centenar de vecinos de todas las edades contribuyeron con su esfuerzo y entusiasmo a remozar la entrada del pueblo, mantener algunos de los jardines m\u00e1s emblem\u00e1ticos, limpiar el camino del Pocito e instalar nuevas se\u00f1alizaciones en la galer\u00eda de murales al aire libre.&nbsp;<\/p>\n\n\n\n<figure class=\"wp-block-image size-large\"><img loading=\"lazy\" decoding=\"async\" width=\"1024\" height=\"576\" src=\"https:\/\/juzbado.es\/nuevaweb\/wp-content\/uploads\/2025\/07\/WhatsApp-Image-2025-07-28-at-09.53.07-1024x576.jpeg\" alt=\"\" class=\"wp-image-1642\" srcset=\"https:\/\/juzbado.es\/nuevaweb\/wp-content\/uploads\/2025\/07\/WhatsApp-Image-2025-07-28-at-09.53.07-1024x576.jpeg 1024w, https:\/\/juzbado.es\/nuevaweb\/wp-content\/uploads\/2025\/07\/WhatsApp-Image-2025-07-28-at-09.53.07-300x169.jpeg 300w, https:\/\/juzbado.es\/nuevaweb\/wp-content\/uploads\/2025\/07\/WhatsApp-Image-2025-07-28-at-09.53.07-768x432.jpeg 768w, https:\/\/juzbado.es\/nuevaweb\/wp-content\/uploads\/2025\/07\/WhatsApp-Image-2025-07-28-at-09.53.07-1536x864.jpeg 1536w, https:\/\/juzbado.es\/nuevaweb\/wp-content\/uploads\/2025\/07\/WhatsApp-Image-2025-07-28-at-09.53.07-2048x1151.jpeg 2048w, https:\/\/juzbado.es\/nuevaweb\/wp-content\/uploads\/2025\/07\/WhatsApp-Image-2025-07-28-at-09.53.07-1920x1080.jpeg 1920w\" sizes=\"(max-width: 1024px) 100vw, 1024px\" \/><\/figure>\n\n\n\n<p>La jornada anual del d\u00eda de los abuelos vuelve a demostrar la implicaci\u00f3n de la asociaci\u00f3n de mayores y, en general, de todos los vecinos, con los espacios p\u00fablicos del pueblo de Juzbado.\u00a0 Buena prueba de ellos fue la presencia de abuelos y nietos juntos plantando \u00e1rboles, podando otros o regando espacios verdes.\u00a0 Todo ello fue posible al gran poder de convocatoria de la Asociaci\u00f3n de Mayores y el apoyo log\u00edstico del Ayuntamiento a trav\u00e9s de la Oficina de Desarrollo y de los trabajadores municipales.\u00a0 <\/p>\n\n\n\n<figure class=\"wp-block-image size-large\"><img loading=\"lazy\" decoding=\"async\" width=\"1024\" height=\"576\" src=\"https:\/\/juzbado.es\/nuevaweb\/wp-content\/uploads\/2025\/07\/WhatsApp-Image-2025-07-28-at-09.53.071-1024x576.jpeg\" alt=\"\" class=\"wp-image-1645\" srcset=\"https:\/\/juzbado.es\/nuevaweb\/wp-content\/uploads\/2025\/07\/WhatsApp-Image-2025-07-28-at-09.53.071-1024x576.jpeg 1024w, https:\/\/juzbado.es\/nuevaweb\/wp-content\/uploads\/2025\/07\/WhatsApp-Image-2025-07-28-at-09.53.071-300x169.jpeg 300w, https:\/\/juzbado.es\/nuevaweb\/wp-content\/uploads\/2025\/07\/WhatsApp-Image-2025-07-28-at-09.53.071-768x432.jpeg 768w, https:\/\/juzbado.es\/nuevaweb\/wp-content\/uploads\/2025\/07\/WhatsApp-Image-2025-07-28-at-09.53.071-1536x864.jpeg 1536w, https:\/\/juzbado.es\/nuevaweb\/wp-content\/uploads\/2025\/07\/WhatsApp-Image-2025-07-28-at-09.53.071-2048x1151.jpeg 2048w, https:\/\/juzbado.es\/nuevaweb\/wp-content\/uploads\/2025\/07\/WhatsApp-Image-2025-07-28-at-09.53.071-1920x1080.jpeg 1920w\" sizes=\"(max-width: 1024px) 100vw, 1024px\" \/><\/figure>\n\n\n\n<p>Tras los intensos y concurridos trabajos de por la ma\u00f1ana se inaugur\u00f3 una placa conmemorativa del d\u00eda de los abuelos en la que se reconoce la contribuci\u00f3n de estas jornadas de trabajo vecinal al bien com\u00fan de Juzbado.\u00a0 Seg\u00fan Tino, presidente de la Asociaci\u00f3n \u201cel buen discurrir del d\u00eda es fruto del apoyo de todos los vecinos que ojal\u00e1 se perpet\u00fae en el tiempo\u201d. \u00a0El encuentro vecinal finaliz\u00f3 con una gran chanfaina cocinada por Mariano Rodr\u00edguez, conocido por todos como Nano, para casi un centenar de personas que la degustaron en el sal\u00f3n de actos del ayuntamiento.<\/p>\n\n\n\n<figure class=\"wp-block-image size-large\"><img loading=\"lazy\" decoding=\"async\" width=\"1024\" height=\"576\" src=\"https:\/\/juzbado.es\/nuevaweb\/wp-content\/uploads\/2025\/07\/WhatsApp-Image-2025-07-28-at-09.53.082-1024x576.jpeg\" alt=\"\" class=\"wp-image-1643\" srcset=\"https:\/\/juzbado.es\/nuevaweb\/wp-content\/uploads\/2025\/07\/WhatsApp-Image-2025-07-28-at-09.53.082-1024x576.jpeg 1024w, https:\/\/juzbado.es\/nuevaweb\/wp-content\/uploads\/2025\/07\/WhatsApp-Image-2025-07-28-at-09.53.082-300x169.jpeg 300w, https:\/\/juzbado.es\/nuevaweb\/wp-content\/uploads\/2025\/07\/WhatsApp-Image-2025-07-28-at-09.53.082-768x432.jpeg 768w, https:\/\/juzbado.es\/nuevaweb\/wp-content\/uploads\/2025\/07\/WhatsApp-Image-2025-07-28-at-09.53.082-1536x864.jpeg 1536w, https:\/\/juzbado.es\/nuevaweb\/wp-content\/uploads\/2025\/07\/WhatsApp-Image-2025-07-28-at-09.53.082-2048x1152.jpeg 2048w, https:\/\/juzbado.es\/nuevaweb\/wp-content\/uploads\/2025\/07\/WhatsApp-Image-2025-07-28-at-09.53.082-1920x1080.jpeg 1920w\" sizes=\"(max-width: 1024px) 100vw, 1024px\" \/><\/figure>\n\n\n\n<p>Desde Juzbado se destaca la buena contribuci\u00f3n de los vecinos en la gesti\u00f3n y control de los espacios p\u00fablicos, como un buen ejemplo de gobernanza y comuni\u00f3n entre vecinos.&nbsp; Solo nos queda mostrar algunas de las instant\u00e1neas tomadas a lo largo de la ma\u00f1ana y compartir el buen rato que todos hemos pasado juntos.<\/p>\n\n\n\n<figure class=\"wp-block-image size-large\"><img loading=\"lazy\" decoding=\"async\" width=\"1024\" height=\"576\" src=\"https:\/\/juzbado.es\/nuevaweb\/wp-content\/uploads\/2025\/07\/WhatsApp-Image-2025-07-28-at-09.53.072-1024x576.jpeg\" alt=\"\" class=\"wp-image-1644\" srcset=\"https:\/\/juzbado.es\/nuevaweb\/wp-content\/uploads\/2025\/07\/WhatsApp-Image-2025-07-28-at-09.53.072-1024x576.jpeg 1024w, https:\/\/juzbado.es\/nuevaweb\/wp-content\/uploads\/2025\/07\/WhatsApp-Image-2025-07-28-at-09.53.072-300x169.jpeg 300w, https:\/\/juzbado.es\/nuevaweb\/wp-content\/uploads\/2025\/07\/WhatsApp-Image-2025-07-28-at-09.53.072-768x432.jpeg 768w, https:\/\/juzbado.es\/nuevaweb\/wp-content\/uploads\/2025\/07\/WhatsApp-Image-2025-07-28-at-09.53.072-1536x864.jpeg 1536w, https:\/\/juzbado.es\/nuevaweb\/wp-content\/uploads\/2025\/07\/WhatsApp-Image-2025-07-28-at-09.53.072-2048x1152.jpeg 2048w, https:\/\/juzbado.es\/nuevaweb\/wp-content\/uploads\/2025\/07\/WhatsApp-Image-2025-07-28-at-09.53.072-1920x1080.jpeg 1920w\" sizes=\"(max-width: 1024px) 100vw, 1024px\" \/><\/figure>\n","protected":false},"excerpt":{"rendered":"<p>La Asociaci\u00f3n de Mayores de Juzbado celebra el d\u00eda Internacional de los abuelos con una convivencia intergeneracional y trabajos comunitarios.&nbsp; Por sexto a\u00f1o consecutivo, medio centenar de vecinos de todas las edades contribuyeron con su esfuerzo y entusiasmo a remozar la entrada del pueblo, mantener algunos de los jardines m\u00e1s emblem\u00e1ticos, limpiar el camino del [&hellip;]<\/p>\n","protected":false},"author":1,"featured_media":1644,"comment_status":"open","ping_status":"open","sticky":false,"template":"","format":"standard","meta":{"saved_in_kubio":true,"footnotes":""},"categories":[22],"tags":[685,699,700],"class_list":["post-1641","post","type-post","status-publish","format-standard","has-post-thumbnail","hentry","category-22","tag-asociacion-de-mayores","tag-comida","tag-voluntariado"],"_links":{"self":[{"href":"https:\/\/juzbado.es\/nuevaweb\/wp-json\/wp\/v2\/posts\/1641","targetHints":{"allow":["GET"]}}],"collection":[{"href":"https:\/\/juzbado.es\/nuevaweb\/wp-json\/wp\/v2\/posts"}],"about":[{"href":"https:\/\/juzbado.es\/nuevaweb\/wp-json\/wp\/v2\/types\/post"}],"author":[{"embeddable":true,"href":"https:\/\/juzbado.es\/nuevaweb\/wp-json\/wp\/v2\/users\/1"}],"replies":[{"embeddable":true,"href":"https:\/\/juzbado.es\/nuevaweb\/wp-json\/wp\/v2\/comments?post=1641"}],"version-history":[{"count":2,"href":"https:\/\/juzbado.es\/nuevaweb\/wp-json\/wp\/v2\/posts\/1641\/revisions"}],"predecessor-version":[{"id":1655,"href":"https:\/\/juzbado.es\/nuevaweb\/wp-json\/wp\/v2\/posts\/1641\/revisions\/1655"}],"wp:featuredmedia":[{"embeddable":true,"href":"https:\/\/juzbado.es\/nuevaweb\/wp-json\/wp\/v2\/media\/1644"}],"wp:attachment":[{"href":"https:\/\/juzbado.es\/nuevaweb\/wp-json\/wp\/v2\/media?parent=1641"}],"wp:term":[{"taxonomy":"category","embeddable":true,"href":"https:\/\/juzbado.es\/nuevaweb\/wp-json\/wp\/v2\/categories?post=1641"},{"taxonomy":"post_tag","embeddable":true,"href":"https:\/\/juzbado.es\/nuevaweb\/wp-json\/wp\/v2\/tags?post=1641"}],"curies":[{"name":"wp","href":"https:\/\/api.w.org\/{rel}","templated":true}]}}