{"id":1648,"date":"2025-07-28T13:05:14","date_gmt":"2025-07-28T11:05:14","guid":{"rendered":"https:\/\/juzbado.es\/nuevaweb\/?p=1648"},"modified":"2025-08-06T10:35:34","modified_gmt":"2025-08-06T08:35:34","slug":"una-revista-para-juzbado","status":"publish","type":"post","link":"https:\/\/juzbado.es\/nuevaweb\/2025\/07\/28\/una-revista-para-juzbado\/","title":{"rendered":"UNA REVISTA PARA JUZBADO"},"content":{"rendered":"\n<p>La <a href=\"https:\/\/drive.google.com\/file\/d\/1djEb7c5q0yAGpauekYa54IHKDUhG3DXF\/view?usp=sharing\">revista de Juzbado<\/a> es una vieja idea que por fin ha visto la luz este verano. \u00a0Es una idea que nos rondaba la cabeza desde hace a\u00f1os y, con este primer n\u00famero, apuntalamos la que quiz\u00e1s sea la primera entrega de muchas revistas.\u00a0 La intenci\u00f3n es que la revista refleje y comparta muchas de las cuestiones que tienen que ver con nuestro pueblo y que ocurren en nuestro pueblo. Y lo queremos conseguir mediante una edici\u00f3n y publicaci\u00f3n regular fruto del trabajo conjunto de unos y otros es que, en cada una de las secciones y de los contenidos, se aporten contenidos plurales y frescos desde de la creatividad y el positivismo. \u00a0<\/p>\n\n\n\n<figure class=\"wp-block-image size-large\"><img loading=\"lazy\" decoding=\"async\" width=\"724\" height=\"1024\" src=\"https:\/\/juzbado.es\/nuevaweb\/wp-content\/uploads\/2025\/07\/portada-no-1-724x1024.jpg\" alt=\"\" class=\"wp-image-1649\" srcset=\"https:\/\/juzbado.es\/nuevaweb\/wp-content\/uploads\/2025\/07\/portada-no-1-724x1024.jpg 724w, https:\/\/juzbado.es\/nuevaweb\/wp-content\/uploads\/2025\/07\/portada-no-1-212x300.jpg 212w, https:\/\/juzbado.es\/nuevaweb\/wp-content\/uploads\/2025\/07\/portada-no-1-768x1086.jpg 768w, https:\/\/juzbado.es\/nuevaweb\/wp-content\/uploads\/2025\/07\/portada-no-1-1086x1536.jpg 1086w, https:\/\/juzbado.es\/nuevaweb\/wp-content\/uploads\/2025\/07\/portada-no-1-1448x2048.jpg 1448w, https:\/\/juzbado.es\/nuevaweb\/wp-content\/uploads\/2025\/07\/portada-no-1-764x1080.jpg 764w, https:\/\/juzbado.es\/nuevaweb\/wp-content\/uploads\/2025\/07\/portada-no-1-scaled.jpg 1810w\" sizes=\"(max-width: 724px) 100vw, 724px\" \/><\/figure>\n\n\n\n<p><a href=\"https:\/\/drive.google.com\/file\/d\/1djEb7c5q0yAGpauekYa54IHKDUhG3DXF\/view?usp=sharing\">En este primer n\u00famero<\/a> hay dos p\u00e1ginas por ejemplo elaboradas por los m\u00e1s peque\u00f1os durante el primer campamento digital celebrado los primeros d\u00edas de julio en el BOJ. \u00a0Tambi\u00e9n existen algunos contenidos como son las entrevistas, cuyos testimonios son aportados por los entrevistados.\u00a0 Gracias a Lourdes, Sonsoles y Tino.\u00a0 En otras de las secciones arrojamos luz sobre asuntos y temas de actualizad y de inter\u00e9s como por ejemplo los viajes a C\u00e1ceres y a nuestra localidad vecina de San Pelayo de Guare\u00f1a.\u00a0 Asimismo, nos proponemos, tal y como se indica en la propia portada, seguir ampliando contenidos y adaptarlos a los intereses mayoritarios de los vecinos de Juzbado.\u00a0 Se incluyen por ejemplo todos los logos de las empresas juzbadinas y se hace una llamada a aquellas que quieran estar en el siguiente n\u00famero. Estos y otros contenidos conforman las 40 p\u00e1ginas de la primera <a href=\"https:\/\/drive.google.com\/file\/d\/1djEb7c5q0yAGpauekYa54IHKDUhG3DXF\/view?usp=sharing\">Revista de Juzbado<\/a>.\u00a0 Desde aqu\u00ed nuestra enhorabuena a todos.<\/p>\n\n\n\n<p><a href=\"https:\/\/drive.google.com\/file\/d\/1djEb7c5q0yAGpauekYa54IHKDUhG3DXF\/view?usp=sharing\"><strong>Si quieres descargarte un ejemplar en PDF clica en este enlace<\/strong><\/a> y, si quieres una ejemplar impreso a todo color puedes dirigirte al Bar El Toral y encargarla por 5 euros.<\/p>\n\n\n\n<figure class=\"wp-block-image size-large\"><img loading=\"lazy\" decoding=\"async\" width=\"724\" height=\"1024\" src=\"https:\/\/juzbado.es\/nuevaweb\/wp-content\/uploads\/2025\/07\/cartel-venta-724x1024.jpg\" alt=\"\" class=\"wp-image-1650\" srcset=\"https:\/\/juzbado.es\/nuevaweb\/wp-content\/uploads\/2025\/07\/cartel-venta-724x1024.jpg 724w, https:\/\/juzbado.es\/nuevaweb\/wp-content\/uploads\/2025\/07\/cartel-venta-212x300.jpg 212w, https:\/\/juzbado.es\/nuevaweb\/wp-content\/uploads\/2025\/07\/cartel-venta-768x1086.jpg 768w, https:\/\/juzbado.es\/nuevaweb\/wp-content\/uploads\/2025\/07\/cartel-venta-1086x1536.jpg 1086w, https:\/\/juzbado.es\/nuevaweb\/wp-content\/uploads\/2025\/07\/cartel-venta-1448x2048.jpg 1448w, https:\/\/juzbado.es\/nuevaweb\/wp-content\/uploads\/2025\/07\/cartel-venta-764x1080.jpg 764w, https:\/\/juzbado.es\/nuevaweb\/wp-content\/uploads\/2025\/07\/cartel-venta-scaled.jpg 1810w\" sizes=\"(max-width: 724px) 100vw, 724px\" \/><\/figure>\n","protected":false},"excerpt":{"rendered":"<p>La revista de Juzbado es una vieja idea que por fin ha visto la luz este verano. \u00a0Es una idea que nos rondaba la cabeza desde hace a\u00f1os y, con este primer n\u00famero, apuntalamos la que quiz\u00e1s sea la primera entrega de muchas revistas.\u00a0 La intenci\u00f3n es que la revista refleje y comparta muchas de [&hellip;]<\/p>\n","protected":false},"author":1,"featured_media":1649,"comment_status":"open","ping_status":"open","sticky":false,"template":"","format":"standard","meta":{"saved_in_kubio":true,"footnotes":""},"categories":[22],"tags":[677,698,689],"class_list":["post-1648","post","type-post","status-publish","format-standard","has-post-thumbnail","hentry","category-22","tag-juzbado","tag-revista","tag-verano"],"_links":{"self":[{"href":"https:\/\/juzbado.es\/nuevaweb\/wp-json\/wp\/v2\/posts\/1648","targetHints":{"allow":["GET"]}}],"collection":[{"href":"https:\/\/juzbado.es\/nuevaweb\/wp-json\/wp\/v2\/posts"}],"about":[{"href":"https:\/\/juzbado.es\/nuevaweb\/wp-json\/wp\/v2\/types\/post"}],"author":[{"embeddable":true,"href":"https:\/\/juzbado.es\/nuevaweb\/wp-json\/wp\/v2\/users\/1"}],"replies":[{"embeddable":true,"href":"https:\/\/juzbado.es\/nuevaweb\/wp-json\/wp\/v2\/comments?post=1648"}],"version-history":[{"count":3,"href":"https:\/\/juzbado.es\/nuevaweb\/wp-json\/wp\/v2\/posts\/1648\/revisions"}],"predecessor-version":[{"id":1658,"href":"https:\/\/juzbado.es\/nuevaweb\/wp-json\/wp\/v2\/posts\/1648\/revisions\/1658"}],"wp:featuredmedia":[{"embeddable":true,"href":"https:\/\/juzbado.es\/nuevaweb\/wp-json\/wp\/v2\/media\/1649"}],"wp:attachment":[{"href":"https:\/\/juzbado.es\/nuevaweb\/wp-json\/wp\/v2\/media?parent=1648"}],"wp:term":[{"taxonomy":"category","embeddable":true,"href":"https:\/\/juzbado.es\/nuevaweb\/wp-json\/wp\/v2\/categories?post=1648"},{"taxonomy":"post_tag","embeddable":true,"href":"https:\/\/juzbado.es\/nuevaweb\/wp-json\/wp\/v2\/tags?post=1648"}],"curies":[{"name":"wp","href":"https:\/\/api.w.org\/{rel}","templated":true}]}}