{"id":165,"date":"2022-12-21T11:34:00","date_gmt":"2022-12-21T10:34:00","guid":{"rendered":"http:\/\/juzbado.es\/nuevaweb\/2022\/12\/21\/pequeno-homenaje-y-recordatorio-a-donato-martin-vicente\/"},"modified":"2022-12-21T11:34:00","modified_gmt":"2022-12-21T10:34:00","slug":"pequeno-homenaje-y-recordatorio-a-donato-martin-vicente","status":"publish","type":"post","link":"https:\/\/juzbado.es\/nuevaweb\/2022\/12\/21\/pequeno-homenaje-y-recordatorio-a-donato-martin-vicente\/","title":{"rendered":"PEQUE\u00d1O HOMENAJE Y RECORDATORIO A DONATO MART\u00cdN VICENTE"},"content":{"rendered":"<p><span style=\"font-size: medium;\"><span style=\"font-family: arial;\"><span lang=\"es\">Donato se nos fue hace unos d\u00edas. Hombre de inabarcable bonhom\u00eda y buena conversaci\u00f3n, molinero, carpintero, padre y vecino de la hist\u00f3rica y tormesina pedan\u00eda de Carrascal de Olmillos durante 94 primaveras.<span>&nbsp; <\/span>Con \u00e9l desaparece una buena parte de Juzbado.<span>&nbsp; <\/span>Recordamos su carisma, su sonrisa, la honradez y la familiaridad de los encuentros fluviales al pie del molino\u2026 los hondos saberes y memorias de nuestro pueblo que solo \u00e9l atesoraba.<span>&nbsp; <\/span>Queremos compartir nuestro dolor por la p\u00e9rdida de Donato Mart\u00edn Vicente y abrazar cari\u00f1osamente a sus tres hijos: Fabi\u00e1n, Agustina y \u00d3scar.<span>&nbsp; <\/span><\/span><\/span><\/span><span style=\"font-size: medium;\"><span style=\"font-family: arial;\"><\/p>\n<p><\/span><\/span><\/p>\n<p style=\"margin-bottom: 0pt; mso-pagination: widow-orphan; text-align: right; text-align: right;\"><span style=\"font-size: medium;\"><span style=\"font-family: arial;\"><span lang=\"es\">Donato, sit tibi acqua levis.<\/span><\/span><\/span><\/p>\n<p style=\"margin-bottom: 0pt; mso-pagination: widow-orphan; text-align: right; text-align: right;\"><span style=\"font-size: medium;\"><span style=\"font-family: arial;\"><span lang=\"es\">&nbsp;<\/span><\/span><\/span><\/p>\n<p style=\"margin-bottom: 0pt; mso-pagination: widow-orphan; text-align: right; text-align: right;\"><span style=\"font-size: medium;\"><span style=\"font-family: arial;\"><span lang=\"es\"><\/span><\/span><\/span><\/p>\n<div style=\"clear: both; text-align: center;\"><span style=\"font-size: medium;\"><a href=\"https:\/\/blogger.googleusercontent.com\/img\/b\/R29vZ2xl\/AVvXsEiJMjrRP4iqRxMKGLGp-Uo2MZ_APcVQvph7RIgG81dGoYIe4LyIPEZ9dp8mlefQvVOm2Jc9UbPm_1Os88yGisebfkMJ7-8pH0sYdxumTAT7yUJ39jEsp4SAHNKEGPC6IhRsfckBRaCiqZZ3Rym5MNAEqvbRfFYYySXxDVOMxX2rzDMsKv7u_YA3Us_-\/s4032\/20190209_174445.jpg\" style=\"margin-left: 1em; margin-right: 1em;\"><img loading=\"lazy\" decoding=\"async\" border=\"0\" data-original-height=\"2268\" data-original-width=\"4032\" height=\"360\" src=\"https:\/\/blogger.googleusercontent.com\/img\/b\/R29vZ2xl\/AVvXsEiJMjrRP4iqRxMKGLGp-Uo2MZ_APcVQvph7RIgG81dGoYIe4LyIPEZ9dp8mlefQvVOm2Jc9UbPm_1Os88yGisebfkMJ7-8pH0sYdxumTAT7yUJ39jEsp4SAHNKEGPC6IhRsfckBRaCiqZZ3Rym5MNAEqvbRfFYYySXxDVOMxX2rzDMsKv7u_YA3Us_-\/w640-h360\/20190209_174445.jpg\" width=\"640\" \/><\/a><\/span><\/div>\n<p><span style=\"font-size: medium;\"><br \/>&nbsp;<\/span><\/p>\n<p style=\"mso-pagination: none;\"><span lang=\"es\" style=\"language: es; mso-ligatures: none;\">&nbsp;<\/span><\/p><\/p>\n","protected":false},"excerpt":{"rendered":"<p>Donato se nos fue hace unos d\u00edas. Hombre de inabarcable bonhom\u00eda y buena conversaci\u00f3n, molinero, carpintero, padre y vecino de la hist\u00f3rica y tormesina pedan\u00eda de Carrascal de Olmillos durante 94 primaveras.&nbsp; Con \u00e9l desaparece una buena parte de Juzbado.&nbsp; Recordamos su carisma, su sonrisa, la honradez y la familiaridad de los encuentros fluviales al [&hellip;]<\/p>\n","protected":false},"author":2,"featured_media":0,"comment_status":"open","ping_status":"open","sticky":false,"template":"","format":"standard","meta":{"saved_in_kubio":false,"footnotes":""},"categories":[136,362,149,458],"tags":[],"class_list":["post-165","post","type-post","status-publish","format-standard","hentry","category-donato-martin-vicente","category-molino-de-carrascal-de-olmillos","category-molino-de-santa-teresa","category-obituario"],"_links":{"self":[{"href":"https:\/\/juzbado.es\/nuevaweb\/wp-json\/wp\/v2\/posts\/165","targetHints":{"allow":["GET"]}}],"collection":[{"href":"https:\/\/juzbado.es\/nuevaweb\/wp-json\/wp\/v2\/posts"}],"about":[{"href":"https:\/\/juzbado.es\/nuevaweb\/wp-json\/wp\/v2\/types\/post"}],"author":[{"embeddable":true,"href":"https:\/\/juzbado.es\/nuevaweb\/wp-json\/wp\/v2\/users\/2"}],"replies":[{"embeddable":true,"href":"https:\/\/juzbado.es\/nuevaweb\/wp-json\/wp\/v2\/comments?post=165"}],"version-history":[{"count":0,"href":"https:\/\/juzbado.es\/nuevaweb\/wp-json\/wp\/v2\/posts\/165\/revisions"}],"wp:attachment":[{"href":"https:\/\/juzbado.es\/nuevaweb\/wp-json\/wp\/v2\/media?parent=165"}],"wp:term":[{"taxonomy":"category","embeddable":true,"href":"https:\/\/juzbado.es\/nuevaweb\/wp-json\/wp\/v2\/categories?post=165"},{"taxonomy":"post_tag","embeddable":true,"href":"https:\/\/juzbado.es\/nuevaweb\/wp-json\/wp\/v2\/tags?post=165"}],"curies":[{"name":"wp","href":"https:\/\/api.w.org\/{rel}","templated":true}]}}