{"id":168,"date":"2022-12-15T12:55:00","date_gmt":"2022-12-15T11:55:00","guid":{"rendered":"http:\/\/juzbado.es\/nuevaweb\/2022\/12\/15\/concierto-de-navidad\/"},"modified":"2022-12-15T12:55:00","modified_gmt":"2022-12-15T11:55:00","slug":"concierto-de-navidad","status":"publish","type":"post","link":"https:\/\/juzbado.es\/nuevaweb\/2022\/12\/15\/concierto-de-navidad\/","title":{"rendered":"CONCIERTO DE NAVIDAD"},"content":{"rendered":"<p><span style=\"font-size: medium;\"><span style=\"font-family: arial;\">Os anunciamos la celebraci\u00f3n del tradicional concierto de navidad previsto para el s\u00e1bado 17 de diciembre en la iglesia parroquial.&nbsp; El concierto lo ofrecer\u00e1 el Coro Meraki, el coro de la Escuela de M\u00fasica Sirinx.&nbsp; Ser\u00e1 a partir de las 19:00 h. y la entrada es gratuita hasta completar aforo.&nbsp; \u00a1Feliz navidad!<\/span><\/span><\/p>\n<p><span style=\"font-size: medium;\"><span style=\"font-family: arial;\"><\/span><\/span><\/p>\n<div style=\"clear: both; text-align: center;\"><span style=\"font-size: medium;\"><a href=\"https:\/\/blogger.googleusercontent.com\/img\/b\/R29vZ2xl\/AVvXsEgxYi5GdiA-evfh48bFeACBZlvEWb9_JbQ_IF_TUMeyRq7ASxcX7cwjWgYm2VUtdvM6roYyhmevHST4lKboJhfGvxdGzOEQ3EnmvdyBd81JvqZzR_dSicC-03Pk-zGaRXBDuHh7fvUmwOCib1Pz3k4naZuMouwsYwD0hPz0SAimWsMMm-2YSD6___g6\/s3508\/coro%20meraki%20concierto%20de%20navidad.jpg\" style=\"margin-left: 1em; margin-right: 1em;\"><img loading=\"lazy\" decoding=\"async\" alt=\"fiestas de navidad,Navidad,Programaci\u00f3n navide\u00f1a,,diciembre,2022, Coro Meraki, Iglesia Parroquial,Escuela de M\u00fasica Sirinx,\" border=\"0\" data-original-height=\"3508\" data-original-width=\"2480\" height=\"640\" src=\"https:\/\/blogger.googleusercontent.com\/img\/b\/R29vZ2xl\/AVvXsEgxYi5GdiA-evfh48bFeACBZlvEWb9_JbQ_IF_TUMeyRq7ASxcX7cwjWgYm2VUtdvM6roYyhmevHST4lKboJhfGvxdGzOEQ3EnmvdyBd81JvqZzR_dSicC-03Pk-zGaRXBDuHh7fvUmwOCib1Pz3k4naZuMouwsYwD0hPz0SAimWsMMm-2YSD6___g6\/w452-h640\/coro%20meraki%20concierto%20de%20navidad.jpg\" title=\"fiestas de navidad,Navidad,Programaci\u00f3n navide\u00f1a,,diciembre,2022, Coro Meraki, Iglesia Parroquial,Escuela de M\u00fasica Sirinx,\" width=\"452\" \/><\/a><\/span><\/div>\n<p><span style=\"font-size: medium;\"><br \/>&nbsp;<\/span><\/p>\n","protected":false},"excerpt":{"rendered":"<p>Os anunciamos la celebraci\u00f3n del tradicional concierto de navidad previsto para el s\u00e1bado 17 de diciembre en la iglesia parroquial.&nbsp; El concierto lo ofrecer\u00e1 el Coro Meraki, el coro de la Escuela de M\u00fasica Sirinx.&nbsp; Ser\u00e1 a partir de las 19:00 h. y la entrada es gratuita hasta completar aforo.&nbsp; \u00a1Feliz navidad! &nbsp;<\/p>\n","protected":false},"author":2,"featured_media":0,"comment_status":"open","ping_status":"open","sticky":false,"template":"","format":"standard","meta":{"saved_in_kubio":false,"footnotes":""},"categories":[453,457,34,397,17,464,8,19],"tags":[],"class_list":["post-168","post","type-post","status-publish","format-standard","hentry","category-453","category-coro-meraki","category-diciembre","category-escuela-de-musica-sirinx","category-fiestas-de-navidad","category-iglesia-parroquial","category-navidad","category-programacion-navidena"],"_links":{"self":[{"href":"https:\/\/juzbado.es\/nuevaweb\/wp-json\/wp\/v2\/posts\/168","targetHints":{"allow":["GET"]}}],"collection":[{"href":"https:\/\/juzbado.es\/nuevaweb\/wp-json\/wp\/v2\/posts"}],"about":[{"href":"https:\/\/juzbado.es\/nuevaweb\/wp-json\/wp\/v2\/types\/post"}],"author":[{"embeddable":true,"href":"https:\/\/juzbado.es\/nuevaweb\/wp-json\/wp\/v2\/users\/2"}],"replies":[{"embeddable":true,"href":"https:\/\/juzbado.es\/nuevaweb\/wp-json\/wp\/v2\/comments?post=168"}],"version-history":[{"count":0,"href":"https:\/\/juzbado.es\/nuevaweb\/wp-json\/wp\/v2\/posts\/168\/revisions"}],"wp:attachment":[{"href":"https:\/\/juzbado.es\/nuevaweb\/wp-json\/wp\/v2\/media?parent=168"}],"wp:term":[{"taxonomy":"category","embeddable":true,"href":"https:\/\/juzbado.es\/nuevaweb\/wp-json\/wp\/v2\/categories?post=168"},{"taxonomy":"post_tag","embeddable":true,"href":"https:\/\/juzbado.es\/nuevaweb\/wp-json\/wp\/v2\/tags?post=168"}],"curies":[{"name":"wp","href":"https:\/\/api.w.org\/{rel}","templated":true}]}}