{"id":169,"date":"2022-12-09T13:19:00","date_gmt":"2022-12-09T12:19:00","guid":{"rendered":"http:\/\/juzbado.es\/nuevaweb\/2022\/12\/09\/taller-de-decoracion-navidena-con-elementos-naturales\/"},"modified":"2022-12-09T13:19:00","modified_gmt":"2022-12-09T12:19:00","slug":"taller-de-decoracion-navidena-con-elementos-naturales","status":"publish","type":"post","link":"https:\/\/juzbado.es\/nuevaweb\/2022\/12\/09\/taller-de-decoracion-navidena-con-elementos-naturales\/","title":{"rendered":"TALLER DE DECORACI\u00d3N NAVIDE\u00d1A CON ELEMENTOS NATURALES"},"content":{"rendered":"<p style=\"text-align: justify;\"><span style=\"font-family: arial; font-size: small;\">El pasado s\u00e1bado 3 de diciembre se celebr\u00f3 en la <a href=\"https:\/\/juzbado.blogspot.com\/p\/biblioteca.html\" target=\"_blank\">biblioteca municipal<\/a> de Juzbado un taller de decoraci\u00f3n navide\u00f1a con elementos naturales y sostenibles. La idea es compartir conocimientos sobre c\u00f3mo reducir nuestra huella de residuos y materiales durante las navidades, utilizando aquellos elementos m\u00e1s disponibles y locales que proceden directamente de la naturaleza (pi\u00f1as, hojas, ramas, etc&#8230;)&nbsp; Para ello contamos con la experiencia y el buen hacer de Ana Carlos, periodista ambiental y que est\u00e1 al frente del perfil de&nbsp; <a href=\"https:\/\/www.instagram.com\/deficitdenaturaleza\/?hl=es\" target=\"_blank\">D\u00e9ficit de naturaleza<\/a>.<\/span> <\/p>\n<\/p>\n<div style=\"clear: both; text-align: center;\"><a href=\"https:\/\/blogger.googleusercontent.com\/img\/b\/R29vZ2xl\/AVvXsEj6VvE8tfH7CHCwkjpQtwOv0i3l-QgcKsI3ItsJiSr5Ertpc8YGK9qrTRg1OmWpAzLXnY0EV7EOV9yaLHCX1TqUr9TyllJpCC2Q8UL5QFhNJoYw5r7QGN8cTyShS_HbYms7NcEJcUhh8L5S8Hca32LnMMM1BPrFWmN8whfv2Z02MwURIv1fz44GT8lC\/s2480\/TALLER%20ELEMENTOS%20NATURALES%20JUZBADO.jpg\" style=\"margin-left: 1em; margin-right: 1em;\"><img loading=\"lazy\" decoding=\"async\" alt=\"Juzbado, biblioteca municipal, taller\" border=\"0\" data-original-height=\"2480\" data-original-width=\"2480\" height=\"400\" src=\"https:\/\/blogger.googleusercontent.com\/img\/b\/R29vZ2xl\/AVvXsEj6VvE8tfH7CHCwkjpQtwOv0i3l-QgcKsI3ItsJiSr5Ertpc8YGK9qrTRg1OmWpAzLXnY0EV7EOV9yaLHCX1TqUr9TyllJpCC2Q8UL5QFhNJoYw5r7QGN8cTyShS_HbYms7NcEJcUhh8L5S8Hca32LnMMM1BPrFWmN8whfv2Z02MwURIv1fz44GT8lC\/w400-h400\/TALLER%20ELEMENTOS%20NATURALES%20JUZBADO.jpg\" title=\"Juzbado, biblioteca municipal, taller\" width=\"400\" \/><\/a><\/div>\n<p><\/p>\n","protected":false},"excerpt":{"rendered":"<p>El pasado s\u00e1bado 3 de diciembre se celebr\u00f3 en la biblioteca municipal de Juzbado un taller de decoraci\u00f3n navide\u00f1a con elementos naturales y sostenibles. La idea es compartir conocimientos sobre c\u00f3mo reducir nuestra huella de residuos y materiales durante las navidades, utilizando aquellos elementos m\u00e1s disponibles y locales que proceden directamente de la naturaleza (pi\u00f1as, [&hellip;]<\/p>\n","protected":false},"author":2,"featured_media":0,"comment_status":"open","ping_status":"open","sticky":false,"template":"","format":"standard","meta":{"saved_in_kubio":false,"footnotes":""},"categories":[453,465,24,231,34,8],"tags":[],"class_list":["post-169","post","type-post","status-publish","format-standard","hentry","category-453","category-ana-carlos","category-biblioteca","category-biblioteca-municipal","category-diciembre","category-navidad"],"_links":{"self":[{"href":"https:\/\/juzbado.es\/nuevaweb\/wp-json\/wp\/v2\/posts\/169","targetHints":{"allow":["GET"]}}],"collection":[{"href":"https:\/\/juzbado.es\/nuevaweb\/wp-json\/wp\/v2\/posts"}],"about":[{"href":"https:\/\/juzbado.es\/nuevaweb\/wp-json\/wp\/v2\/types\/post"}],"author":[{"embeddable":true,"href":"https:\/\/juzbado.es\/nuevaweb\/wp-json\/wp\/v2\/users\/2"}],"replies":[{"embeddable":true,"href":"https:\/\/juzbado.es\/nuevaweb\/wp-json\/wp\/v2\/comments?post=169"}],"version-history":[{"count":0,"href":"https:\/\/juzbado.es\/nuevaweb\/wp-json\/wp\/v2\/posts\/169\/revisions"}],"wp:attachment":[{"href":"https:\/\/juzbado.es\/nuevaweb\/wp-json\/wp\/v2\/media?parent=169"}],"wp:term":[{"taxonomy":"category","embeddable":true,"href":"https:\/\/juzbado.es\/nuevaweb\/wp-json\/wp\/v2\/categories?post=169"},{"taxonomy":"post_tag","embeddable":true,"href":"https:\/\/juzbado.es\/nuevaweb\/wp-json\/wp\/v2\/tags?post=169"}],"curies":[{"name":"wp","href":"https:\/\/api.w.org\/{rel}","templated":true}]}}