{"id":1705,"date":"2025-08-21T10:39:45","date_gmt":"2025-08-21T08:39:45","guid":{"rendered":"https:\/\/juzbado.es\/nuevaweb\/?p=1705"},"modified":"2025-08-21T10:48:35","modified_gmt":"2025-08-21T08:48:35","slug":"concierto-charro-gitano-al-aire-libre","status":"publish","type":"post","link":"https:\/\/juzbado.es\/nuevaweb\/2025\/08\/21\/concierto-charro-gitano-al-aire-libre\/","title":{"rendered":"CONCIERTO CHARRO-GITANO AL AIRE LIBRE"},"content":{"rendered":"\n<p>El 20\/08\/2025 celebramos un concierto en el recinto de las piscinas que junta dos tradiciones centenarias: el flamenco y el baile charro. De la mano del grupo &#8216;Charros y gitanos&#8217; tuvimos el placer de disfrutar de tambores, casta\u00f1uelas, flauta, guitarra, palmas, taconeo y voz, todo acompasado entre s\u00ed y con mucho arte repartido en varias canciones y bailes, flamencos y charros tradicionales, a lo largo de una actuaci\u00f3n magn\u00edfica, ataviados con el atuendo t\u00edpico de cada cultura. Rezumando arte, alegraron la noche a los presentes que disfrutaron de canciones como &#8216;<em>Esta noche ha llovido, ma\u00f1ana hay barro<\/em>&#8216; o &#8216;<em>El turururur\u00fa<\/em>&#8216; y acabaron arrancando del p\u00fablico aplausos, ovaciones de pie y un bis. Una noche de verano llena de alegr\u00eda y m\u00fasica.<\/p>\n","protected":false},"excerpt":{"rendered":"<p>El 20\/08\/2025 celebramos un concierto en el recinto de las piscinas que junta dos tradiciones centenarias: el flamenco y el baile charro. De la mano del grupo &#8216;Charros y gitanos&#8217; tuvimos el placer de disfrutar de tambores, casta\u00f1uelas, flauta, guitarra, palmas, taconeo y voz, todo acompasado entre s\u00ed y con mucho arte repartido en varias [&hellip;]<\/p>\n","protected":false},"author":1,"featured_media":1709,"comment_status":"open","ping_status":"open","sticky":false,"template":"","format":"standard","meta":{"saved_in_kubio":true,"footnotes":""},"categories":[22],"tags":[717,719,718,691,689],"class_list":["post-1705","post","type-post","status-publish","format-standard","has-post-thumbnail","hentry","category-22","tag-charros","tag-flamenco","tag-gitanos","tag-juzbado-2025","tag-verano"],"_links":{"self":[{"href":"https:\/\/juzbado.es\/nuevaweb\/wp-json\/wp\/v2\/posts\/1705","targetHints":{"allow":["GET"]}}],"collection":[{"href":"https:\/\/juzbado.es\/nuevaweb\/wp-json\/wp\/v2\/posts"}],"about":[{"href":"https:\/\/juzbado.es\/nuevaweb\/wp-json\/wp\/v2\/types\/post"}],"author":[{"embeddable":true,"href":"https:\/\/juzbado.es\/nuevaweb\/wp-json\/wp\/v2\/users\/1"}],"replies":[{"embeddable":true,"href":"https:\/\/juzbado.es\/nuevaweb\/wp-json\/wp\/v2\/comments?post=1705"}],"version-history":[{"count":4,"href":"https:\/\/juzbado.es\/nuevaweb\/wp-json\/wp\/v2\/posts\/1705\/revisions"}],"predecessor-version":[{"id":1713,"href":"https:\/\/juzbado.es\/nuevaweb\/wp-json\/wp\/v2\/posts\/1705\/revisions\/1713"}],"wp:featuredmedia":[{"embeddable":true,"href":"https:\/\/juzbado.es\/nuevaweb\/wp-json\/wp\/v2\/media\/1709"}],"wp:attachment":[{"href":"https:\/\/juzbado.es\/nuevaweb\/wp-json\/wp\/v2\/media?parent=1705"}],"wp:term":[{"taxonomy":"category","embeddable":true,"href":"https:\/\/juzbado.es\/nuevaweb\/wp-json\/wp\/v2\/categories?post=1705"},{"taxonomy":"post_tag","embeddable":true,"href":"https:\/\/juzbado.es\/nuevaweb\/wp-json\/wp\/v2\/tags?post=1705"}],"curies":[{"name":"wp","href":"https:\/\/api.w.org\/{rel}","templated":true}]}}