{"id":172,"date":"2022-11-26T19:09:00","date_gmt":"2022-11-26T18:09:00","guid":{"rendered":"http:\/\/juzbado.es\/nuevaweb\/2022\/11\/26\/las-mujeres-de-juzbado-contra-la-violencia-de-genero\/"},"modified":"2022-11-26T19:09:00","modified_gmt":"2022-11-26T18:09:00","slug":"las-mujeres-de-juzbado-contra-la-violencia-de-genero","status":"publish","type":"post","link":"https:\/\/juzbado.es\/nuevaweb\/2022\/11\/26\/las-mujeres-de-juzbado-contra-la-violencia-de-genero\/","title":{"rendered":"LAS MUJERES DE JUZBADO CONTRA LA VIOLENCIA DE G\u00c9NERO"},"content":{"rendered":"<p style=\"text-align: justify;\"><span style=\"font-size: medium;\"><span style=\"font-family: arial;\"><span style=\"line-height: 107%;\">La activa <a href=\"https:\/\/juzbado.blogspot.com\/p\/asociaciones.html\" target=\"_blank\">Asociaci\u00f3n de Mujeres<\/a> de Juzbado reuni\u00f3 a los vecinos y vecinas en torno a la conmemoraci\u00f3n<br \/>\ndel D\u00eda Internacional contra la Violencia de G\u00e9nero.<span>&nbsp; <\/span>A pesar de que el d\u00eda 25 fue el viernes y los<br \/>\nactos se centraron en la capital, la asociaci\u00f3n traslad\u00f3 al s\u00e1bado 26 la<br \/>\npropuesta participativa, concretamente, en el sal\u00f3n de actos del<br \/>\nAyuntamiento.<span>&nbsp; <\/span>All\u00ed, se celebr\u00f3 un<br \/>\nencuentro inspirado en un juego de mesa que se titul\u00f3 el \u201cJuego de la vida\u201d a<br \/>\ntrav\u00e9s del cu\u00e1l las personas que se sumaron a la cita, interaccionaron en torno<br \/>\na conceptos, mitos y creencias relacionados con la violencia de g\u00e9nero. <span>&nbsp;<\/span>La propuesta l\u00fadica la firma la <a href=\"https:\/\/infosenara.org\/\" target=\"_blank\">Cooperativa de Iniciativa Social Senara Aire<\/a>, con un amplio curriculum en acciones de<br \/>\nsensibilizaci\u00f3n y concienciaci\u00f3n, no solo en torno a temas concretos como el que<br \/>\nse abord\u00f3 en Juzbado, sino tambi\u00e9n en otros \u00e1mbitos del trabajo social, la<br \/>\ndinamizaci\u00f3n rural o el entretenimiento.&nbsp;<\/span><\/span><\/span><\/p>\n<p style=\"text-align: left;\"><span style=\"font-size: medium;\"><span style=\"font-family: arial;\"><span style=\"line-height: 107%;\"><\/span><\/span><\/span><\/p>\n<table align=\"center\" cellpadding=\"0\" cellspacing=\"0\" style=\"margin-left: auto; margin-right: auto;\">\n<tbody>\n<tr>\n<td style=\"text-align: center;\"><a href=\"https:\/\/blogger.googleusercontent.com\/img\/b\/R29vZ2xl\/AVvXsEhJFl5EBuAYP6n1J9A4HsAHIO7bikV8nePEFYlXiquLMviceQj4XsG3xilpQ31YBDNqT95D2DuIKEewfDe4sDHwq7KWIQ0Uvl6XM7iYmJpxG2H6pX5QGOk1C5tjduQ1qGLLUZSVbH_rwgR42OajmTWozxT9Gc0smLu9IroCZ65CQ_LVOsH4x5a3CTj0\/s1024\/asociaci%C3%B3n%20mujeres%2025n%20%20(3).jpg\" style=\"margin-left: auto; margin-right: auto;\"><img loading=\"lazy\" decoding=\"async\" border=\"0\" data-original-height=\"543\" data-original-width=\"1024\" height=\"340\" src=\"https:\/\/blogger.googleusercontent.com\/img\/b\/R29vZ2xl\/AVvXsEhJFl5EBuAYP6n1J9A4HsAHIO7bikV8nePEFYlXiquLMviceQj4XsG3xilpQ31YBDNqT95D2DuIKEewfDe4sDHwq7KWIQ0Uvl6XM7iYmJpxG2H6pX5QGOk1C5tjduQ1qGLLUZSVbH_rwgR42OajmTWozxT9Gc0smLu9IroCZ65CQ_LVOsH4x5a3CTj0\/w640-h340\/asociaci%C3%B3n%20mujeres%2025n%20%20(3).jpg\" width=\"640\" \/><\/a><\/td>\n<\/tr>\n<tr>\n<td style=\"text-align: center;\">Lectura del manifiesto a cargo de Sonia Andr\u00e9s (Foto: Asociaci\u00f3n Mujeres)<\/td>\n<\/tr>\n<\/tbody>\n<\/table>\n<p><span style=\"font-size: medium;\"><span style=\"font-family: arial;\"><span style=\"line-height: 107%;\"><br \/><\/span><\/span><\/span><\/p>\n<p style=\"text-align: justify;\"><span style=\"font-size: medium;\"><span style=\"font-family: arial;\"><span style=\"line-height: 107%;\">La nueva<br \/>\ndirectiva se estrena con esta efem\u00e9rides, record\u00e1ndonos la necesidad de apoyar<br \/>\nconmemoraciones tan relevantes como la citada.<span>&nbsp;<br \/>\n<\/span>En una de las fases del juego de sensibilizaci\u00f3n, Sonia Andr\u00e9s, tesorera<br \/>\nde la asociaci\u00f3n, ley\u00f3 el <a href=\"https:\/\/drive.google.com\/file\/d\/1oiOB1h1SfLN1-nlr5Ibm7Cklw1xAg_g4\/view?usp=sharing\" target=\"_blank\">manifiesto<\/a> de este a\u00f1o haciendo hincapi\u00e9 en que \u201cla<br \/>\nviolencia contra las mujeres es una de las m\u00e1s degradantes violaciones de los<br \/>\nDerechos Humanos. No respeta fronteras, culturas o niveles econ\u00f3micos\u201d.<span>&nbsp; <\/span>Tambi\u00e9n, Sonia reflexion\u00f3 en torno al \u201cTrabajo<br \/>\nque tenemos que hacer codo con codo, para que podamos contar con instrumentos<br \/>\nde prevenci\u00f3n y educaci\u00f3n, en la lucha contra toda violencia de g\u00e9nero.\u201d<span>&nbsp; <\/span>La tarde del s\u00e1bado estuvo aderezada con un<br \/>\nriqu\u00edsimo caf\u00e9 con pastas que degustaron todos los asistentes, incluidos<br \/>\nAlfonso y Roc\u00edo, integrantes de <a href=\"https:\/\/infosenara.org\/\" target=\"_blank\">Senara Aire<\/a> y encargados de dinamizar la propuesta<br \/>\nparticipativa en el sal\u00f3n de actos.<\/span><\/span><\/span><\/p>\n<p style=\"text-align: justify;\"><span style=\"font-size: medium;\"><span style=\"font-family: arial;\"><\/span><\/span><\/p>\n<table align=\"center\" cellpadding=\"0\" cellspacing=\"0\" style=\"margin-left: auto; margin-right: auto;\">\n<tbody>\n<tr>\n<td style=\"text-align: center;\"><a href=\"https:\/\/blogger.googleusercontent.com\/img\/b\/R29vZ2xl\/AVvXsEixFnx9q66ywqgXgHli7glHd4cLGdRne3l4vw8eJhLhGB0SeB_3XqB7WR8maqAmfLsK7XxYwKGIk9DoeIEKgjtcEAsWmsqkfVw_KntD5f1oF367XmWKXD3zqWJfKHfUC0Mq0GsYA12W_5Sbj10YiQaW7XhyQ1YpX_DGoIc-u55JeMwMk2kULB4wlOTz\/s2016\/asociaci%C3%B3n%20de%20mujeres%2025N%20(4).jpeg\" style=\"margin-left: auto; margin-right: auto;\"><img loading=\"lazy\" decoding=\"async\" border=\"0\" data-original-height=\"908\" data-original-width=\"2016\" height=\"288\" src=\"https:\/\/blogger.googleusercontent.com\/img\/b\/R29vZ2xl\/AVvXsEixFnx9q66ywqgXgHli7glHd4cLGdRne3l4vw8eJhLhGB0SeB_3XqB7WR8maqAmfLsK7XxYwKGIk9DoeIEKgjtcEAsWmsqkfVw_KntD5f1oF367XmWKXD3zqWJfKHfUC0Mq0GsYA12W_5Sbj10YiQaW7XhyQ1YpX_DGoIc-u55JeMwMk2kULB4wlOTz\/w640-h288\/asociaci%C3%B3n%20de%20mujeres%2025N%20(4).jpeg\" width=\"640\" \/><\/a><\/td>\n<\/tr>\n<tr>\n<td style=\"text-align: center;\">Presentaci\u00f3n del Jueego de la Vida por parte de alfonso y Roc\u00edo de Senana Aire.<\/td>\n<\/tr>\n<\/tbody>\n<\/table>\n<p><span style=\"font-size: medium;\"><span style=\"font-family: arial;\"><span style=\"line-height: 107%;\">Desde aqu\u00ed queremos recordar que en pocos d\u00edas la Asociaci\u00f3n viajar\u00e1 a Madrid<br \/>\npara disfrutar de un espect\u00e1culo, as\u00ed como diferentes iniciativas en las que la<br \/>\ndecana asociaci\u00f3n juzbadina viene participando junto a la Asociaci\u00f3n de Mayores<br \/>\no el mismo Ayuntamiento.<\/span><\/span><\/span><\/p>\n<p style=\"text-align: justify;\"><span style=\"font-size: medium;\"><span style=\"font-family: arial;\"><span style=\"line-height: 107%;\"><\/span><\/span><\/span><\/p>\n<table align=\"center\" cellpadding=\"0\" cellspacing=\"0\" style=\"margin-left: auto; margin-right: auto;\">\n<tbody>\n<tr>\n<td style=\"text-align: center;\"><a href=\"https:\/\/blogger.googleusercontent.com\/img\/b\/R29vZ2xl\/AVvXsEjL0Jjf5ycRROV1-LjuHK_dEXZW48wrCH8wT-cvELbjcW2kR7tlQrY--EYF0dgKrBQaq5g5bbvKJhrO3dWrVq5XlmqkNDZO6VVVewl7jv8DO0u5m351Mw1_hpFGG9zSMJ221BlzP69BE4TW1_glmR1UQuHbeyw0DiCwjIxb50NE-ozw6XZyF-Zl_JpX\/s1600\/asociaci%C3%B3n%20de%20mujeres%2025N%20(1).jpeg\" style=\"margin-left: auto; margin-right: auto;\"><img loading=\"lazy\" decoding=\"async\" border=\"0\" data-original-height=\"720\" data-original-width=\"1600\" height=\"288\" src=\"https:\/\/blogger.googleusercontent.com\/img\/b\/R29vZ2xl\/AVvXsEjL0Jjf5ycRROV1-LjuHK_dEXZW48wrCH8wT-cvELbjcW2kR7tlQrY--EYF0dgKrBQaq5g5bbvKJhrO3dWrVq5XlmqkNDZO6VVVewl7jv8DO0u5m351Mw1_hpFGG9zSMJ221BlzP69BE4TW1_glmR1UQuHbeyw0DiCwjIxb50NE-ozw6XZyF-Zl_JpX\/w640-h288\/asociaci%C3%B3n%20de%20mujeres%2025N%20(1).jpeg\" width=\"640\" \/><\/a><\/td>\n<\/tr>\n<tr>\n<td style=\"text-align: center;\">Momentos porevios al comienzo de la programaci\u00f3n<\/td>\n<\/tr>\n<\/tbody>\n<\/table>\n<p><span style=\"font-size: medium;\"><span style=\"font-family: arial;\"><span style=\"line-height: 107%;\">Esta propuesta<br \/>\nest\u00e1 financiada por la <a href=\"https:\/\/www.google.com\/url?sa=t&amp;rct=j&amp;q=&amp;esrc=s&amp;source=web&amp;cd=&amp;cad=rja&amp;uact=8&amp;ved=2ahUKEwj-246Rgtn7AhVYTKQEHT-7DoMQFnoECBcQAQ&amp;url=http%3A%2F%2Fwww.lasalina.es%2F&amp;usg=AOvVaw1ypSU1fLvX7BRQDCkxLjge\" target=\"_blank\">Diputaci\u00f3n de Salamanca<\/a> que, a trav\u00e9s del <a href=\"http:\/\/www.lasalina.es\/Aplicaciones\/GestorInter.jsp?prestacion=Cipublico&amp;funcion=MuestraInformacionCeas0&amp;codCeas=6\" target=\"_blank\">CEAS de Ledesma<\/a>, con quienes tanto la Asociaci\u00f3n como el Ayuntamiento tienen s\u00f3lidos y estrechos cauces<br \/>\nde comunicaci\u00f3n y trabajo conjuntos, gestion\u00f3 y financi\u00f3 la contrataci\u00f3n.<\/span><\/span><\/span><\/p><\/p>\n","protected":false},"excerpt":{"rendered":"<p>La activa Asociaci\u00f3n de Mujeres de Juzbado reuni\u00f3 a los vecinos y vecinas en torno a la conmemoraci\u00f3n del D\u00eda Internacional contra la Violencia de G\u00e9nero.&nbsp; A pesar de que el d\u00eda 25 fue el viernes y los actos se centraron en la capital, la asociaci\u00f3n traslad\u00f3 al s\u00e1bado 26 la propuesta participativa, concretamente, en [&hellip;]<\/p>\n","protected":false},"author":2,"featured_media":0,"comment_status":"open","ping_status":"open","sticky":false,"template":"","format":"standard","meta":{"saved_in_kubio":false,"footnotes":""},"categories":[453,63,42,68,82,471],"tags":[],"class_list":["post-172","post","type-post","status-publish","format-standard","hentry","category-453","category-25n","category-asociacion-de-mujeres","category-dia-internacional-contra-la-violencia-de-genero","category-noviembre","category-sonia-andres"],"_links":{"self":[{"href":"https:\/\/juzbado.es\/nuevaweb\/wp-json\/wp\/v2\/posts\/172","targetHints":{"allow":["GET"]}}],"collection":[{"href":"https:\/\/juzbado.es\/nuevaweb\/wp-json\/wp\/v2\/posts"}],"about":[{"href":"https:\/\/juzbado.es\/nuevaweb\/wp-json\/wp\/v2\/types\/post"}],"author":[{"embeddable":true,"href":"https:\/\/juzbado.es\/nuevaweb\/wp-json\/wp\/v2\/users\/2"}],"replies":[{"embeddable":true,"href":"https:\/\/juzbado.es\/nuevaweb\/wp-json\/wp\/v2\/comments?post=172"}],"version-history":[{"count":0,"href":"https:\/\/juzbado.es\/nuevaweb\/wp-json\/wp\/v2\/posts\/172\/revisions"}],"wp:attachment":[{"href":"https:\/\/juzbado.es\/nuevaweb\/wp-json\/wp\/v2\/media?parent=172"}],"wp:term":[{"taxonomy":"category","embeddable":true,"href":"https:\/\/juzbado.es\/nuevaweb\/wp-json\/wp\/v2\/categories?post=172"},{"taxonomy":"post_tag","embeddable":true,"href":"https:\/\/juzbado.es\/nuevaweb\/wp-json\/wp\/v2\/tags?post=172"}],"curies":[{"name":"wp","href":"https:\/\/api.w.org\/{rel}","templated":true}]}}