{"id":1722,"date":"2025-08-25T10:16:10","date_gmt":"2025-08-25T08:16:10","guid":{"rendered":"https:\/\/juzbado.es\/nuevaweb\/?p=1722"},"modified":"2025-08-27T12:12:49","modified_gmt":"2025-08-27T10:12:49","slug":"la-befana-teatro-lazaro-senora-de","status":"publish","type":"post","link":"https:\/\/juzbado.es\/nuevaweb\/2025\/08\/25\/la-befana-teatro-lazaro-senora-de\/","title":{"rendered":"LA BEFANA TEATRO <<L\u00e1zaro... se\u00f1ora de>>"},"content":{"rendered":"\n<p>Este s\u00e1bado 23 de agosto tuvimos el honor de disfrutar de la actuaci\u00f3n en directo de la compa\u00f1\u00eda <em>La Befana<\/em>, que nos deleit\u00f3 con una actuaci\u00f3n de teatro de \u00e9poca que vino acompa\u00f1ada de un equipo de realizaci\u00f3n impecable tanto en sonido como en montaje e iluminaci\u00f3n. La obra fue entretenida y magn\u00e9tica, donde la actriz principal comand\u00f3 el escenario como una verdadera estrella y sostuvo la atenta mirada de los asistentes de principio a fin, intercalando gui\u00f3n con arranques de espontaneidad que hac\u00edan sentir al p\u00fablico parte de la obra.<\/p>\n","protected":false},"excerpt":{"rendered":"<p>Este s\u00e1bado 23 de agosto tuvimos el honor de disfrutar de la actuaci\u00f3n en directo de la compa\u00f1\u00eda La Befana, que nos deleit\u00f3 con una actuaci\u00f3n de teatro de \u00e9poca que vino acompa\u00f1ada de un equipo de realizaci\u00f3n impecable tanto en sonido como en montaje e iluminaci\u00f3n. La obra fue entretenida y magn\u00e9tica, donde la [&hellip;]<\/p>\n","protected":false},"author":1,"featured_media":1725,"comment_status":"open","ping_status":"open","sticky":false,"template":"","format":"standard","meta":{"saved_in_kubio":true,"footnotes":""},"categories":[22],"tags":[704,725,677,726,724,689],"class_list":["post-1722","post","type-post","status-publish","format-standard","has-post-thumbnail","hentry","category-22","tag-704","tag-befana","tag-juzbado","tag-lazaro","tag-teatro","tag-verano"],"_links":{"self":[{"href":"https:\/\/juzbado.es\/nuevaweb\/wp-json\/wp\/v2\/posts\/1722","targetHints":{"allow":["GET"]}}],"collection":[{"href":"https:\/\/juzbado.es\/nuevaweb\/wp-json\/wp\/v2\/posts"}],"about":[{"href":"https:\/\/juzbado.es\/nuevaweb\/wp-json\/wp\/v2\/types\/post"}],"author":[{"embeddable":true,"href":"https:\/\/juzbado.es\/nuevaweb\/wp-json\/wp\/v2\/users\/1"}],"replies":[{"embeddable":true,"href":"https:\/\/juzbado.es\/nuevaweb\/wp-json\/wp\/v2\/comments?post=1722"}],"version-history":[{"count":3,"href":"https:\/\/juzbado.es\/nuevaweb\/wp-json\/wp\/v2\/posts\/1722\/revisions"}],"predecessor-version":[{"id":1758,"href":"https:\/\/juzbado.es\/nuevaweb\/wp-json\/wp\/v2\/posts\/1722\/revisions\/1758"}],"wp:featuredmedia":[{"embeddable":true,"href":"https:\/\/juzbado.es\/nuevaweb\/wp-json\/wp\/v2\/media\/1725"}],"wp:attachment":[{"href":"https:\/\/juzbado.es\/nuevaweb\/wp-json\/wp\/v2\/media?parent=1722"}],"wp:term":[{"taxonomy":"category","embeddable":true,"href":"https:\/\/juzbado.es\/nuevaweb\/wp-json\/wp\/v2\/categories?post=1722"},{"taxonomy":"post_tag","embeddable":true,"href":"https:\/\/juzbado.es\/nuevaweb\/wp-json\/wp\/v2\/tags?post=1722"}],"curies":[{"name":"wp","href":"https:\/\/api.w.org\/{rel}","templated":true}]}}