{"id":173,"date":"2022-11-26T13:28:00","date_gmt":"2022-11-26T12:28:00","guid":{"rendered":"http:\/\/juzbado.es\/nuevaweb\/2022\/11\/26\/valentin-cabero-dieguez-premio-eduardo-lourenco-2022\/"},"modified":"2022-11-26T13:28:00","modified_gmt":"2022-11-26T12:28:00","slug":"valentin-cabero-dieguez-premio-eduardo-lourenco-2022","status":"publish","type":"post","link":"https:\/\/juzbado.es\/nuevaweb\/2022\/11\/26\/valentin-cabero-dieguez-premio-eduardo-lourenco-2022\/","title":{"rendered":"\u00a0VALENT\u00cdN CABERO DI\u00c9GUEZ, PREMIO EDUARDO LOUREN\u00c7O 2022"},"content":{"rendered":"<p><span style=\"font-family: arial;\"><b>Valent\u00edn Cabero Di\u00e9guez se<br \/>\nalza con el Premio Eduardo Louren\u00e7o en su 18 edici\u00f3n.<span style=\"mso-spacerun: yes;\">&nbsp; <\/span>El premio, otorgado por el Centro de Estudios<br \/>\nIb\u00e9ricos (CEI) con sede en la ciudad portuguesa de Guarda, se destina a<br \/>\ngalardonar a personalidades e instituciones relevantes en el \u00e1mbito de la<br \/>\ncultura, la ciudadan\u00eda y la cooperaci\u00f3n ib\u00e9ricas.<\/b><\/span><span style=\"font-family: arial;\"><\/p>\n<p><\/span><\/p>\n<p style=\"text-align: justify;\"><span style=\"font-family: arial;\">El jurado ha reconocido los<br \/>\nm\u00e9ritos acad\u00e9micos y cient\u00edficos de Valent\u00edn Cabero, en particular su compromiso<br \/>\nc\u00edvico con los territorios m\u00e1s fr\u00e1giles y su contribuci\u00f3n a la cooperaci\u00f3n<br \/>\nib\u00e9rica.<span style=\"mso-spacerun: yes;\">&nbsp; <\/span>\u201cValent\u00edn Cabero, ge\u00f3grafo, catedr\u00e1tico<br \/>\njubilado de la Universidad de Salamanca, ha dedicado su trabajo a los lugares y<br \/>\na las personas, a los paisajes y a los valores patrimoniales y conoce con rigor<br \/>\nlos procesos de transformaci\u00f3n de los territorios m\u00e1s vulnerables de la<br \/>\nfrontera Hispano Lusa\u201d.<\/span><\/p>\n<p style=\"text-align: justify;\"><span style=\"font-family: arial;\"><\/span><\/p>\n<table align=\"center\" cellpadding=\"0\" cellspacing=\"0\" style=\"margin-left: auto; margin-right: auto;\">\n<tbody>\n<tr>\n<td style=\"text-align: center;\"><a href=\"https:\/\/blogger.googleusercontent.com\/img\/b\/R29vZ2xl\/AVvXsEikfDx8RTU9zZxpjbtgQrcHp7tPHG1MRDhmIpoqzc5WpOF5nzvA8WcTGWOzfh7BdTZrA4XTpdJGpvqi_boiJL_A5R92BAWPUB35d-k66_Uc6OoIeLsey5YzJSuW7x7gi5KsAKar4LKTFtVwuZfyk7XWtVA9pqiBMpEeumN5D1-riWDzR-_58wLw0Gu9\/s1884\/Valent%C3%ADn%20Cabero%20Premio%20Eduardo%20Louren%C3%A7o%202022.jpg\" style=\"margin-left: auto; margin-right: auto;\"><img loading=\"lazy\" decoding=\"async\" border=\"0\" data-original-height=\"1080\" data-original-width=\"1884\" height=\"366\" src=\"https:\/\/blogger.googleusercontent.com\/img\/b\/R29vZ2xl\/AVvXsEikfDx8RTU9zZxpjbtgQrcHp7tPHG1MRDhmIpoqzc5WpOF5nzvA8WcTGWOzfh7BdTZrA4XTpdJGpvqi_boiJL_A5R92BAWPUB35d-k66_Uc6OoIeLsey5YzJSuW7x7gi5KsAKar4LKTFtVwuZfyk7XWtVA9pqiBMpEeumN5D1-riWDzR-_58wLw0Gu9\/w640-h366\/Valent%C3%ADn%20Cabero%20Premio%20Eduardo%20Louren%C3%A7o%202022.jpg\" width=\"640\" \/><\/a><\/td>\n<\/tr>\n<tr>\n<td style=\"text-align: center;\">Valent\u00edn Cabero (izquierda) conversa con Federico Mayor Zaragoza, el Padre \u00c1ngel y Pedro Lamet . <a href=\"https:\/\/www.elnortedecastilla.es\/salamanca\/201605\/29\/ciudadania-solidaridad-juzbado-apuesta-20160529124543.html\" target=\"_blank\">Encuentros Ciudadan\u00eda y Solidaridad&nbsp; de Juzbado<\/a>, 2016.<\/td>\n<\/tr>\n<\/tbody>\n<\/table>\n<p><span style=\"font-family: arial;\">&nbsp;<span><\/span><\/span><\/p>\n<p><a name='more'><\/a><\/p>\n<p style=\"text-align: justify;\"><span style=\"font-family: arial;\">S\u00e9rgio Costa, presidente de la<br \/>\n<a href=\"https:\/\/www.mun-guarda.pt\/\" target=\"_blank\">C\u00e1mara Municipal de Guarda<\/a> y miembro del jurado anunci\u00f3 el fallo del premio<br \/>\ndestacando que Valent\u00edn Cabero, \u201cha dedicado toda su vida no solo a la academia,<br \/>\nsino tambi\u00e9n a los territorios de una <i>raia<\/i> que recorri\u00f3 tantas veces a<br \/>\nuno y otro lado, como por ejemplo durante los cursos de verano del <a href=\"https:\/\/www.cei.pt\/\" target=\"_blank\">CEI<\/a>. <span style=\"mso-spacerun: yes;\">&nbsp;<\/span>A\u00f1ade, \u201cestamos muy satisfechos con la<br \/>\ndecisi\u00f3n que fue tomada por unanimidad\u201d, destacando la creaci\u00f3n de las publicaciones<br \/>\nque, con el nombre de \u201cIberograf\u00edas\u201d, se vienen publicando ininterrumpidamente desde<br \/>\nhace m\u00e1s de dos d\u00e9cadas. <span style=\"mso-spacerun: yes;\">&nbsp;<\/span>Sus \u201cinvestigaciones<br \/>\ny direcci\u00f3n de proyectos cient\u00edficos, siempre desde una mirada interdisciplinar<br \/>\ny en colaboraci\u00f3n con otros pa\u00edses principalmente de Iberoam\u00e9rica, han contribuido<br \/>\nal desarrollo de regiones europeas despobladas como los territorios de Tras-os-Montes\/Zamora,<br \/>\nBeira Interior\/Salamanca-C\u00e1ceres o la Raia Centro Ib\u00e9rica, articulando proyectos<br \/>\nen zonas fronterizas desde la cooperaci\u00f3n de los pueblos de la frontera.\u201d<\/span><\/p>\n<p style=\"text-align: justify;\"><span style=\"font-family: arial;\"><\/span><\/p>\n<table align=\"center\" cellpadding=\"0\" cellspacing=\"0\" style=\"margin-left: auto; margin-right: auto;\">\n<tbody>\n<tr>\n<td style=\"text-align: center;\"><a href=\"https:\/\/blogger.googleusercontent.com\/img\/b\/R29vZ2xl\/AVvXsEic2kb9OZgWQAhgdlHgXCNTccXDNQ63hsAGzp2bO9GLwHBscGn_acxkVQvsdkgpHFivT7zbHs9F9P98A2DhZsAxo6YZNbw5XPkB4bdAXsV6CxHheOJZc47gVxJ0KSdCRwLVfjNo0RDPGMFN1FihrxxlnYc88Sl_SszmBoVT_tka0A0QrFHSWIA6V3v-\/s2480\/JUZBADO%20AMIGOS%20DEL%20CENTRO%20BOT%C3%81NICO.jpg\" style=\"margin-left: auto; margin-right: auto;\"><img loading=\"lazy\" decoding=\"async\" border=\"0\" data-original-height=\"895\" data-original-width=\"2480\" height=\"230\" src=\"https:\/\/blogger.googleusercontent.com\/img\/b\/R29vZ2xl\/AVvXsEic2kb9OZgWQAhgdlHgXCNTccXDNQ63hsAGzp2bO9GLwHBscGn_acxkVQvsdkgpHFivT7zbHs9F9P98A2DhZsAxo6YZNbw5XPkB4bdAXsV6CxHheOJZc47gVxJ0KSdCRwLVfjNo0RDPGMFN1FihrxxlnYc88Sl_SszmBoVT_tka0A0QrFHSWIA6V3v-\/w640-h230\/JUZBADO%20AMIGOS%20DEL%20CENTRO%20BOT%C3%81NICO.jpg\" width=\"640\" \/><\/a><\/td>\n<\/tr>\n<tr>\n<td style=\"text-align: center;\">Valent\u00edn Cabero, (tercero por la izq.) con vecinos y amigos de Juzbado en el sal\u00f3n de actos de Juzbado.<\/td>\n<\/tr>\n<\/tbody>\n<\/table>\n<p><span style=\"font-family: arial;\"><br \/>&nbsp;Seg\u00fan Fernando Paulouro Neves,<br \/>\nValent\u00edn Cabero \u201ces un ge\u00f3grafo que ha convertido el rumor del mundo en una<br \/>\ngran pasi\u00f3n, eligiendo la geograf\u00eda (tambi\u00e9n) como un fen\u00f3meno sentimental y de<br \/>\nafectos, combinando lo local y lo global en una densa encrucijada humana y<br \/>\ncultural, invit\u00e1ndonos al descubrimiento de la particularidad para percibir la<br \/>\ncondici\u00f3n humana desde su complejidad.\u201d<span style=\"mso-spacerun: yes;\">&nbsp;&nbsp;<\/span><\/span><\/p>\n<p style=\"text-align: justify;\"><span style=\"font-family: arial;\"><span style=\"mso-spacerun: yes;\"><\/span><\/span><\/p>\n<table align=\"center\" cellpadding=\"0\" cellspacing=\"0\" style=\"margin-left: auto; margin-right: auto;\">\n<tbody>\n<tr>\n<td style=\"text-align: center;\"><a href=\"https:\/\/blogger.googleusercontent.com\/img\/b\/R29vZ2xl\/AVvXsEgIxPDzjnvFikgppHW1svugeJ_YQwg943SEOZxAWfWc4hLris4e88uNNsfiRqhEeWJrZ_H2FRPYUO2TIIw6vntiun3gup4cAafXzzUkBya-h9DO7j1xUMLCgyIeagDm_7-iXm3sHi3af83-Jt7f4jwfbKJiRT52KwM_QKK_PikwvoBMsTF6PVkeZ8If\/s950\/Valent%C3%ADn%20Cabero%20presentando%20los%20primeros%20avances%20del%20Centor%20Bot%C3%A1nico%20en%20Juzbado.jpg\" style=\"margin-left: auto; margin-right: auto;\"><img loading=\"lazy\" decoding=\"async\" border=\"0\" data-original-height=\"633\" data-original-width=\"950\" height=\"426\" src=\"https:\/\/blogger.googleusercontent.com\/img\/b\/R29vZ2xl\/AVvXsEgIxPDzjnvFikgppHW1svugeJ_YQwg943SEOZxAWfWc4hLris4e88uNNsfiRqhEeWJrZ_H2FRPYUO2TIIw6vntiun3gup4cAafXzzUkBya-h9DO7j1xUMLCgyIeagDm_7-iXm3sHi3af83-Jt7f4jwfbKJiRT52KwM_QKK_PikwvoBMsTF6PVkeZ8If\/w640-h426\/Valent%C3%ADn%20Cabero%20presentando%20los%20primeros%20avances%20del%20Centor%20Bot%C3%A1nico%20en%20Juzbado.jpg\" width=\"640\" \/><\/a><\/td>\n<\/tr>\n<tr>\n<td style=\"text-align: center;\">Valent\u00edn Cabero (en el centro) durante un <a href=\"https:\/\/salamancartvaldia.es\/noticia\/2018-06-23-respaldo-unanime-para-que-el-centro-botanico-de-juzbado-sea-una-realidad-97832?picture-1\" target=\"_blank\">acto de presentaci\u00f3n<\/a> del Centro Bot\u00e1nico de Juzbado (2018)<\/td>\n<\/tr>\n<\/tbody>\n<\/table>\n<p><span style=\"font-family: arial;\"><span style=\"mso-spacerun: yes;\"><br \/><\/span>Valent\u00edn Cabero, nacido en Laguna<br \/>\nDalga, municipio del p\u00e1ramo leon\u00e9s, ha desarrollado su labor acad\u00e9mica en las<br \/>\nuniversidades de Le\u00f3n, C\u00e1ceres y, principalmente, en Salamanca.<span style=\"mso-spacerun: yes;\">&nbsp; <\/span>Ha publicado y dirigido cientos de trabajos y<br \/>\nlibros, algunos de los cu\u00e1les -sobre todo en lo referente a los bordes<br \/>\nmonta\u00f1osos de la Cabrera, en la monta\u00f1a leonesa- los firm\u00f3 junto a su compa\u00f1era<br \/>\nrecientemente fallecida, Mar\u00eda Teresa del R\u00edo L\u00f3pez.<span style=\"mso-spacerun: yes;\">&nbsp; <\/span>La candidatura de Valent\u00edn Cabero ha sido<br \/>\nfruto de la iniciativa coordinada de tres municipios salmantinos: Juzbado, <a href=\"http:\/\/www.monleras.es\/\" target=\"_blank\">Monleras<\/a><br \/>\ny <a href=\"https:\/\/www.morille.es\/\" target=\"_blank\">Morille<\/a>, a los que se ha sumado un amplia representaci\u00f3n acad\u00e9mica, cultural y<br \/>\nsocial de Espa\u00f1a y Portugal.&nbsp;<\/span><\/p>\n<p style=\"text-align: justify;\"><span style=\"font-family: arial;\"><\/span><\/p>\n<table align=\"center\" cellpadding=\"0\" cellspacing=\"0\" style=\"margin-left: auto; margin-right: auto;\">\n<tbody>\n<tr>\n<td style=\"text-align: center;\"><a href=\"https:\/\/blogger.googleusercontent.com\/img\/a\/AVvXsEh0dNchLA1XfGvghUe61BVqcCiGWnwltbIn8TxSdQBZo_r4Qj9AeFNI01R4lryUk1zqqqKzygaWzUJ9HkJwy-iSci_6TuGK8q7GtLHlu_x1O3JOXuA0nv7rKzBHLZJfzZpwS43XAv_nQXpNHJRZ4udlD-W28Aj4NISMZORkfJYMY0lcLWDxLkwwxQ7z\" style=\"margin-left: auto; margin-right: auto;\"><img loading=\"lazy\" decoding=\"async\" alt=\"\" data-original-height=\"1080\" data-original-width=\"1620\" height=\"426\" src=\"https:\/\/blogger.googleusercontent.com\/img\/a\/AVvXsEh0dNchLA1XfGvghUe61BVqcCiGWnwltbIn8TxSdQBZo_r4Qj9AeFNI01R4lryUk1zqqqKzygaWzUJ9HkJwy-iSci_6TuGK8q7GtLHlu_x1O3JOXuA0nv7rKzBHLZJfzZpwS43XAv_nQXpNHJRZ4udlD-W28Aj4NISMZORkfJYMY0lcLWDxLkwwxQ7z=w640-h426\" width=\"640\" \/><\/a><\/td>\n<\/tr>\n<tr>\n<td style=\"text-align: center;\">Valent\u00edn Cabero en las estribaciones del Monte Teleno (2.188 m.)<\/td>\n<\/tr>\n<\/tbody>\n<\/table>\n<div style=\"clear: both; text-align: center;\"><\/div>\n<p>&nbsp;<\/p>\n<p style=\"text-align: justify;\"><span style=\"font-family: arial;\">El jurado est\u00e1 formado por el<br \/>\npresidente da C\u00e1mara Municipal da Guarda, S\u00e9rgio Costa, los Vicerrectores de<br \/>\nlas <a href=\"https:\/\/www.uc.pt\/\" target=\"_blank\">u<\/a><a href=\"https:\/\/www.uc.pt\/\" target=\"_blank\">niversidades de Coimbra<\/a>, Delfim Le\u00e3o, y de Salamanca, Javier Benito<br \/>\nGonz\u00e1lez, miembros de las Comisiones cient\u00edficas y Ejecutiva del CEI (Ant\u00f3nio<br \/>\nPedro Pita y Manuel Santos Rosa de la Universidad de Coimbra y Pedro Serra y Mar\u00eda<br \/>\nIsabel Mart\u00edn Jim\u00e9nez de la <a href=\"https:\/\/www.usal.es\/\" target=\"_blank\">Universidad de Salamanca<\/a> y por las personalidades invitadas<br \/>\nAna Paula Arnaut y L\u00eddia Jorge (<a href=\"https:\/\/www.uc.pt\/\" target=\"_blank\">Universidad de Coimbra<\/a>) y Enrique Cabero Mor\u00e1n y<br \/>\nRaquel Dom\u00ednguez Fern\u00e1ndez (<a href=\"https:\/\/www.usal.es\/\" target=\"_blank\">Universidad de Salamanca<\/a>).<\/span><\/p>\n<p><span style=\"font-family: arial;\"><\/p>\n<p><\/span><\/p>\n<p style=\"text-align: justify;\"><span style=\"font-family: arial;\">El <a href=\"https:\/\/www.cei.pt\/\" target=\"_blank\">CEI<\/a> es una asociaci\u00f3n<br \/>\ntransfronteriza creada a partir de la propuesta del ensayista Eduardo Louren\u00e7o<br \/>\n(1923-2020) y est\u00e1 conformada por la C\u00e1mara Municipal da Guarda y las universidades<br \/>\nde Coimbra y de Salamanca y, m\u00e1s tarde, por el <a href=\"https:\/\/politecnicoguarda.pt\/\" target=\"_blank\">Instituto Polit\u00e9cnico da Guarda<\/a>.<\/span><\/p>\n<p><span style=\"font-family: arial;\"><\/p>\n<p><\/span><\/p>\n<p style=\"text-align: justify;\"><span style=\"font-family: arial;\">Han recibido el Premio Eduardo<br \/>\nLouren\u00e7o la profesora catedr\u00e1tica Mar\u00eda Helena da Rocha Pereira, el periodista<br \/>\nAgust\u00edn Remesal, la pianista Mar\u00eda Jo\u00e3o Pires, el poeta \u00c1ngel Campos P\u00e1mpano, el<br \/>\nprofesor catedr\u00e1tico de derecho penal Jorge Figueiredo Dias, los escritores<br \/>\nC\u00e9sar Ant\u00f3nio Molina, Mia Couto, Agustina Bessa Lu\u00eds, Lu\u00eds Sep\u00falveda y Basilio<br \/>\nLousada Castro, el te\u00f3logo Jos\u00e9 Mar\u00eda Mart\u00edn Patino, los profesores e<br \/>\ninvestigadores Jer\u00f3nimo Pizarro, Antonio S\u00e1ez Delgado, Carlos Reis y \u00c1ngel<br \/>\nMarcos de Dios, el periodista y escritor Fernando Paulouro das Neves y en 2021<br \/>\nla Fundaci\u00f3n Jos\u00e9 Saramago.<\/span><\/p>\n<p><span style=\"font-family: arial;\"><\/p>\n<p><\/span><\/p>\n<p style=\"text-align: justify;\"><span style=\"font-family: arial;\">&nbsp;<\/span><\/p>\n<p><span style=\"font-family: arial;\"><\/p>\n<p><\/span><\/p>\n<p style=\"text-align: justify;\"><span style=\"font-family: arial;\">&nbsp;<\/span><\/p><\/p>\n","protected":false},"excerpt":{"rendered":"<p>Valent\u00edn Cabero Di\u00e9guez se alza con el Premio Eduardo Louren\u00e7o en su 18 edici\u00f3n.&nbsp; El premio, otorgado por el Centro de Estudios Ib\u00e9ricos (CEI) con sede en la ciudad portuguesa de Guarda, se destina a galardonar a personalidades e instituciones relevantes en el \u00e1mbito de la cultura, la ciudadan\u00eda y la cooperaci\u00f3n ib\u00e9ricas. El jurado [&hellip;]<\/p>\n","protected":false},"author":2,"featured_media":0,"comment_status":"open","ping_status":"open","sticky":false,"template":"","format":"standard","meta":{"saved_in_kubio":false,"footnotes":""},"categories":[453,426,473,472,26],"tags":[],"class_list":["post-173","post","type-post","status-publish","format-standard","hentry","category-453","category-cei","category-noviembre-2022","category-permio-eduardo-lourenco","category-valentin-cabero"],"_links":{"self":[{"href":"https:\/\/juzbado.es\/nuevaweb\/wp-json\/wp\/v2\/posts\/173","targetHints":{"allow":["GET"]}}],"collection":[{"href":"https:\/\/juzbado.es\/nuevaweb\/wp-json\/wp\/v2\/posts"}],"about":[{"href":"https:\/\/juzbado.es\/nuevaweb\/wp-json\/wp\/v2\/types\/post"}],"author":[{"embeddable":true,"href":"https:\/\/juzbado.es\/nuevaweb\/wp-json\/wp\/v2\/users\/2"}],"replies":[{"embeddable":true,"href":"https:\/\/juzbado.es\/nuevaweb\/wp-json\/wp\/v2\/comments?post=173"}],"version-history":[{"count":0,"href":"https:\/\/juzbado.es\/nuevaweb\/wp-json\/wp\/v2\/posts\/173\/revisions"}],"wp:attachment":[{"href":"https:\/\/juzbado.es\/nuevaweb\/wp-json\/wp\/v2\/media?parent=173"}],"wp:term":[{"taxonomy":"category","embeddable":true,"href":"https:\/\/juzbado.es\/nuevaweb\/wp-json\/wp\/v2\/categories?post=173"},{"taxonomy":"post_tag","embeddable":true,"href":"https:\/\/juzbado.es\/nuevaweb\/wp-json\/wp\/v2\/tags?post=173"}],"curies":[{"name":"wp","href":"https:\/\/api.w.org\/{rel}","templated":true}]}}