{"id":1751,"date":"2025-08-27T11:52:18","date_gmt":"2025-08-27T09:52:18","guid":{"rendered":"https:\/\/juzbado.es\/nuevaweb\/?p=1751"},"modified":"2025-08-29T21:42:30","modified_gmt":"2025-08-29T19:42:30","slug":"juzbado-celebra-un-homenaje-a-antonio-gamoneda-en-compania-de-vecinos-amigos-y-un-elenco-de-poetas","status":"publish","type":"post","link":"https:\/\/juzbado.es\/nuevaweb\/2025\/08\/27\/juzbado-celebra-un-homenaje-a-antonio-gamoneda-en-compania-de-vecinos-amigos-y-un-elenco-de-poetas\/","title":{"rendered":"JUZBADO CELEBRA UN HOMENAJE A ANTONIO GAMONEDA EN COMPA\u00d1\u00cdA DE VECINOS, AMIGOS Y UN ELENCO DE POETAS."},"content":{"rendered":"\n<p>El pr\u00f3ximo 6 de septiembre, el municipio de Juzbado acoger\u00e1 un acto de homenaje al poeta Antonio Gamoneda, una de las voces imprescindibles de la literatura contempor\u00e1nea en lengua castellana. La cita se enmarca dentro de la programaci\u00f3n cultural \u201cLibro Abierto\u201d, con la que el pueblo lleva celebrando la poes\u00eda m\u00e1s de 17 a\u00f1os. El acto reunir\u00e1 a vecinos y amigos en torno a la figura de Gamoneda que ya visit\u00f3 el pueblo en el 2009, 2011 y 2025. Ahora, con sus 94 a\u00f1os, el pueblo de Juzbado y los amantes de la poes\u00eda le rinden un homenaje titulado Querido Gamoneda en compa\u00f1\u00eda de un destacado grupo de poetas. Son Juan Carlos Mestre, Jenaro Talens, Amalia Iglesias Serna, Alfonso Alegre Heitzmann, Julia Piera y Alexandra Dom\u00ednguez.<br>Este encuentro supone una oportunidad \u00fanica para acercarse a la obra y figura de Antonio Gamoneda, Premio Cervantes 2006, y para disfrutar del di\u00e1logo entre algunas de las voces m\u00e1s relevantes de la poes\u00eda actual en Espa\u00f1a. El pueblo de Juzbado aglutina en este momento m\u00e1s de medio centenar de placas con poemas troquelados en bronce que jalonan sus calles y plazas. En esta ocasi\u00f3n se descubrir\u00e1n 6 placas en lugares que desde el consistorio a\u00fan no desvelan.<\/p>\n\n\n\n<p>El evento contar\u00e1 con lecturas po\u00e9ticas, intervenciones de los autores invitados y un espacio de conversaci\u00f3n abierto con el p\u00fablico. Como de costumbre, el acto contar\u00e1 con la presencia de la Librer\u00eda Letras Corsarias con libros de los autores presentes en Juzbado.<br>Con este homenaje, Juzbado reafirma su vocaci\u00f3n cultural y su compromiso con la literatura como eje de encuentro colectivo y de la cultura en el mundo rural. El programa Libro Abierto se ha consolidado en los \u00faltimos a\u00f1os como un referente de la vida cultural en la provincia de Salamanca, gracias a su capacidad de reunir a escritores, artistas y lectores en torno al libro, la palabra y la creaci\u00f3n compartida.<br>El catorceavo libro abierto de Juzbado se celebrar\u00e1 el pr\u00f3ximo s\u00e1bado d\u00eda 6 de septiembre a partir de las 17:30 h. en la plaza de la iglesia. Desde el consistorio se insiste en que ser\u00e1 un acto po\u00e9tico muy completo y particularmente emocionante.<\/p>\n\n\n\n<figure class=\"wp-block-image size-large\"><img loading=\"lazy\" decoding=\"async\" width=\"1024\" height=\"1024\" src=\"https:\/\/juzbado.es\/nuevaweb\/wp-content\/uploads\/2025\/08\/ANTONIO-GAMONEDA-2025-CARTEL-CUADRADO-1024x1024.jpg\" alt=\"\" class=\"wp-image-1791\" srcset=\"https:\/\/juzbado.es\/nuevaweb\/wp-content\/uploads\/2025\/08\/ANTONIO-GAMONEDA-2025-CARTEL-CUADRADO-1024x1024.jpg 1024w, https:\/\/juzbado.es\/nuevaweb\/wp-content\/uploads\/2025\/08\/ANTONIO-GAMONEDA-2025-CARTEL-CUADRADO-300x300.jpg 300w, https:\/\/juzbado.es\/nuevaweb\/wp-content\/uploads\/2025\/08\/ANTONIO-GAMONEDA-2025-CARTEL-CUADRADO-150x150.jpg 150w, https:\/\/juzbado.es\/nuevaweb\/wp-content\/uploads\/2025\/08\/ANTONIO-GAMONEDA-2025-CARTEL-CUADRADO-768x768.jpg 768w, https:\/\/juzbado.es\/nuevaweb\/wp-content\/uploads\/2025\/08\/ANTONIO-GAMONEDA-2025-CARTEL-CUADRADO-1536x1536.jpg 1536w, https:\/\/juzbado.es\/nuevaweb\/wp-content\/uploads\/2025\/08\/ANTONIO-GAMONEDA-2025-CARTEL-CUADRADO-2048x2048.jpg 2048w, https:\/\/juzbado.es\/nuevaweb\/wp-content\/uploads\/2025\/08\/ANTONIO-GAMONEDA-2025-CARTEL-CUADRADO-1080x1080.jpg 1080w\" sizes=\"(max-width: 1024px) 100vw, 1024px\" \/><\/figure>\n","protected":false},"excerpt":{"rendered":"<p>El pr\u00f3ximo 6 de septiembre, el municipio de Juzbado acoger\u00e1 un acto de homenaje al poeta Antonio Gamoneda, una de las voces imprescindibles de la literatura contempor\u00e1nea en lengua castellana. La cita se enmarca dentro de la programaci\u00f3n cultural \u201cLibro Abierto\u201d, con la que el pueblo lleva celebrando la poes\u00eda m\u00e1s de 17 a\u00f1os. El [&hellip;]<\/p>\n","protected":false},"author":1,"featured_media":1791,"comment_status":"open","ping_status":"open","sticky":false,"template":"","format":"standard","meta":{"saved_in_kubio":true,"footnotes":""},"categories":[22],"tags":[737,740,735],"class_list":["post-1751","post","type-post","status-publish","format-standard","has-post-thumbnail","hentry","category-22","tag-libro-abierto","tag-paseo-poetico","tag-poesia"],"_links":{"self":[{"href":"https:\/\/juzbado.es\/nuevaweb\/wp-json\/wp\/v2\/posts\/1751","targetHints":{"allow":["GET"]}}],"collection":[{"href":"https:\/\/juzbado.es\/nuevaweb\/wp-json\/wp\/v2\/posts"}],"about":[{"href":"https:\/\/juzbado.es\/nuevaweb\/wp-json\/wp\/v2\/types\/post"}],"author":[{"embeddable":true,"href":"https:\/\/juzbado.es\/nuevaweb\/wp-json\/wp\/v2\/users\/1"}],"replies":[{"embeddable":true,"href":"https:\/\/juzbado.es\/nuevaweb\/wp-json\/wp\/v2\/comments?post=1751"}],"version-history":[{"count":3,"href":"https:\/\/juzbado.es\/nuevaweb\/wp-json\/wp\/v2\/posts\/1751\/revisions"}],"predecessor-version":[{"id":1793,"href":"https:\/\/juzbado.es\/nuevaweb\/wp-json\/wp\/v2\/posts\/1751\/revisions\/1793"}],"wp:featuredmedia":[{"embeddable":true,"href":"https:\/\/juzbado.es\/nuevaweb\/wp-json\/wp\/v2\/media\/1791"}],"wp:attachment":[{"href":"https:\/\/juzbado.es\/nuevaweb\/wp-json\/wp\/v2\/media?parent=1751"}],"wp:term":[{"taxonomy":"category","embeddable":true,"href":"https:\/\/juzbado.es\/nuevaweb\/wp-json\/wp\/v2\/categories?post=1751"},{"taxonomy":"post_tag","embeddable":true,"href":"https:\/\/juzbado.es\/nuevaweb\/wp-json\/wp\/v2\/tags?post=1751"}],"curies":[{"name":"wp","href":"https:\/\/api.w.org\/{rel}","templated":true}]}}