{"id":178,"date":"2022-11-14T16:48:00","date_gmt":"2022-11-14T15:48:00","guid":{"rendered":"http:\/\/juzbado.es\/nuevaweb\/2022\/11\/14\/taller-de-libros-en-la-biblioteca\/"},"modified":"2022-11-14T16:48:00","modified_gmt":"2022-11-14T15:48:00","slug":"taller-de-libros-en-la-biblioteca","status":"publish","type":"post","link":"https:\/\/juzbado.es\/nuevaweb\/2022\/11\/14\/taller-de-libros-en-la-biblioteca\/","title":{"rendered":"TALLER DE LIBROS EN LA BIBLIOTECA"},"content":{"rendered":"<p style=\"text-align: justify;\"><span style=\"font-family: arial;\"><span style=\"font-size: medium;\">Con motivo del programa cultural de oto\u00f1o 2022 y las<br \/>\npropuestas que regularmente ofrece la <a href=\"https:\/\/juzbado.blogspot.com\/p\/biblioteca.html\" target=\"_blank\">Biblioteca municipal de Juzbado<\/a> a los<br \/>\njuzbadinos, el pasado s\u00e1bado 12 de noviembre se celebr\u00f3 un nuevo taller en torno<br \/>\na los libros.<span>&nbsp; <\/span>En esta ocasi\u00f3n se trat\u00f3 de<br \/>\npresentar libros blancos a la veintena de participantes que nos acompa\u00f1aron para<br \/>\nque decoraran con diferentes materiales y formatos.<span>&nbsp; <\/span>El proceso creativo result\u00f3 en un sinf\u00edn de<br \/>\npropuestas art\u00edsticas cuyo soporte han sido libros descatalogados, repetidos o da\u00f1ados.<span>&nbsp; <\/span>&nbsp;<\/span><\/span><\/p>\n<p style=\"text-align: left;\"><span style=\"font-family: arial;\"><span style=\"font-size: medium;\"><\/span><\/span><\/p>\n<div style=\"clear: both; text-align: center;\"><span style=\"font-size: medium;\"><a href=\"https:\/\/blogger.googleusercontent.com\/img\/b\/R29vZ2xl\/AVvXsEguzJv9PiyDdwnPuavlL2m03lCvTnzeNS0d4uEE3q3b5SPlx-cuihfRfo0JpKIg5semfiGaDQ5zB-ZA2Go4Q_Z-XG7kPp7g8VgTt3K5v5RaAz9GJx8wq_VTRcT1iwI7SaVqv13jtAvZp8KTRWYXRm3e7heKphJgcw9tnkQ0DvVt0DrgBfyP937-tECe\/s4032\/taller%20biblioteca%20oto%C3%B1o%202022%20web%20(15).jpeg\" style=\"margin-left: 1em; margin-right: 1em;\"><img loading=\"lazy\" decoding=\"async\" border=\"0\" data-original-height=\"1816\" data-original-width=\"4032\" height=\"288\" src=\"https:\/\/blogger.googleusercontent.com\/img\/b\/R29vZ2xl\/AVvXsEguzJv9PiyDdwnPuavlL2m03lCvTnzeNS0d4uEE3q3b5SPlx-cuihfRfo0JpKIg5semfiGaDQ5zB-ZA2Go4Q_Z-XG7kPp7g8VgTt3K5v5RaAz9GJx8wq_VTRcT1iwI7SaVqv13jtAvZp8KTRWYXRm3e7heKphJgcw9tnkQ0DvVt0DrgBfyP937-tECe\/w640-h288\/taller%20biblioteca%20oto%C3%B1o%202022%20web%20(15).jpeg\" width=\"640\" \/><\/a><\/span><\/div>\n<\/p>\n<p style=\"text-align: justify;\"><span style=\"font-family: arial;\"><span style=\"font-size: medium;\"><span><\/span><\/span><\/span><\/p>\n<p><a name='more'><\/a><span style=\"font-family: arial;\"><span style=\"font-size: medium;\">Seg\u00fan Mar\u00eda Ballesteros, coordinadora de la<br \/>\nbiblioteca, Grado en Informaci\u00f3n y&nbsp; documentaci\u00f3n en la USAL, \u201cuna<br \/>\nbiblioteca rural como la de Juzbado debe encontrar herramientas complementarias<br \/>\nal pr\u00e9stamo para llevar la lectura m\u00e1s all\u00e1\u00bb. <br \/><\/span><\/span><\/p>\n<p style=\"text-align: left;\"><span style=\"font-family: arial;\"><span style=\"font-size: medium;\"><\/span><\/span><\/p>\n<div style=\"clear: both; text-align: center;\"><span style=\"font-size: medium;\"><a href=\"https:\/\/blogger.googleusercontent.com\/img\/b\/R29vZ2xl\/AVvXsEi2Y9_SlqWxzVu4d5VYoUnW0WuCDg-Bvdjkt77pf83qMXif7jWozkMv2-nY60Hhis06OYQsiepA0FflfAN35fBlJKmbnJe4n1aaXAH9v94HXbd50PfRV3dgaPhPTR_ytMwpMarioKEE75SQ0Cc-lc7rEsHpEq9nXutNz7RvRHzgR_yLd22ClUq8m2m-\/s4032\/taller%20biblioteca%20oto%C3%B1o%202022%20web%20(9).jpeg\" style=\"margin-left: 1em; margin-right: 1em;\"><img loading=\"lazy\" decoding=\"async\" border=\"0\" data-original-height=\"1816\" data-original-width=\"4032\" height=\"288\" src=\"https:\/\/blogger.googleusercontent.com\/img\/b\/R29vZ2xl\/AVvXsEi2Y9_SlqWxzVu4d5VYoUnW0WuCDg-Bvdjkt77pf83qMXif7jWozkMv2-nY60Hhis06OYQsiepA0FflfAN35fBlJKmbnJe4n1aaXAH9v94HXbd50PfRV3dgaPhPTR_ytMwpMarioKEE75SQ0Cc-lc7rEsHpEq9nXutNz7RvRHzgR_yLd22ClUq8m2m-\/w640-h288\/taller%20biblioteca%20oto%C3%B1o%202022%20web%20(9).jpeg\" width=\"640\" \/><\/a><\/span><\/div>\n<p><span style=\"font-family: arial;\"><span style=\"font-size: medium;\"> <\/span><\/span><span style=\"font-family: arial;\"><span style=\"font-size: medium;\"><br \/><\/span><\/span><\/p>\n<p style=\"text-align: justify;\"><span style=\"font-family: arial;\"><span style=\"font-size: medium;\">La <a href=\"https:\/\/juzbado.blogspot.com\/p\/biblioteca.html\" target=\"_blank\">Biblioteca de Juzbado<\/a> realiz\u00f3 una primera propuesta hace<br \/>\nunos d\u00edas con un taller de marcap\u00e1ginas y viene desarrollando desde hace meses<br \/>\nun nutrido n\u00famero de eventos y procesos participativos de fomento de la lectura<br \/>\ny convocatorias vecinales.<span>&nbsp; <\/span>De hecho, el<br \/>\nhorario de apertura de la biblioteca incluye no solo las ma\u00f1anas de los lunes a<br \/>\nviernes, sino que tambi\u00e9n est\u00e1 abierta los lunes por la tarde y los s\u00e1bados por<br \/>\nla ma\u00f1ana. <\/span><\/span><span style=\"font-family: arial;\"><span style=\"font-size: medium;\">Os mostramos algunas fotograf\u00edas del encuentro.<span><\/span><\/span><\/span><\/p>\n<p><!--more--><\/p>\n<p style=\"text-align: justify;\"><span style=\"font-family: arial;\"><span style=\"font-size: medium;\"><\/span><\/span><\/p>\n<div style=\"clear: both; text-align: center;\"><span style=\"font-size: medium;\"><a href=\"https:\/\/blogger.googleusercontent.com\/img\/b\/R29vZ2xl\/AVvXsEiPVUN_nK8i0C7Qh13xjM_CUhzqY-qHNOg9u7V_UbWLty1jW32-arOye_J1qk9XXVXBr6Ar8CurH4dL0TfZ68a4cWySjy_RhVvYCLCTZXLX_I3MOmf18d_TA2_moPAQm1ZsCqBHB5c2TbPBrg8zHkhfEtGctVFmnhzP7Wg3_Q4K15ulG8qbqzztkQT6\/s4032\/taller%20biblioteca%20oto%C3%B1o%202022%20web%20(8).jpeg\" style=\"margin-left: 1em; margin-right: 1em;\"><img loading=\"lazy\" decoding=\"async\" border=\"0\" data-original-height=\"1816\" data-original-width=\"4032\" height=\"288\" src=\"https:\/\/blogger.googleusercontent.com\/img\/b\/R29vZ2xl\/AVvXsEiPVUN_nK8i0C7Qh13xjM_CUhzqY-qHNOg9u7V_UbWLty1jW32-arOye_J1qk9XXVXBr6Ar8CurH4dL0TfZ68a4cWySjy_RhVvYCLCTZXLX_I3MOmf18d_TA2_moPAQm1ZsCqBHB5c2TbPBrg8zHkhfEtGctVFmnhzP7Wg3_Q4K15ulG8qbqzztkQT6\/w640-h288\/taller%20biblioteca%20oto%C3%B1o%202022%20web%20(8).jpeg\" width=\"640\" \/><\/a><\/span><\/div>\n<p><span style=\"font-size: medium;\"><\/p>\n<div style=\"clear: both; text-align: center;\"><a href=\"https:\/\/blogger.googleusercontent.com\/img\/b\/R29vZ2xl\/AVvXsEhk84Y4o7bVLDv86oqgbI6OUoexEiZ2px8SHSuv5pLd0PXspI0tZFP5UrVhnG_NlDKec8TXJCf1_qcnbFLcZHBiQkSMKIAkSBdcR-S4FZmvEq3fkBoovBHsyh-1JlUnSpWoDsVpXJw7mI9LRC6g1pd5677CVfzj0zFB-EjgcADBKmb0C07Q5wlZz8LQ\/s529\/biblioteca%20de%20juzbado.jpg\" style=\"margin-left: 1em; margin-right: 1em;\"><img loading=\"lazy\" decoding=\"async\" border=\"0\" data-original-height=\"529\" data-original-width=\"526\" height=\"640\" src=\"https:\/\/blogger.googleusercontent.com\/img\/b\/R29vZ2xl\/AVvXsEhk84Y4o7bVLDv86oqgbI6OUoexEiZ2px8SHSuv5pLd0PXspI0tZFP5UrVhnG_NlDKec8TXJCf1_qcnbFLcZHBiQkSMKIAkSBdcR-S4FZmvEq3fkBoovBHsyh-1JlUnSpWoDsVpXJw7mI9LRC6g1pd5677CVfzj0zFB-EjgcADBKmb0C07Q5wlZz8LQ\/w636-h640\/biblioteca%20de%20juzbado.jpg\" width=\"636\" \/><\/a><\/div>\n<p>&nbsp;<\/span><\/p>\n","protected":false},"excerpt":{"rendered":"<p>Con motivo del programa cultural de oto\u00f1o 2022 y las propuestas que regularmente ofrece la Biblioteca municipal de Juzbado a los juzbadinos, el pasado s\u00e1bado 12 de noviembre se celebr\u00f3 un nuevo taller en torno a los libros.&nbsp; En esta ocasi\u00f3n se trat\u00f3 de presentar libros blancos a la veintena de participantes que nos acompa\u00f1aron [&hellip;]<\/p>\n","protected":false},"author":2,"featured_media":0,"comment_status":"open","ping_status":"open","sticky":false,"template":"","format":"standard","meta":{"saved_in_kubio":false,"footnotes":""},"categories":[453,24,231,478,82,84,479],"tags":[],"class_list":["post-178","post","type-post","status-publish","format-standard","hentry","category-453","category-biblioteca","category-biblioteca-municipal","category-maria-ballesteros","category-noviembre","category-otono-cultural","category-taller"],"_links":{"self":[{"href":"https:\/\/juzbado.es\/nuevaweb\/wp-json\/wp\/v2\/posts\/178","targetHints":{"allow":["GET"]}}],"collection":[{"href":"https:\/\/juzbado.es\/nuevaweb\/wp-json\/wp\/v2\/posts"}],"about":[{"href":"https:\/\/juzbado.es\/nuevaweb\/wp-json\/wp\/v2\/types\/post"}],"author":[{"embeddable":true,"href":"https:\/\/juzbado.es\/nuevaweb\/wp-json\/wp\/v2\/users\/2"}],"replies":[{"embeddable":true,"href":"https:\/\/juzbado.es\/nuevaweb\/wp-json\/wp\/v2\/comments?post=178"}],"version-history":[{"count":0,"href":"https:\/\/juzbado.es\/nuevaweb\/wp-json\/wp\/v2\/posts\/178\/revisions"}],"wp:attachment":[{"href":"https:\/\/juzbado.es\/nuevaweb\/wp-json\/wp\/v2\/media?parent=178"}],"wp:term":[{"taxonomy":"category","embeddable":true,"href":"https:\/\/juzbado.es\/nuevaweb\/wp-json\/wp\/v2\/categories?post=178"},{"taxonomy":"post_tag","embeddable":true,"href":"https:\/\/juzbado.es\/nuevaweb\/wp-json\/wp\/v2\/tags?post=178"}],"curies":[{"name":"wp","href":"https:\/\/api.w.org\/{rel}","templated":true}]}}