{"id":179,"date":"2022-11-14T16:02:00","date_gmt":"2022-11-14T15:02:00","guid":{"rendered":"http:\/\/juzbado.es\/nuevaweb\/2022\/11\/14\/primera-jornada-micologica-juzbadina\/"},"modified":"2022-11-14T16:02:00","modified_gmt":"2022-11-14T15:02:00","slug":"primera-jornada-micologica-juzbadina","status":"publish","type":"post","link":"https:\/\/juzbado.es\/nuevaweb\/2022\/11\/14\/primera-jornada-micologica-juzbadina\/","title":{"rendered":"PRIMERA JORNADA MICOL\u00d3GICA JUZBADINA"},"content":{"rendered":"<div>\n<p style=\"text-align: justify;\"><span style=\"font-family: arial; font-size: medium;\"><span>El pasado d\u00eda 13 de noviembre de 2022 se celebr\u00f3 la primera<br \/>\njornada micol\u00f3gica del municipio de Juzbado.<span>&nbsp;<br \/>\n<\/span>La propuesta consisti\u00f3 en un paseo por los alrededores de Juzbado para buscar<br \/>\nsetas, una exposici\u00f3n de setas y una degustaci\u00f3n ofrecida por el Bar Restaurante<br \/>\nEl Toral.&nbsp;<\/span><\/span><\/p>\n<table align=\"center\" cellpadding=\"0\" cellspacing=\"0\" style=\"margin-left: auto; margin-right: auto;\">\n<tbody>\n<tr>\n<td style=\"text-align: center;\"><a href=\"https:\/\/blogger.googleusercontent.com\/img\/b\/R29vZ2xl\/AVvXsEiUNN5THjOvqCSl1s1ZZDDExeRVMy4e0LV1J2z7F8vEe2BXE9Av_TMbgAECMgBj8oGuQ3Sm0erjIr4unJTMpx3hcN35CAR8w7mUyR8Ye_v6KayJuQlgr2QisWychOH7_Jzn3YceXnMRNEnVKNYYDAhTb6bzo82z7FUlqBd9pr9vDomlDRKV76-uCpYI\/s4032\/jornada%20micol%C3%B3gica%202022%20setas%20juzbado%20(10).jpeg\" style=\"margin-left: auto; margin-right: auto;\"><img loading=\"lazy\" decoding=\"async\" border=\"0\" data-original-height=\"1816\" data-original-width=\"4032\" height=\"288\" src=\"https:\/\/blogger.googleusercontent.com\/img\/b\/R29vZ2xl\/AVvXsEiUNN5THjOvqCSl1s1ZZDDExeRVMy4e0LV1J2z7F8vEe2BXE9Av_TMbgAECMgBj8oGuQ3Sm0erjIr4unJTMpx3hcN35CAR8w7mUyR8Ye_v6KayJuQlgr2QisWychOH7_Jzn3YceXnMRNEnVKNYYDAhTb6bzo82z7FUlqBd9pr9vDomlDRKV76-uCpYI\/w640-h288\/jornada%20micol%C3%B3gica%202022%20setas%20juzbado%20(10).jpeg\" width=\"640\" \/><\/a><\/td>\n<\/tr>\n<tr>\n<td style=\"text-align: center;\">Los asistentes a la exposici\u00f3n de setas en el sal\u00f3n de actos.<\/td>\n<\/tr>\n<\/tbody>\n<\/table>\n<p style=\"text-align: justify;\"><span style=\"font-family: arial; font-size: medium;\"><span><span><\/span><\/span><\/span><\/p>\n<p><a name='more'><\/a><\/p>\n<p style=\"text-align: justify;\"><span style=\"font-family: arial;\"><span style=\"font-size: small;\"><\/span><\/span><\/p>\n<div style=\"clear: both; text-align: center;\"><span style=\"font-family: arial;\"><span style=\"font-size: small;\"><a href=\"https:\/\/blogger.googleusercontent.com\/img\/b\/R29vZ2xl\/AVvXsEjthxZJhFYueyM8g1KvSVp6r4lzU7trblBitA3A6CafP8IPMRf2Hm2H_vaIdIgDAS9OI_erQf_Fn859qVu_5h4Cv3eML9AgTzyRNKHQQnHyHf5WFzE8szEr5fv1zQDjP4DDzjKb-WkRWQqXK2AEArndGkGsolCBDLopAjiHG5zSpNBLjXp6G3ro0wa9\/s2480\/jornada%20micol%C3%B3gica%202022.jpg\" style=\"margin-left: 1em; margin-right: 1em;\"><img loading=\"lazy\" decoding=\"async\" border=\"0\" data-original-height=\"2480\" data-original-width=\"2480\" height=\"400\" src=\"https:\/\/blogger.googleusercontent.com\/img\/b\/R29vZ2xl\/AVvXsEjthxZJhFYueyM8g1KvSVp6r4lzU7trblBitA3A6CafP8IPMRf2Hm2H_vaIdIgDAS9OI_erQf_Fn859qVu_5h4Cv3eML9AgTzyRNKHQQnHyHf5WFzE8szEr5fv1zQDjP4DDzjKb-WkRWQqXK2AEArndGkGsolCBDLopAjiHG5zSpNBLjXp6G3ro0wa9\/w400-h400\/jornada%20micol%C3%B3gica%202022.jpg\" width=\"400\" \/><\/a><\/span><\/span><\/div>\n<div style=\"text-align: justify;\"><span style=\"font-family: arial; font-size: medium;\"><span>La ma\u00f1ana del domingo, luminosa y c\u00e1lida, arrop\u00f3 a las 43<br \/>\npersonas que salieron a caminar por el camino de Santa Luc\u00eda en direcci\u00f3n al <i>Monte<br \/>\nde Casasola<\/i> bajo las instrucciones de Juan Manuel Velasco, bi\u00f3logo, profesor<br \/>\ny vicepresidente de la <a href=\"https:\/\/micolazarillo.es\/\" target=\"_blank\">Asociaci\u00f3n Micol\u00f3gica Salmantina Lazarillo.<\/a><span>&nbsp; <\/span>Una vez all\u00ed, mayores y peque\u00f1os, unos de Juzbado<br \/>\ny otros participantes que se acercaron desde la capital, recorrieron los prados<br \/>\ny encinares tan bien conservados de esta parte oriental del municipio.<span>&nbsp; <\/span>La ruta estuvo marcada por la abundancia y<br \/>\nvariedad de setas, as\u00ed como por las numerosas paradas y entretenidas<br \/>\nexplicaciones del profesor a los asistentes.<\/span><\/span><\/div>\n<\/p>\n<p style=\"text-align: justify;\"><span style=\"font-family: arial;\"><span style=\"font-size: small;\"><\/span><\/span><\/p>\n<p><span style=\"font-family: arial;\"><span style=\"font-size: small;\"><\/p>\n<table align=\"center\" cellpadding=\"0\" cellspacing=\"0\" style=\"margin-left: auto; margin-right: auto;\">\n<tbody>\n<tr>\n<td style=\"text-align: center;\"><a href=\"https:\/\/blogger.googleusercontent.com\/img\/b\/R29vZ2xl\/AVvXsEiGoy-N4YFZf579Vl1I5LMwg4LgxYN0CDZlkKxJalGLAQ0M3_4OIuazVVLIGzFEShtN0onyzHCoozyrUGsskguIOz2GqamKPEX0BspwSpRXujaR-iW9FBspeGaK70a3TO4ajecj5EvSHcGNhntsli3j3bc2hmUqvuaPPY12F1k3iFarIpJa9jIEAmW6\/s4032\/jornada%20micol%C3%B3gica%202022%20setas%20juzbado%20web(28).jpeg\" style=\"margin-left: auto; margin-right: auto;\"><img loading=\"lazy\" decoding=\"async\" border=\"0\" data-original-height=\"1816\" data-original-width=\"4032\" height=\"288\" src=\"https:\/\/blogger.googleusercontent.com\/img\/b\/R29vZ2xl\/AVvXsEiGoy-N4YFZf579Vl1I5LMwg4LgxYN0CDZlkKxJalGLAQ0M3_4OIuazVVLIGzFEShtN0onyzHCoozyrUGsskguIOz2GqamKPEX0BspwSpRXujaR-iW9FBspeGaK70a3TO4ajecj5EvSHcGNhntsli3j3bc2hmUqvuaPPY12F1k3iFarIpJa9jIEAmW6\/w640-h288\/jornada%20micol%C3%B3gica%202022%20setas%20juzbado%20web(28).jpeg\" width=\"640\" \/><\/a><\/td>\n<\/tr>\n<tr>\n<td style=\"text-align: center;\">Etiquetas seg\u00fan especies <\/td>\n<\/tr>\n<\/tbody>\n<\/table>\n<p><\/p>\n<table align=\"center\" cellpadding=\"0\" cellspacing=\"0\" style=\"margin-left: auto; margin-right: auto;\">\n<tbody>\n<tr>\n<td style=\"text-align: center;\"><a href=\"https:\/\/blogger.googleusercontent.com\/img\/b\/R29vZ2xl\/AVvXsEhG9k37QU3XgRS8ReqJ9PvApnUuSQPGTKiD35MwIP8r316UE_rCUbqiGueKgiTLKyXPrOQch2Hvc6TbbJf951F0TuTO2-0-9_8TCYnyu7RA3Fgy4g4HU7XJlpS-gWdYSJFFiQJypxY7IWtumtm5pVHSMQEgULrCYQYRTOGgHPHe79Ugl9yPKbdmjRAl\/s3440\/jornada%20micol%C3%B3gica%202022%20setas%20juzbado%20web(17).jpeg\" style=\"margin-left: auto; margin-right: auto;\"><img loading=\"lazy\" decoding=\"async\" border=\"0\" data-original-height=\"1549\" data-original-width=\"3440\" height=\"288\" src=\"https:\/\/blogger.googleusercontent.com\/img\/b\/R29vZ2xl\/AVvXsEhG9k37QU3XgRS8ReqJ9PvApnUuSQPGTKiD35MwIP8r316UE_rCUbqiGueKgiTLKyXPrOQch2Hvc6TbbJf951F0TuTO2-0-9_8TCYnyu7RA3Fgy4g4HU7XJlpS-gWdYSJFFiQJypxY7IWtumtm5pVHSMQEgULrCYQYRTOGgHPHe79Ugl9yPKbdmjRAl\/w640-h288\/jornada%20micol%C3%B3gica%202022%20setas%20juzbado%20web(17).jpeg\" width=\"640\" \/><\/a><\/td>\n<\/tr>\n<tr>\n<td style=\"text-align: center;\">Degustaci\u00f3n de platos elaborados con setas propuesta por el Bar- Restaurante El Toral<\/td>\n<\/tr>\n<\/tbody>\n<\/table>\n<p><\/span><\/span><\/div>\n<div style=\"text-align: justify;\"><span style=\"font-family: arial;\"><span style=\"font-size: small;\"><span style=\"font-size: medium;\">Tras el paseo se seleccionaron un conjunto de 60 especies en<br \/>\nel sal\u00f3n de actos d\u00f3nde se presentaron clasificadas para que los asistentes y todos<br \/>\nlos que se acercaron expresamente pudieran conocerlas de cerca.<span>&nbsp; <\/span>\u201cLa amplia variedad de setas de nuestra provincia\u201d<br \/>\ncomo destac\u00f3 Velasco, \u201cno tiene nada que envidiar a la variedad de plantas\u201d.<span>&nbsp; <\/span>De hecho, el profesor destac\u00f3 la amplia y<br \/>\nvariada cantidad de especies de setas presentes no solo en nuestra provincia,<br \/>\nsino tambi\u00e9n en el conjunto de la comunidad, una regi\u00f3n que Velasco est\u00e1 en<br \/>\nestos momentos estudiando para cuantificar la variedad de setas presentes.<\/span><\/span><\/span><\/div>\n<\/p>\n<table align=\"center\" cellpadding=\"0\" cellspacing=\"0\" style=\"margin-left: auto; margin-right: auto;\">\n<tbody>\n<tr>\n<td style=\"text-align: center;\"><a href=\"https:\/\/blogger.googleusercontent.com\/img\/b\/R29vZ2xl\/AVvXsEhecy5Tz-03SUFsMVwr-lX7k0voL1tMXKQIVjNe9J8SXkIPwbPWHxp-LSkOgAJN_8ql3ddA-DzfDjUzlFietqYRRECuW-qOObfrcpi9So5yBmWsrrgJ5Azc5GmPVRnxjlq6LZnyR-Vt1B9BijA6USovnv4NWyghc6ORQj-1zOU5Ty6s60YBPzWajx5V\/s4032\/jornada%20micol%C3%B3gica%202022%20setas%20juzbado%20web(25).jpeg\" style=\"margin-left: auto; margin-right: auto;\"><img loading=\"lazy\" decoding=\"async\" border=\"0\" data-original-height=\"1816\" data-original-width=\"4032\" height=\"288\" src=\"https:\/\/blogger.googleusercontent.com\/img\/b\/R29vZ2xl\/AVvXsEhecy5Tz-03SUFsMVwr-lX7k0voL1tMXKQIVjNe9J8SXkIPwbPWHxp-LSkOgAJN_8ql3ddA-DzfDjUzlFietqYRRECuW-qOObfrcpi9So5yBmWsrrgJ5Azc5GmPVRnxjlq6LZnyR-Vt1B9BijA6USovnv4NWyghc6ORQj-1zOU5Ty6s60YBPzWajx5V\/w640-h288\/jornada%20micol%C3%B3gica%202022%20setas%20juzbado%20web(25).jpeg\" width=\"640\" \/><\/a><\/td>\n<\/tr>\n<tr>\n<td style=\"text-align: center;\"><span style=\"font-family: arial;\">Un grupo de participantes se detiene bajo una encina para charlar<\/span><\/td>\n<\/tr>\n<\/tbody>\n<\/table>\n<p style=\"text-align: center;\"><span style=\"font-family: arial;\"><span style=\"font-size: small;\"><\/span><\/span><span style=\"font-family: arial;\"><span style=\"font-size: small;\"> <\/span><\/span><\/p>\n<p><span style=\"font-family: arial;\"><span style=\"font-size: small;\"><\/p>\n<p><\/span><\/span><\/p>\n<p style=\"text-align: justify;\"><span style=\"font-family: arial; font-size: medium;\"><span>Tras el cierre de la puesta en com\u00fan de las setas recogidas<br \/>\npor unos y por otros, los participantes se acercaron a la carpa del <a href=\"https:\/\/www.facebook.com\/profile.php?id=100063403334429\" target=\"_blank\">Bar Restaurante El Toral<\/a>, donde Lourdes Garc\u00eda Pacheco, cocinera y propietaria de este conocido<br \/>\nlocal, propuso varias preparaciones con setas para degustar.<span>&nbsp; <\/span>Arroz, empanada, tortilla, revuelto y croquetas<br \/>\nfueron algunas de las propuestas culinarias que, a base de setas, comparti\u00f3 Lourdes<br \/>\ncon los vecinos y amigos de Juzbado.<\/span><\/span><\/p>\n<p><span style=\"font-family: arial; font-size: medium;\"><span><\/p>\n<p><\/span><\/span><\/p>\n<p style=\"text-align: justify;\"><span style=\"font-family: arial; font-size: medium;\"><span>Tras el \u00e9xito de participaci\u00f3n y apoyo vecinal a esta inici\u00e1tica<br \/>\njornada micol\u00f3gica, se prev\u00e9 se repita el pr\u00f3ximo a\u00f1o, tratando de encontrar de<br \/>\nnuevo una excusa para pasear juntos por el t\u00e9rmino municipal durante una ma\u00f1ana<br \/>\nde oto\u00f1o.<\/span><\/span><\/p><\/p>\n","protected":false},"excerpt":{"rendered":"<p>El pasado d\u00eda 13 de noviembre de 2022 se celebr\u00f3 la primera jornada micol\u00f3gica del municipio de Juzbado.&nbsp; La propuesta consisti\u00f3 en un paseo por los alrededores de Juzbado para buscar setas, una exposici\u00f3n de setas y una degustaci\u00f3n ofrecida por el Bar Restaurante El Toral.&nbsp; Los asistentes a la exposici\u00f3n de setas en el [&hellip;]<\/p>\n","protected":false},"author":2,"featured_media":0,"comment_status":"open","ping_status":"open","sticky":false,"template":"","format":"standard","meta":{"saved_in_kubio":false,"footnotes":""},"categories":[453,311,103,82,319,84,101],"tags":[],"class_list":["post-179","post","type-post","status-publish","format-standard","hentry","category-453","category-jornada-micologica","category-juan-manuel-velasco","category-noviembre","category-otono","category-otono-cultural","category-setas"],"_links":{"self":[{"href":"https:\/\/juzbado.es\/nuevaweb\/wp-json\/wp\/v2\/posts\/179","targetHints":{"allow":["GET"]}}],"collection":[{"href":"https:\/\/juzbado.es\/nuevaweb\/wp-json\/wp\/v2\/posts"}],"about":[{"href":"https:\/\/juzbado.es\/nuevaweb\/wp-json\/wp\/v2\/types\/post"}],"author":[{"embeddable":true,"href":"https:\/\/juzbado.es\/nuevaweb\/wp-json\/wp\/v2\/users\/2"}],"replies":[{"embeddable":true,"href":"https:\/\/juzbado.es\/nuevaweb\/wp-json\/wp\/v2\/comments?post=179"}],"version-history":[{"count":0,"href":"https:\/\/juzbado.es\/nuevaweb\/wp-json\/wp\/v2\/posts\/179\/revisions"}],"wp:attachment":[{"href":"https:\/\/juzbado.es\/nuevaweb\/wp-json\/wp\/v2\/media?parent=179"}],"wp:term":[{"taxonomy":"category","embeddable":true,"href":"https:\/\/juzbado.es\/nuevaweb\/wp-json\/wp\/v2\/categories?post=179"},{"taxonomy":"post_tag","embeddable":true,"href":"https:\/\/juzbado.es\/nuevaweb\/wp-json\/wp\/v2\/tags?post=179"}],"curies":[{"name":"wp","href":"https:\/\/api.w.org\/{rel}","templated":true}]}}