{"id":18,"date":"2024-12-04T13:27:00","date_gmt":"2024-12-04T12:27:00","guid":{"rendered":"http:\/\/juzbado.es\/nuevaweb\/2024\/12\/04\/alimentos-y-material-escolar-para-los-mas-necesitados\/"},"modified":"2025-01-17T13:30:38","modified_gmt":"2025-01-17T12:30:38","slug":"alimentos-y-material-escolar-para-los-mas-necesitados","status":"publish","type":"post","link":"https:\/\/juzbado.es\/nuevaweb\/2024\/12\/04\/alimentos-y-material-escolar-para-los-mas-necesitados\/","title":{"rendered":"ALIMENTOS Y MATERIAL ESCOLAR PARA LOS M\u00c1S NECESITADOS"},"content":{"rendered":"<p style=\"text-align: justify;\"><span style=\"font-family: arial; font-size: medium;\">La <a href=\"http:\/\/juzbado.es\/nuevaweb\/p\/asociaciones.html\" target=\"_blank\">Asociaci\u00f3n de Mayores de Juzbado<\/a> nos convoca un a\u00f1o m\u00e1s a la recogida de alimentos y material escolar para donar a la ONG <a href=\"https:\/\/www.accem.es\/\" target=\"_blank\">ACCEM<\/a>.&nbsp; La propuesta surge en el marco de las buenas relaciones de la asociaci\u00f3n y el pueblo de Juzbado con la organizaci\u00f3n no gubernamental a nivel estatal y que tiene una sede en Salamanca. Son <a href=\"http:\/\/juzbado.es\/nuevaweb\/search?q=accem&amp;max-results=20&amp;by-date=true\" target=\"_blank\">varias las acciones<\/a> que desde el pueblo de Juzbado hemos celebrado en coordinaci\u00f3n y cooperaci\u00f3n con ACCEM.&nbsp; La campa\u00f1a en marcha se inici\u00f3 el pasado jueves 28 y finalizar\u00e1 con la entrega a ACCEM el d\u00eda 8 de enero.&nbsp; Desde aqu\u00ed animamos a toda la vecindad a donar alimentos no perecederos y material escolar que ir\u00e1 directamente a las familias refugiadas en los pisos de acogida que <a href=\"https:\/\/www.accem.es\/\" target=\"_blank\">ACCEM<\/a> coordina en Salamanca.&nbsp; La recogida est\u00e1 situada en el zagu\u00e1n del ayuntamiento.<\/span><\/p>\n<p style=\"text-align: justify;\"><span style=\"font-family: arial; font-size: medium;\"><\/span><\/p>\n<div style=\"clear: both; text-align: center;\"><span style=\"font-family: arial; font-size: medium;\"><a href=\"http:\/\/juzbado.es\/nuevaweb\/wp-content\/uploads\/2024\/12\/cartel-20accem-20navidad-20donaciones-202024-20instagram.jpg\" style=\"margin-left: 1em; margin-right: 1em;\"><img loading=\"lazy\" decoding=\"async\" alt=\"Juzbado, accem, donaci\u00f3n, Asociaci\u00f3n de mayores, diciembre 2024\" border=\"0\" data-original-height=\"1240\" data-original-width=\"1240\" height=\"640\" src=\"http:\/\/juzbado.es\/nuevaweb\/wp-content\/uploads\/2024\/12\/cartel-20accem-20navidad-20donaciones-202024-20instagram-300x300.jpg\" title=\"Juzbado, accem, donaci\u00f3n, Asociaci\u00f3n de mayores, diciembre 2024\" width=\"640\" \/><\/a><\/span><\/div><\/p>\n","protected":false},"excerpt":{"rendered":"<p>La Asociaci\u00f3n de Mayores de Juzbado nos convoca un a\u00f1o m\u00e1s a la recogida de alimentos y material escolar para donar a la ONG ACCEM.&nbsp; La propuesta surge en el marco de las buenas relaciones de la asociaci\u00f3n y el pueblo de Juzbado con la organizaci\u00f3n no gubernamental a nivel estatal y que tiene una [&hellip;]<\/p>\n","protected":false},"author":2,"featured_media":851,"comment_status":"open","ping_status":"open","sticky":false,"template":"","format":"standard","meta":{"saved_in_kubio":false,"footnotes":""},"categories":[7,6,46,17,4,47],"tags":[],"class_list":["post-18","post","type-post","status-publish","format-standard","has-post-thumbnail","hentry","category-accem","category-asociacion-de-mayores","category-faustino-iglesias","category-fiestas-de-navidad","category-juzbado-acoge","category-juzbado-solidario"],"_links":{"self":[{"href":"https:\/\/juzbado.es\/nuevaweb\/wp-json\/wp\/v2\/posts\/18","targetHints":{"allow":["GET"]}}],"collection":[{"href":"https:\/\/juzbado.es\/nuevaweb\/wp-json\/wp\/v2\/posts"}],"about":[{"href":"https:\/\/juzbado.es\/nuevaweb\/wp-json\/wp\/v2\/types\/post"}],"author":[{"embeddable":true,"href":"https:\/\/juzbado.es\/nuevaweb\/wp-json\/wp\/v2\/users\/2"}],"replies":[{"embeddable":true,"href":"https:\/\/juzbado.es\/nuevaweb\/wp-json\/wp\/v2\/comments?post=18"}],"version-history":[{"count":3,"href":"https:\/\/juzbado.es\/nuevaweb\/wp-json\/wp\/v2\/posts\/18\/revisions"}],"predecessor-version":[{"id":947,"href":"https:\/\/juzbado.es\/nuevaweb\/wp-json\/wp\/v2\/posts\/18\/revisions\/947"}],"wp:featuredmedia":[{"embeddable":true,"href":"https:\/\/juzbado.es\/nuevaweb\/wp-json\/wp\/v2\/media\/851"}],"wp:attachment":[{"href":"https:\/\/juzbado.es\/nuevaweb\/wp-json\/wp\/v2\/media?parent=18"}],"wp:term":[{"taxonomy":"category","embeddable":true,"href":"https:\/\/juzbado.es\/nuevaweb\/wp-json\/wp\/v2\/categories?post=18"},{"taxonomy":"post_tag","embeddable":true,"href":"https:\/\/juzbado.es\/nuevaweb\/wp-json\/wp\/v2\/tags?post=18"}],"curies":[{"name":"wp","href":"https:\/\/api.w.org\/{rel}","templated":true}]}}