{"id":183,"date":"2022-10-26T19:36:00","date_gmt":"2022-10-26T17:36:00","guid":{"rendered":"http:\/\/juzbado.es\/nuevaweb\/2022\/10\/26\/arte-en-verano-2022\/"},"modified":"2022-10-26T19:36:00","modified_gmt":"2022-10-26T17:36:00","slug":"arte-en-verano-2022","status":"publish","type":"post","link":"https:\/\/juzbado.es\/nuevaweb\/2022\/10\/26\/arte-en-verano-2022\/","title":{"rendered":"ARTE EN VERANO 2022"},"content":{"rendered":"<\/p>\n<p style=\"text-align: justify;\"><span style=\"font-family: arial;\"><span style=\"font-size: medium;\">Desde hace m\u00e1s de una d\u00e9cada el Ayuntamiento de Juzbado<br \/>\nfinancia la celebraci\u00f3n de <a href=\"https:\/\/juzbado.blogspot.com\/2020\/07\/arte-con-las-alcantarillas-de-juzbado.html\" target=\"_blank\">Arte en Verano<\/a>. Este veterano programa participativo<br \/>\nde nuestro pueblo propici\u00f3 la creaci\u00f3n de la primera galer\u00eda urbana de arte y<br \/>\ncuyo soporte eran las papeleras.<span>&nbsp; <\/span>Con<br \/>\naquel <a href=\"https:\/\/juzbado.blogspot.com\/p\/galeria-rural.html\" target=\"_blank\">arte en las papeleras<\/a> se iniciaron otros trabajos en torno al mobiliario<br \/>\np\u00fablico, marquesinas, postes, bancos, vallas, etc\u2026<\/span><\/span><\/p>\n<p style=\"text-align: justify;\"><span style=\"font-family: arial;\"><span style=\"font-size: medium;\">&nbsp;<\/span><\/span><\/p>\n<div style=\"clear: both; text-align: center;\"><span style=\"font-size: medium;\"><a href=\"https:\/\/blogger.googleusercontent.com\/img\/b\/R29vZ2xl\/AVvXsEjeKwxo5t_XfBwp1HCi2JMqlL1tGNhytVvPdtGg2QeH30Y1P56Y43gEFlcg81M_L5Cu9-JmEDJVspYpPhBd6K1DvY4s59oS0kd3sfmfw6YrO4TFqUlOqEOT-vivLg_i8pQ0DZh3mcreVRQa7lqOsaEnqKe2CusmHPJIEEUKvVLRuBiZPdfdIVFY1dcl\/s1600\/WhatsApp%20Image%202022-07-26%20at%2012.43.31.jpeg\" style=\"margin-left: 1em; margin-right: 1em;\"><img loading=\"lazy\" decoding=\"async\" alt=\"Juzbado, arte en verano 2022\" border=\"0\" data-original-height=\"738\" data-original-width=\"1600\" height=\"296\" src=\"https:\/\/blogger.googleusercontent.com\/img\/b\/R29vZ2xl\/AVvXsEjeKwxo5t_XfBwp1HCi2JMqlL1tGNhytVvPdtGg2QeH30Y1P56Y43gEFlcg81M_L5Cu9-JmEDJVspYpPhBd6K1DvY4s59oS0kd3sfmfw6YrO4TFqUlOqEOT-vivLg_i8pQ0DZh3mcreVRQa7lqOsaEnqKe2CusmHPJIEEUKvVLRuBiZPdfdIVFY1dcl\/w640-h296\/WhatsApp%20Image%202022-07-26%20at%2012.43.31.jpeg\" title=\"Juzbado, arte en verano 2022\" width=\"640\" \/><\/a><\/span><\/div>\n<\/p>\n<p><span style=\"font-family: arial;\"><span style=\"font-size: medium;\"><\/p>\n<p><\/span><\/span><\/p>\n<p style=\"text-align: justify;\"><span style=\"font-family: arial;\"><span style=\"font-size: medium;\"><span><\/span><\/span><\/span><\/p>\n<p><a name='more'><\/a><span style=\"font-family: arial;\"><span style=\"font-size: medium;\">Este a\u00f1o, gracias a la implicaci\u00f3n de nuevos y m\u00e1s j\u00f3venes,<br \/>\nnos hemos atrevido no solo con el sufrido pavimento de la plaza de la plaza de la<br \/>\niglesia, sino tambi\u00e9n con nuevos formatos y elementos.<span>&nbsp; <\/span>Concretamente, durante los meses de julio y agosto<br \/>\nde 2022, se han pintado las tablillas que forman ya parte del <a href=\"https:\/\/juzbado.blogspot.com\/2022\/10\/un-nuevo-totem-gigante-para-no-perderse.html\" target=\"_blank\">t\u00f3tem gigante<\/a> en los<br \/>\nentornos del palo de la Valija.<span>&nbsp; <\/span>Tenemos<br \/>\nque agradecer la inspiraci\u00f3n de los participantes a la hora de elegir los<br \/>\nnombres que figuran pero tambi\u00e9n no nos podemos olvidar de \u00d3scar que nos<br \/>\nsuministr\u00f3 el poste de madera o tambi\u00e9n a Jorge, Omar y \u00c1ngel que han realizado<br \/>\ntodo el montaje final durante los \u00faltimos d\u00edas de octubre.<\/span><\/span><\/p>\n<p style=\"text-align: justify;\"><span style=\"font-family: arial;\"><span style=\"font-size: medium;\"><\/span><\/span><\/p>\n<div style=\"clear: both; text-align: center;\"><span style=\"font-size: medium;\"><a href=\"https:\/\/blogger.googleusercontent.com\/img\/b\/R29vZ2xl\/AVvXsEjQkubmYlSz9VNxb7R-o1xwrPCzmQMIggKyokYRBD2hvAVoNdczoRTqXBR02AgmfQzSKo6bG3vaTfJKd2GlkW8P-4DhqVumaJwEQGphc1KX0W7HJiqmg3n7Xw--MIPorqdKQox8edV_F_HYEvEp6AzJmklzJDcq1HTATJDud39otBVTVcEL4tA5y0jz\/s1992\/WhatsApp%20Image%202022-07-20%20at%2020.15.02.jpeg\" style=\"margin-left: 1em; margin-right: 1em;\"><img loading=\"lazy\" decoding=\"async\" alt=\"Juzbado, arte en verano 2022\" border=\"0\" data-original-height=\"920\" data-original-width=\"1992\" height=\"296\" src=\"https:\/\/blogger.googleusercontent.com\/img\/b\/R29vZ2xl\/AVvXsEjQkubmYlSz9VNxb7R-o1xwrPCzmQMIggKyokYRBD2hvAVoNdczoRTqXBR02AgmfQzSKo6bG3vaTfJKd2GlkW8P-4DhqVumaJwEQGphc1KX0W7HJiqmg3n7Xw--MIPorqdKQox8edV_F_HYEvEp6AzJmklzJDcq1HTATJDud39otBVTVcEL4tA5y0jz\/w640-h296\/WhatsApp%20Image%202022-07-20%20at%2020.15.02.jpeg\" title=\"Juzbado, arte en verano 2022\" width=\"640\" \/><\/a><\/span><\/div>\n<p><span style=\"font-size: medium;\">En el mismo escenario tambi\u00e9n se pintaron una veintena de<br \/>\nmacetas con el fin de aderezar espacios p\u00fablicos de Juzbado.<span>&nbsp; <\/span>En estos momentos estamos tratando de<br \/>\npreservarlos para repartirlos de cara a la primavera y embellecer nuestras<br \/>\ncalles y rincones de Juzbado durante la pr\u00f3xima primavera.<span>&nbsp; <\/span>Como sab\u00e9is, el programa este a\u00f1o finaliz\u00f3<br \/>\ncon una merienda en el parque y la entrega de dipplomas acreditativos de participaci\u00f3n. Desde aqu\u00ed agradecemos el entusiasmo de los<br \/>\npeque\u00f1os participantes, de sus familiares que siempre brindan apoyos y compa\u00f1\u00eda al<br \/>\nprograma y, por su puesto, a Montserrat Gonz\u00e1lez (autora de las fotograf\u00edas) que cada mi\u00e9rcoles y viernes acudi\u00f3<br \/>\na la cita de Arte en verano 2022.<\/span><\/p>\n<p style=\"text-align: justify;\"><span style=\"font-family: arial;\"><span style=\"font-size: medium;\"><a href=\"https:\/\/juzbado.blogspot.com\/2018\/08\/arte-en-verano-2018.html\" target=\"_blank\">ARTE EN VERANO 2018<\/a><\/span><\/span><\/p>\n<p style=\"text-align: justify;\"><span style=\"font-family: arial;\"><span style=\"font-size: medium;\"><a href=\"https:\/\/juzbado.blogspot.com\/2019\/07\/arte-en-verano-2019.html\" target=\"_blank\">ARTE EN VERANO 2019 <\/a><br \/><\/span><\/span><\/p>\n<p style=\"text-align: justify;\"><span style=\"font-family: arial;\"><span style=\"font-size: medium;\"><a href=\"https:\/\/juzbado.blogspot.com\/2021\/07\/arte-en-verano-2021.html\" target=\"_blank\">ARTE EN VERANO 2021&nbsp;<\/a> <br \/><\/span><\/span><\/p><\/p>\n","protected":false},"excerpt":{"rendered":"<p>Desde hace m\u00e1s de una d\u00e9cada el Ayuntamiento de Juzbado financia la celebraci\u00f3n de Arte en Verano. Este veterano programa participativo de nuestro pueblo propici\u00f3 la creaci\u00f3n de la primera galer\u00eda urbana de arte y cuyo soporte eran las papeleras.&nbsp; Con aquel arte en las papeleras se iniciaron otros trabajos en torno al mobiliario p\u00fablico, [&hellip;]<\/p>\n","protected":false},"author":2,"featured_media":0,"comment_status":"open","ping_status":"open","sticky":false,"template":"","format":"standard","meta":{"saved_in_kubio":false,"footnotes":""},"categories":[160,428,129,162,483,369],"tags":[],"class_list":["post-183","post","type-post","status-publish","format-standard","hentry","category-arte-en-verano","category-arte-en-verano-2022","category-cultura-en-verano","category-montserrat-gonzalez","category-verano-2022","category-verano-en-juzbado"],"_links":{"self":[{"href":"https:\/\/juzbado.es\/nuevaweb\/wp-json\/wp\/v2\/posts\/183","targetHints":{"allow":["GET"]}}],"collection":[{"href":"https:\/\/juzbado.es\/nuevaweb\/wp-json\/wp\/v2\/posts"}],"about":[{"href":"https:\/\/juzbado.es\/nuevaweb\/wp-json\/wp\/v2\/types\/post"}],"author":[{"embeddable":true,"href":"https:\/\/juzbado.es\/nuevaweb\/wp-json\/wp\/v2\/users\/2"}],"replies":[{"embeddable":true,"href":"https:\/\/juzbado.es\/nuevaweb\/wp-json\/wp\/v2\/comments?post=183"}],"version-history":[{"count":0,"href":"https:\/\/juzbado.es\/nuevaweb\/wp-json\/wp\/v2\/posts\/183\/revisions"}],"wp:attachment":[{"href":"https:\/\/juzbado.es\/nuevaweb\/wp-json\/wp\/v2\/media?parent=183"}],"wp:term":[{"taxonomy":"category","embeddable":true,"href":"https:\/\/juzbado.es\/nuevaweb\/wp-json\/wp\/v2\/categories?post=183"},{"taxonomy":"post_tag","embeddable":true,"href":"https:\/\/juzbado.es\/nuevaweb\/wp-json\/wp\/v2\/tags?post=183"}],"curies":[{"name":"wp","href":"https:\/\/api.w.org\/{rel}","templated":true}]}}